{"id":182530,"date":"2025-06-17T05:01:10","date_gmt":"2025-06-17T05:01:10","guid":{"rendered":"https:\/\/www.europesays.com\/fr\/182530\/"},"modified":"2025-06-17T05:01:10","modified_gmt":"2025-06-17T05:01:10","slug":"a-rennes-ce-rond-point-va-etre-amenage-pour-creer-une-piste-cyclable-et-reduire-la-vitesse-des-voitures","status":"publish","type":"post","link":"https:\/\/www.europesays.com\/fr\/182530\/","title":{"rendered":"\u00c0 Rennes, ce rond-point va \u00eatre am\u00e9nag\u00e9 pour cr\u00e9er une piste cyclable et r\u00e9duire la vitesse des voitures"},"content":{"rendered":"<p>            Par<br \/>\n        <strong><br \/>\n            <a href=\"https:\/\/actu.fr\/auteur\/clemence-pays02-actu-fr\" title=\"Consulter tous les articles de Cl\u00e9mence Pays\" target=\"_blank\" rel=\"noopener\">Cl\u00e9mence Pays<\/a><br \/>\n        <\/strong><\/p>\n<p>        Publi\u00e9 le<\/p>\n<p>            17 juin 2025 \u00e0 6h32        <\/p>\n<p>Depuis quelques jours,<strong> des travaux sont en cours<\/strong> \u00e0 l\u2019intersection entre le boulevard Oscar-Leroux, la rue Paul-Langevin, le boulevard L\u00e9on-Grimault et l\u2019avenue Andr\u00e9e-Viollis, \u00e0 la fronti\u00e8re entre les quartiers de La Pommeraie et du <a href=\"https:\/\/actu.fr\/tag\/le-blosne\" target=\"_blank\" rel=\"noopener\">Blosne<\/a>.<\/p>\n<p class=\" wall-content\">Rennes M\u00e9tropole a en effet annonc\u00e9 <strong>am\u00e9nager le rond-point<\/strong> existant \u00e0 cette intersection. Une op\u00e9ration qui devrait s\u2019\u00e9tendre jusqu\u2019au vendredi 25\u00a0juillet 2025 (date pr\u00e9visionnelle susceptible de changer selon les conditions m\u00e9t\u00e9orologiques).<\/p>\n<p>Plus de s\u00e9curit\u00e9 pour les pi\u00e9tons et v\u00e9los<\/p>\n<p class=\" wall-content\">Les travaux vont consister \u00e0\u2009:<\/p>\n<ul class=\" wall-content\">\n<li>s\u00e9curiser les travers\u00e9es pi\u00e9tonnes et cyclables en r\u00e9duisant la largeur de la chauss\u00e9e, afin de limiter les vitesses des v\u00e9hicules motoris\u00e9s\u2009;<\/li>\n<li>cr\u00e9er une <strong>piste cyclable unidirectionnelle,<\/strong> \u00e0 l\u2019ext\u00e9rieur du rond-point\u2009;<\/li>\n<li>r\u00e9nover le rev\u00eatement de la chauss\u00e9e\u2009;<\/li>\n<li>v\u00e9g\u00e9taliser l\u2019espace public (10 arbres vont \u00eatre plant\u00e9s) et d\u00e9simperm\u00e9abiliser les sols.<\/li>\n<\/ul>\n<p>Deux phases pr\u00e9vues<\/p>\n<p class=\" wall-content\">La premi\u00e8re phase a \u00e9t\u00e9 lanc\u00e9e mardi 10\u00a0juin et devrait courir<strong> jusqu\u2019au vendredi 27\u00a0juin.<\/strong> Elle concerne la partie nord du rond-point.<\/p>\n<p>Vid\u00e9os : en ce moment sur Actu<\/p>\n<p class=\" wall-content\">\u00ab\u2009La <strong>circulation sera interdite dans le sens est &gt;\u00a0ouest<\/strong> depuis le boulevard L\u00e9on-Grimault vers le boulevard Oscar-Leroux. La rue Paul-Langevin sera mise en impasse\u2009\u00bb, pr\u00e9vient la M\u00e9tropole.<\/p>\n<p class=\" wall-content\">Une <strong>d\u00e9viation<\/strong> sera mise en place par la rue Paul-Bouget, la rue Marc-Sangnier et la rue Adolphe-Leray.<\/p>\n<p class=\" wall-content\">La seconde phase aura lieu<strong> du lundi 30\u00a0juin au vendredi 25\u00a0juillet,<\/strong> sur la partie sud du carrefour giratoire.<\/p>\n<p class=\" wall-content\">\u00ab\u2009La <strong>circulation sera interdite dans le sens ouest &gt;\u00a0est<\/strong> depuis le boulevard Oscar-Leroux vers le boulevard L\u00e9on-Grimault. L\u2019avenue Andr\u00e9e Viollis sera mise en impasse.\u2009\u00bb<\/p>\n<p class=\" wall-content\">Une<strong> d\u00e9viation<\/strong> sera mise en place par la rue Albert-G\u00e9rard, le boulevard Louis-Volclair, le boulevard de Yougoslavie et la rue de Hongrie.<\/p>\n<p class=\" wall-content\">Suivez toute l\u2019actualit\u00e9 de vos villes et m\u00e9dias favoris en vous inscrivant \u00e0 <a href=\"https:\/\/moncompte.actu.fr\" title=\"D\u00e9couvez Mon Actu\" rel=\"nofollow noopener\" data-trk=\"{&quot;cta&quot;:{&quot;action&quot;:&quot;https:\\\/\\\/moncompte.actu.fr&quot;,&quot;category&quot;:&quot;mon compte&quot;,&quot;from&quot;:&quot;article footer&quot;,&quot;name&quot;:&quot;Mon actu&quot;,&quot;type&quot;:&quot;cta&quot;}}\" target=\"_blank\">Mon Actu<\/a>.<\/p>\n","protected":false},"excerpt":{"rendered":"Par Cl\u00e9mence Pays Publi\u00e9 le 17 juin 2025 \u00e0 6h32 Depuis quelques jours, des travaux sont en cours&hellip;\n","protected":false},"author":2,"featured_media":182531,"comment_status":"","ping_status":"","sticky":false,"template":"","format":"standard","meta":{"footnotes":""},"categories":[2821],"tags":[1111,11,829,1777,674,1011,27,7905,12,584,25,104,2086],"class_list":{"0":"post-182530","1":"post","2":"type-post","3":"status-publish","4":"format-standard","5":"has-post-thumbnail","7":"category-rennes","8":"tag-actu","9":"tag-actualites","10":"tag-bretagne","11":"tag-eu","12":"tag-europe","13":"tag-fr","14":"tag-france","15":"tag-le-blosne","16":"tag-news","17":"tag-rennes","18":"tag-republique-francaise","19":"tag-societe","20":"tag-travaux"},"share_on_mastodon":{"url":"https:\/\/pubeurope.com\/@fr\/114696951241693005","error":""},"_links":{"self":[{"href":"https:\/\/www.europesays.com\/fr\/wp-json\/wp\/v2\/posts\/182530","targetHints":{"allow":["GET"]}}],"collection":[{"href":"https:\/\/www.europesays.com\/fr\/wp-json\/wp\/v2\/posts"}],"about":[{"href":"https:\/\/www.europesays.com\/fr\/wp-json\/wp\/v2\/types\/post"}],"author":[{"embeddable":true,"href":"https:\/\/www.europesays.com\/fr\/wp-json\/wp\/v2\/users\/2"}],"replies":[{"embeddable":true,"href":"https:\/\/www.europesays.com\/fr\/wp-json\/wp\/v2\/comments?post=182530"}],"version-history":[{"count":0,"href":"https:\/\/www.europesays.com\/fr\/wp-json\/wp\/v2\/posts\/182530\/revisions"}],"wp:featuredmedia":[{"embeddable":true,"href":"https:\/\/www.europesays.com\/fr\/wp-json\/wp\/v2\/media\/182531"}],"wp:attachment":[{"href":"https:\/\/www.europesays.com\/fr\/wp-json\/wp\/v2\/media?parent=182530"}],"wp:term":[{"taxonomy":"category","embeddable":true,"href":"https:\/\/www.europesays.com\/fr\/wp-json\/wp\/v2\/categories?post=182530"},{"taxonomy":"post_tag","embeddable":true,"href":"https:\/\/www.europesays.com\/fr\/wp-json\/wp\/v2\/tags?post=182530"}],"curies":[{"name":"wp","href":"https:\/\/api.w.org\/{rel}","templated":true}]}}