{"id":182534,"date":"2025-06-17T05:03:10","date_gmt":"2025-06-17T05:03:10","guid":{"rendered":"https:\/\/www.europesays.com\/fr\/182534\/"},"modified":"2025-06-17T05:03:10","modified_gmt":"2025-06-17T05:03:10","slug":"une-photographe-expose-les-galeres-des-couples-binationaux","status":"publish","type":"post","link":"https:\/\/www.europesays.com\/fr\/182534\/","title":{"rendered":"une photographe expose les gal\u00e8res des couples binationaux"},"content":{"rendered":"<p>Le collectif des Amoureux au ban public (ABP) de Strasbourg essaye, comme chaque ann\u00e9e autour du Loving Day (voir encadr\u00e9) de visibiliser les difficult\u00e9s grandissantes des couples binationaux en France. Pour cette \u00e9dition 2025, l\u2019association nationale a pris l\u2019initiative d\u2019une commande \u00e0 la photographe parisienne Brigitte Sombi\u00e9.<\/p>\n<p>  De nombreux obstacles<\/p>\n<p>L\u2019artiste a choisi de montrer les personnes volontaires (parfois avec leur enfant) sous forme de portraits en couleur et dans un traitement tr\u00e8s dynamique illustrant le bonheur de la rencontre amoureuse. D\u2019o\u00f9 ces personnages en mouvement, tout sourire, d\u00e9tour\u00e9s, qui attirent l\u2019\u0153il sur l\u2019espace public.<\/p>\n<p>Un panneau explique la d\u00e9marche\u00a0: \u00e0 savoir l\u2019\u00e9tablissement d\u2019un parall\u00e8le entre le parcours administratif (et parfois judiciaire) des couples dont un des deux membres est issu d\u2019un pays extracommunautaire et la discipline sportive du parkour (acrobatie sur mobilier urbain).<\/p>\n<p>En proximit\u00e9 de chaque couple une petite pancarte d\u00e9crit les obstacles\u00a0: co\u00fbt des d\u00e9marches administratives, p\u00e9riodes de s\u00e9paration forc\u00e9e, refus de visa, les occasions de d\u00e9sesp\u00e9rer sont l\u00e9gion. \u00ab\u00a0L\u2019admission exceptionnelle au s\u00e9jour, par exemple, peut demander la constitution d\u2019un dossier d\u2019une cinquantaine de pi\u00e8ces\u00a0\u00bb, explique Sylvie Pelletier, membre <a href=\"https:\/\/www.dna.fr\/societe\/2022\/02\/11\/ces-couples-binationaux-qui-feteront-la-saint-valentin-separes\" target=\"_blank\" rel=\"noopener\">du collectif de Strasbourg<\/a> ainsi que du bureau national de l\u2019association de soutien aux Amoureux au ban public.<\/p>\n<p>Pour mieux comprendre l\u2019injustice faite \u00e0 ces couples, le collectif strasbourgeois a r\u00e9alis\u00e9 trois podcasts accessibles via un QRcode sur les sites de l\u2019exposition. Ces interviews retracent les cheminements de trois histoires d\u2019amour dans ce contexte de difficult\u00e9s binationales. Un petit quart d\u2019heure \u00e0 chaque fois pour partager un morceau de vie de ces t\u00e9moins tous \u00e9tablis dans le Grand Est.<\/p>\n<p>L\u2019exposition a fait \u00e9tape d\u00e9j\u00e0 place Broglie sur les grilles de l\u2019h\u00f4tel de ville. Elle est visible d\u00e8s ce mardi 17\u00a0juin \u00e0 la m\u00e9diath\u00e8que de la Meinau.<\/p>\n<p class=\"note\">L\u2019exposition Parkour d\u2019amour sera du 17 au 28\u00a0juin \u00e0 la Meinau, rue de Bourgogne, d\u2019abord dans les locaux de la m\u00e9diath\u00e8que du quartier, puis, du 25 au 28\u00a0juin, sur le parvis du centre socioculturel. Du 1er \u00a0au 10\u00a0juillet elle sera install\u00e9e sur les grilles du square Reuss au Neuhof. Les points d\u2019\u00e9coute des podcasts seront install\u00e9e dans la m\u00e9diath\u00e8que. <\/p>\n","protected":false},"excerpt":{"rendered":"Le collectif des Amoureux au ban public (ABP) de Strasbourg essaye, comme chaque ann\u00e9e autour du Loving Day&hellip;\n","protected":false},"author":2,"featured_media":182535,"comment_status":"","ping_status":"","sticky":false,"template":"","format":"standard","meta":{"footnotes":""},"categories":[2820],"tags":[1111,11,1687,2880,1777,674,2271,107,1011,27,775,1061,3035,12,25,104,640,2879],"class_list":{"0":"post-182534","1":"post","2":"type-post","3":"status-publish","4":"format-standard","5":"has-post-thumbnail","7":"category-strasbourg","8":"tag-actu","9":"tag-actualites","10":"tag-culture-loisirs","11":"tag-edition-strasbourg","12":"tag-eu","13":"tag-europe","14":"tag-exposition-arts-plastiques","15":"tag-fil-info","16":"tag-fr","17":"tag-france","18":"tag-grand-est","19":"tag-immigration","20":"tag-la-matinale-strasbourg","21":"tag-news","22":"tag-republique-francaise","23":"tag-societe","24":"tag-strasbourg","25":"tag-strasbourg-ville"},"share_on_mastodon":{"url":"https:\/\/pubeurope.com\/@fr\/114696959024482481","error":""},"_links":{"self":[{"href":"https:\/\/www.europesays.com\/fr\/wp-json\/wp\/v2\/posts\/182534","targetHints":{"allow":["GET"]}}],"collection":[{"href":"https:\/\/www.europesays.com\/fr\/wp-json\/wp\/v2\/posts"}],"about":[{"href":"https:\/\/www.europesays.com\/fr\/wp-json\/wp\/v2\/types\/post"}],"author":[{"embeddable":true,"href":"https:\/\/www.europesays.com\/fr\/wp-json\/wp\/v2\/users\/2"}],"replies":[{"embeddable":true,"href":"https:\/\/www.europesays.com\/fr\/wp-json\/wp\/v2\/comments?post=182534"}],"version-history":[{"count":0,"href":"https:\/\/www.europesays.com\/fr\/wp-json\/wp\/v2\/posts\/182534\/revisions"}],"wp:featuredmedia":[{"embeddable":true,"href":"https:\/\/www.europesays.com\/fr\/wp-json\/wp\/v2\/media\/182535"}],"wp:attachment":[{"href":"https:\/\/www.europesays.com\/fr\/wp-json\/wp\/v2\/media?parent=182534"}],"wp:term":[{"taxonomy":"category","embeddable":true,"href":"https:\/\/www.europesays.com\/fr\/wp-json\/wp\/v2\/categories?post=182534"},{"taxonomy":"post_tag","embeddable":true,"href":"https:\/\/www.europesays.com\/fr\/wp-json\/wp\/v2\/tags?post=182534"}],"curies":[{"name":"wp","href":"https:\/\/api.w.org\/{rel}","templated":true}]}}