{"id":182536,"date":"2025-06-17T05:04:17","date_gmt":"2025-06-17T05:04:17","guid":{"rendered":"https:\/\/www.europesays.com\/fr\/182536\/"},"modified":"2025-06-17T05:04:17","modified_gmt":"2025-06-17T05:04:17","slug":"marc-keller-je-ne-pense-pas-que-petrovic-revienne-a-strasbourg-alsasports","status":"publish","type":"post","link":"https:\/\/www.europesays.com\/fr\/182536\/","title":{"rendered":"Marc Keller : \u00ab\u00a0Je ne pense pas que Petrovic revienne \u00e0 Strasbourg\u00a0\u00bb \u2014 Alsa&rsquo;Sports"},"content":{"rendered":"<p><strong>Le Pr\u00e9sident du Racing Marc Keller a \u00e9t\u00e9 interrog\u00e9 dans l\u2019After Foot sur RMC sur l\u2019\u00e9ventuel retour au club du gardien Djordje Petrovic s\u2019il n\u2019\u00e9tait pas conserv\u00e9 par Chelsea. <\/strong><\/p>\n<p>C\u2019est l\u2019un des cas les plus discut\u00e9s de ce mercato estival. Celui de l\u2019un des meilleurs joueurs du Racing Club de Strasbourg cette saison, le gardien Djordje Petrovic. De retour de pr\u00eat \u00e0 Chelsea apr\u00e8s un an en Alsace, le Serbe a eu la surprise de d\u00e9couvrir sa non-convocation \u00e0 la Coupe du monde des clubs dans le groupe des Blues. Alors, un retour au Racing est devenu officiellement possible. Mais comme nous l\u2019annoncions sur ce site, Petrovic aspirerait \u00e0 jouer dans un club de meilleure facture pour jouer notamment la Ligue des champions. <\/p>\n<p>Invit\u00e9 ce lundi soir dans l\u2019After Foot sur RMC, Marc Keller a confirm\u00e9 cette tendance. \u00ab\u00a0Je ne pense pas\u00a0\u00bb, a-t-il r\u00e9pondu lorsqu\u2019on lui a demand\u00e9 si Petrovic pouvait revenir \u00e0 la Meinau.\u00ab\u00a0C\u2019est un joueur d\u2019une qualit\u00e9 incroyable. Il peut viser un club de Ligue Europa ou de Ligue des champions, s\u2019il devait partir de Chelsea\u00a0\u00bb. <\/p>\n","protected":false},"excerpt":{"rendered":"Le Pr\u00e9sident du Racing Marc Keller a \u00e9t\u00e9 interrog\u00e9 dans l\u2019After Foot sur RMC sur l\u2019\u00e9ventuel retour au&hellip;\n","protected":false},"author":2,"featured_media":182537,"comment_status":"","ping_status":"","sticky":false,"template":"","format":"standard","meta":{"footnotes":""},"categories":[2820],"tags":[1111,11,19620,1777,674,63,1011,27,775,66,12,4448,25,640],"class_list":{"0":"post-182536","1":"post","2":"type-post","3":"status-publish","4":"format-standard","5":"has-post-thumbnail","7":"category-strasbourg","8":"tag-actu","9":"tag-actualites","10":"tag-djordje-petrovic","11":"tag-eu","12":"tag-europe","13":"tag-football","14":"tag-fr","15":"tag-france","16":"tag-grand-est","17":"tag-ligue-1","18":"tag-news","19":"tag-rc-strasbourg","20":"tag-republique-francaise","21":"tag-strasbourg"},"share_on_mastodon":{"url":"https:\/\/pubeurope.com\/@fr\/114696962859725663","error":""},"_links":{"self":[{"href":"https:\/\/www.europesays.com\/fr\/wp-json\/wp\/v2\/posts\/182536","targetHints":{"allow":["GET"]}}],"collection":[{"href":"https:\/\/www.europesays.com\/fr\/wp-json\/wp\/v2\/posts"}],"about":[{"href":"https:\/\/www.europesays.com\/fr\/wp-json\/wp\/v2\/types\/post"}],"author":[{"embeddable":true,"href":"https:\/\/www.europesays.com\/fr\/wp-json\/wp\/v2\/users\/2"}],"replies":[{"embeddable":true,"href":"https:\/\/www.europesays.com\/fr\/wp-json\/wp\/v2\/comments?post=182536"}],"version-history":[{"count":0,"href":"https:\/\/www.europesays.com\/fr\/wp-json\/wp\/v2\/posts\/182536\/revisions"}],"wp:featuredmedia":[{"embeddable":true,"href":"https:\/\/www.europesays.com\/fr\/wp-json\/wp\/v2\/media\/182537"}],"wp:attachment":[{"href":"https:\/\/www.europesays.com\/fr\/wp-json\/wp\/v2\/media?parent=182536"}],"wp:term":[{"taxonomy":"category","embeddable":true,"href":"https:\/\/www.europesays.com\/fr\/wp-json\/wp\/v2\/categories?post=182536"},{"taxonomy":"post_tag","embeddable":true,"href":"https:\/\/www.europesays.com\/fr\/wp-json\/wp\/v2\/tags?post=182536"}],"curies":[{"name":"wp","href":"https:\/\/api.w.org\/{rel}","templated":true}]}}