{"id":182540,"date":"2025-06-17T05:07:17","date_gmt":"2025-06-17T05:07:17","guid":{"rendered":"https:\/\/www.europesays.com\/fr\/182540\/"},"modified":"2025-06-17T05:07:17","modified_gmt":"2025-06-17T05:07:17","slug":"saint-sebastien-sur-loire-exposition-des-oeuvres-de-latelier-de-art-bis-jusquau-22-juin","status":"publish","type":"post","link":"https:\/\/www.europesays.com\/fr\/182540\/","title":{"rendered":"Saint-S\u00e9bastien-sur-Loire. Exposition des \u0153uvres de l\u2019atelier de Art-Bis jusqu\u2019au 22\u00a0juin"},"content":{"rendered":"<p>Depuis 2017, l\u2019artiste Am\u00e9lie Vogel anime l\u2019atelier artistique Art-Bis \u00e0 la maison des Associations (ex-Ren\u00e9 Couillaud). Tous les ans, elle expose toutes les \u0153uvres r\u00e9alis\u00e9es aux cours de la saison. Cette derni\u00e8re a du succ\u00e8s et pour preuve les cours \u00e9taient complets. Le vernissage a lieu le mercredi 18\u00a0juin \u00e0 19\u00a0h et l\u2019exposition se prolonge jusqu\u2019au 22\u00a0juin.<\/p>\n<p>Les enfants sont initi\u00e9s \u00e0 diff\u00e9rentes techniques\u00a0: dessin, peinture, modelage, rhodo\u00efd. Quant aux adultes de tous niveaux, ils d\u00e9couvrent le dessin, l\u2019encre, l\u2019aquarelle, pastel, huile acrylique, techniques mixtes. Tous ces cours ont lieu \u00e0 la maison des associations. Les enfants ont cours tous les mercredis \u00e0 partir de 13\u00a0h\u00a030 et \u00e9chelonn\u00e9s suivant l\u2019\u00e2ge jusqu\u2019\u00e0 18\u00a0h\u00a045. Les cours adultes ont lieu les mardis apr\u00e8s-midi (14\u00a0h\u00a015-16\u00a0h\u00a015 et 19\u00a0h-21\u00a0h et le jeudi\u00a014 h 15-16 h 15).<\/p>\n<p>Adresse\u00a0: atelierartbis@gmail.com<\/p>\n<p>\u00a0<\/p>\n","protected":false},"excerpt":{"rendered":"Depuis 2017, l\u2019artiste Am\u00e9lie Vogel anime l\u2019atelier artistique Art-Bis \u00e0 la maison des Associations (ex-Ren\u00e9 Couillaud). Tous les&hellip;\n","protected":false},"author":2,"featured_media":182541,"comment_status":"","ping_status":"","sticky":false,"template":"","format":"standard","meta":{"footnotes":""},"categories":[2818],"tags":[10508,1111,11,32063,4396,1777,674,3293,1011,27,3687,2867,766,12,2636,25,3272,3524,20402],"class_list":{"0":"post-182540","1":"post","2":"type-post","3":"status-publish","4":"format-standard","5":"has-post-thumbnail","7":"category-nantes","8":"tag-10508","9":"tag-actu","10":"tag-actualites","11":"tag-art-bis","12":"tag-atelier","13":"tag-eu","14":"tag-europe","15":"tag-exposition","16":"tag-fr","17":"tag-france","18":"tag-juin","19":"tag-jusqu","20":"tag-nantes","21":"tag-news","22":"tag-pays-de-la-loire","23":"tag-republique-francaise","24":"tag-saint-nazaire","25":"tag-saint-sebastien-sur-loire","26":"tag-uvres"},"share_on_mastodon":{"url":"https:\/\/pubeurope.com\/@fr\/114696975582488179","error":""},"_links":{"self":[{"href":"https:\/\/www.europesays.com\/fr\/wp-json\/wp\/v2\/posts\/182540","targetHints":{"allow":["GET"]}}],"collection":[{"href":"https:\/\/www.europesays.com\/fr\/wp-json\/wp\/v2\/posts"}],"about":[{"href":"https:\/\/www.europesays.com\/fr\/wp-json\/wp\/v2\/types\/post"}],"author":[{"embeddable":true,"href":"https:\/\/www.europesays.com\/fr\/wp-json\/wp\/v2\/users\/2"}],"replies":[{"embeddable":true,"href":"https:\/\/www.europesays.com\/fr\/wp-json\/wp\/v2\/comments?post=182540"}],"version-history":[{"count":0,"href":"https:\/\/www.europesays.com\/fr\/wp-json\/wp\/v2\/posts\/182540\/revisions"}],"wp:featuredmedia":[{"embeddable":true,"href":"https:\/\/www.europesays.com\/fr\/wp-json\/wp\/v2\/media\/182541"}],"wp:attachment":[{"href":"https:\/\/www.europesays.com\/fr\/wp-json\/wp\/v2\/media?parent=182540"}],"wp:term":[{"taxonomy":"category","embeddable":true,"href":"https:\/\/www.europesays.com\/fr\/wp-json\/wp\/v2\/categories?post=182540"},{"taxonomy":"post_tag","embeddable":true,"href":"https:\/\/www.europesays.com\/fr\/wp-json\/wp\/v2\/tags?post=182540"}],"curies":[{"name":"wp","href":"https:\/\/api.w.org\/{rel}","templated":true}]}}