{"id":182542,"date":"2025-06-17T05:08:45","date_gmt":"2025-06-17T05:08:45","guid":{"rendered":"https:\/\/www.europesays.com\/fr\/182542\/"},"modified":"2025-06-17T05:08:45","modified_gmt":"2025-06-17T05:08:45","slug":"quinte-quinte-du-mardi-17-juin-a-nantes-gaillard-a-des-atouts","status":"publish","type":"post","link":"https:\/\/www.europesays.com\/fr\/182542\/","title":{"rendered":"Quint\u00e9+: Quint\u00e9+ du mardi 17 juin \u00e0 Nantes : Gaillard a des atouts"},"content":{"rendered":"<p><strong>Les partants du Quint\u00e9+ de ce mardi 17 juin<\/strong><strong style=\"float: left;margin-left: 2%;\">PRIX DE L&rsquo;HIPPO&rsquo;SHOW (PRIX DE LA GARDEN PARTY)<\/strong><strong style=\"float: right;margin-right: 2%;\">MARDI 17 JUIN<\/strong><br \/>NANTES &#8211; 1600 METRES &#8211; \u00a0<img decoding=\"async\" alt=\"picto_galop\" class=\"img2\" src=\"https:\/\/static.equidia.fr\/equidia\/discipline\/galop.svg\"\/>D\u00c9PART : 18H05<\/p>\n<tr class=\"row1\" style=\"border: thin solid #020338; width: 50%; padding: 5px; background-color: #020338; color: #FFFFFF; text-align: left; line-height: 15px;\">N\u00b0\u00a0CHEVALCORDE\u00a0JOCKEYPOIDS\u00a0ENTRA\u00ceNEURVALEURGAINS<\/tr>\n<tr class=\"row2\" style=\"text-align: left; background-color: #FFFFFF; line-height: 15px;\">\n<td class=\"col1\" style=\"text-align: center; width: 65px;font-weight: bold;\">1<\/td>\n<td class=\"col2\"><a href=\"https:\/\/www.equidia.fr\/chevaux\/bauhinia-rhapsody?horse_uuid=e96a096f-296f-4f56-bece-9382d8e822ad\" target=\"_blank\" rel=\"noopener\">BAUHINIA RHAPSODY<\/a><\/td>\n<td class=\"col3\" style=\"text-align: center;\">9<\/td>\n<td class=\"col4\">A.BERNARD<\/td>\n<td class=\"col5\">61.0 kg<\/td>\n<td class=\"col6\">JV.TOUX<\/td>\n<td class=\"col7\" style=\"text-align: center;\">40.5<\/td>\n<td class=\"col8\" style=\"text-align: right;\">87723 \u20ac<\/td>\n<\/tr>\n<tr class=\"row3\" style=\"text-align: left; background-color: rgb(218, 218, 226); line-height: 15px;\">\n<td class=\"col1\" style=\"text-align: center; width: 65px;font-weight: bold;\">2<\/td>\n<td class=\"col2\"><a href=\"https:\/\/www.equidia.fr\/chevaux\/sous-la-neige?horse_uuid=8b00a3b4-b080-4ba5-8bb9-b9e277ca57d6\" target=\"_blank\" rel=\"noopener\">SOUS LA NEIGE<\/a><\/td>\n<td class=\"col3\" style=\"text-align: center;\">7<\/td>\n<td class=\"col4\">T.PICCONE<\/td>\n<td class=\"col5\">60.0 kg<\/td>\n<td class=\"col6\">G.HERNON (S)<\/td>\n<td class=\"col7\" style=\"text-align: center;\">39.5<\/td>\n<td class=\"col8\" style=\"text-align: right;\">79398 \u20ac<\/td>\n<\/tr>\n<tr class=\"row2\" style=\"text-align: left; background-color: #FFFFFF; line-height: 15px;\">\n<td class=\"col1\" style=\"text-align: center; width: 65px;font-weight: bold;\">3<\/td>\n<td class=\"col2\"><a href=\"https:\/\/www.equidia.fr\/chevaux\/gaillard?horse_uuid=6dff74c8-0dab-47f6-af60-54047bc1fc66\" target=\"_blank\" rel=\"noopener\">GAILLARD<\/a><\/td>\n<td class=\"col3\" style=\"text-align: center;\">3<\/td>\n<td class=\"col4\">A.BARON<\/td>\n<td class=\"col5\">58.0 kg<\/td>\n<td class=\"col6\">A.BARON<\/td>\n<td class=\"col7\" style=\"text-align: center;\">37.5<\/td>\n<td class=\"col8\" style=\"text-align: right;\">55330 \u20ac<\/td>\n<\/tr>\n<tr class=\"row3\" style=\"text-align: left; background-color: rgb(218, 218, 226); line-height: 15px;\">\n<td class=\"col1\" style=\"text-align: center; width: 65px;font-weight: bold;\">4<\/td>\n<td class=\"col2\"><a href=\"https:\/\/www.equidia.fr\/chevaux\/speed-hunter?horse_uuid=46c9816a-7074-4849-bbb7-201477b3fb56\" target=\"_blank\" rel=\"noopener\">SPEED HUNTER<\/a><\/td>\n<td class=\"col3\" style=\"text-align: center;\">15<\/td>\n<td class=\"col4\">F.VERON<\/td>\n<td class=\"col5\">58.0 kg<\/td>\n<td class=\"col6\">J.LEROY<\/td>\n<td class=\"col7\" style=\"text-align: center;\">37.5<\/td>\n<td class=\"col8\" style=\"text-align: right;\">17400 \u20ac<\/td>\n<\/tr>\n<tr class=\"row2\" style=\"text-align: left; background-color: #FFFFFF; line-height: 15px;\">\n<td class=\"col1\" style=\"text-align: center; width: 65px;font-weight: bold;\">5<\/td>\n<td class=\"col2\"><a href=\"https:\/\/www.equidia.fr\/chevaux\/souvenir-decajeul?horse_uuid=9603f869-6a32-4c56-abec-2781d0a4f496\" target=\"_blank\" rel=\"noopener\">SOUVENIR D&rsquo;ECAJEUL<\/a><\/td>\n<td class=\"col3\" style=\"text-align: center;\">6<\/td>\n<td class=\"col4\">V.JANACEK<\/td>\n<td class=\"col5\">57.5 kg<\/td>\n<td class=\"col6\">G.ARIZKORRETA ELOSEGUI<\/td>\n<td class=\"col7\" style=\"text-align: center;\">37.0<\/td>\n<td class=\"col8\" style=\"text-align: right;\">125679 \u20ac<\/td>\n<\/tr>\n<tr class=\"row3\" style=\"text-align: left; background-color: rgb(218, 218, 226); line-height: 15px;\">\n<td class=\"col1\" style=\"text-align: center; width: 65px;font-weight: bold;\">6<\/td>\n<td class=\"col2\"><a href=\"https:\/\/www.equidia.fr\/chevaux\/prince-of-clouds?horse_uuid=61907a2e-1acd-4a6c-91fa-5957b8399ed0\" target=\"_blank\" rel=\"noopener\">PRINCE OF CLOUDS<\/a><\/td>\n<td class=\"col3\" style=\"text-align: center;\">13<\/td>\n<td class=\"col4\">T.BACHELOT<\/td>\n<td class=\"col5\">56.5 kg<\/td>\n<td class=\"col6\">M.DELCHER SANCHEZ<\/td>\n<td class=\"col7\" style=\"text-align: center;\">36.0<\/td>\n<td class=\"col8\" style=\"text-align: right;\">38820 \u20ac<\/td>\n<\/tr>\n<tr class=\"row2\" style=\"text-align: left; background-color: #FFFFFF; line-height: 15px;\">\n<td class=\"col1\" style=\"text-align: center; width: 65px;font-weight: bold;\">7<\/td>\n<td class=\"col2\"><a href=\"https:\/\/www.equidia.fr\/chevaux\/chiricco?horse_uuid=cd496c7c-797c-49a1-817a-75ce036607d4\" target=\"_blank\" rel=\"noopener\">CHIRICCO<\/a><\/td>\n<td class=\"col3\" style=\"text-align: center;\">11<\/td>\n<td class=\"col4\">A.MADAMET<\/td>\n<td class=\"col5\">55.5 kg<\/td>\n<td class=\"col6\">M.BRASME (S)<\/td>\n<td class=\"col7\" style=\"text-align: center;\">35.0<\/td>\n<td class=\"col8\" style=\"text-align: right;\">45340 \u20ac<\/td>\n<\/tr>\n<tr class=\"row3\" style=\"text-align: left; background-color: rgb(218, 218, 226); line-height: 15px;\">\n<td class=\"col1\" style=\"text-align: center; width: 65px;font-weight: bold;\">8<\/td>\n<td class=\"col2\"><a href=\"https:\/\/www.equidia.fr\/chevaux\/nolito?horse_uuid=a3f2e929-0e7d-4319-a6bd-4c244fb2eafc\" target=\"_blank\" rel=\"noopener\">NOLITO<\/a><\/td>\n<td class=\"col3\" style=\"text-align: center;\">12<\/td>\n<td class=\"col4\">C.GROSBOIS<\/td>\n<td class=\"col5\">55.5 kg<\/td>\n<td class=\"col6\">MME S.GAVILAN<\/td>\n<td class=\"col7\" style=\"text-align: center;\">35.0<\/td>\n<td class=\"col8\" style=\"text-align: right;\">127620 \u20ac<\/td>\n<\/tr>\n<tr class=\"row2\" style=\"text-align: left; background-color: #FFFFFF; line-height: 15px;\">\n<td class=\"col1\" style=\"text-align: center; width: 65px;font-weight: bold;\">9<\/td>\n<td class=\"col2\"><a href=\"https:\/\/www.equidia.fr\/chevaux\/light-wakeup?horse_uuid=7894eed3-ea27-499d-9b26-9c0e34e85a01\" target=\"_blank\" rel=\"noopener\">LIGHT WAKEUP<\/a><\/td>\n<td class=\"col3\" style=\"text-align: center;\">14<\/td>\n<td class=\"col4\">O.ANDIGNE<\/td>\n<td class=\"col5\">55.5 kg<\/td>\n<td class=\"col6\">H.BOUJARDINE<\/td>\n<td class=\"col7\" style=\"text-align: center;\">35.0<\/td>\n<td class=\"col8\" style=\"text-align: right;\">158547 \u20ac<\/td>\n<\/tr>\n<tr class=\"row3\" style=\"text-align: left; background-color: rgb(218, 218, 226); line-height: 15px;\">\n<td class=\"col1\" style=\"text-align: center; width: 65px;font-weight: bold;\">10<\/td>\n<td class=\"col2\"><a href=\"https:\/\/www.equidia.fr\/chevaux\/septimus?horse_uuid=a257a7c5-c05e-4f91-8daf-fd69cfba70af\" target=\"_blank\" rel=\"noopener\">SEPTIMUS<\/a><\/td>\n<td class=\"col3\" style=\"text-align: center;\">10<\/td>\n<td class=\"col4\">D.BREUX<\/td>\n<td class=\"col5\">55.0 kg<\/td>\n<td class=\"col6\">M.NIGGE (S)<\/td>\n<td class=\"col7\" style=\"text-align: center;\">34.5<\/td>\n<td class=\"col8\" style=\"text-align: right;\">23350 \u20ac<\/td>\n<\/tr>\n<tr class=\"row2\" style=\"text-align: left; background-color: #FFFFFF; line-height: 15px;\">\n<td class=\"col1\" style=\"text-align: center; width: 65px;font-weight: bold;\">11<\/td>\n<td class=\"col2\"><a href=\"https:\/\/www.equidia.fr\/chevaux\/calypso-1?horse_uuid=91b95060-7e65-42f7-9adb-03fc64a25930\" target=\"_blank\" rel=\"noopener\">CALYPSO<\/a><\/td>\n<td class=\"col3\" style=\"text-align: center;\">1<\/td>\n<td class=\"col4\">L.ROUSSEL<\/td>\n<td class=\"col5\">54.5 kg<\/td>\n<td class=\"col6\">ED.MONFORT (S)<\/td>\n<td class=\"col7\" style=\"text-align: center;\">34.0<\/td>\n<td class=\"col8\" style=\"text-align: right;\">59394 \u20ac<\/td>\n<\/tr>\n<tr class=\"row3\" style=\"text-align: left; background-color: rgb(218, 218, 226); line-height: 15px;\">\n<td class=\"col1\" style=\"text-align: center; width: 65px;font-weight: bold;\">12<\/td>\n<td class=\"col2\"><a href=\"https:\/\/www.equidia.fr\/chevaux\/goguen-spaise?horse_uuid=92df5494-72a7-4f49-aacb-3564a4780e2e\" target=\"_blank\" rel=\"noopener\">GOGUEN SPAISE<\/a><\/td>\n<td class=\"col3\" style=\"text-align: center;\">2<\/td>\n<td class=\"col4\">Y.BARILLE<\/td>\n<td class=\"col5\">54.5 kg<\/td>\n<td class=\"col6\">ED.MONFORT (S)<\/td>\n<td class=\"col7\" style=\"text-align: center;\">34.0<\/td>\n<td class=\"col8\" style=\"text-align: right;\">68685 \u20ac<\/td>\n<\/tr>\n<tr class=\"row2\" style=\"text-align: left; background-color: #FFFFFF; line-height: 15px;\">\n<td class=\"col1\" style=\"text-align: center; width: 65px;font-weight: bold;\">13<\/td>\n<td class=\"col2\"><a href=\"https:\/\/www.equidia.fr\/chevaux\/famoso-1?horse_uuid=f2cc6a29-c799-4b9b-9894-dddf556b1dfe\" target=\"_blank\" rel=\"noopener\">FAMOSO<\/a><\/td>\n<td class=\"col3\" style=\"text-align: center;\">16<\/td>\n<td class=\"col4\">A.WERLE<\/td>\n<td class=\"col5\">54.0 kg<\/td>\n<td class=\"col6\">C.PAUTIER<\/td>\n<td class=\"col7\" style=\"text-align: center;\">33.5<\/td>\n<td class=\"col8\" style=\"text-align: right;\">89190 \u20ac<\/td>\n<\/tr>\n<tr class=\"row3\" style=\"text-align: left; background-color: rgb(218, 218, 226); line-height: 15px;\">\n<td class=\"col1\" style=\"text-align: center; width: 65px;font-weight: bold;\">14<\/td>\n<td class=\"col2\"><a href=\"https:\/\/www.equidia.fr\/chevaux\/ker-welen?horse_uuid=1b7802f6-c8fe-4f9a-805d-00234ed6d491\" target=\"_blank\" rel=\"noopener\">KER WELEN<\/a><\/td>\n<td class=\"col3\" style=\"text-align: center;\">8<\/td>\n<td class=\"col4\">L.BOISSEAU<\/td>\n<td class=\"col5\">53.5 kg<\/td>\n<td class=\"col6\">N.LEENDERS<\/td>\n<td class=\"col7\" style=\"text-align: center;\">33.0<\/td>\n<td class=\"col8\" style=\"text-align: right;\">135000 \u20ac<\/td>\n<\/tr>\n<tr class=\"row2\" style=\"text-align: left; background-color: #FFFFFF; line-height: 15px;\">\n<td class=\"col1\" style=\"text-align: center; width: 65px;font-weight: bold;\">15<\/td>\n<td class=\"col2\"><a href=\"https:\/\/www.equidia.fr\/chevaux\/marillawood?horse_uuid=f50d159a-9938-4f5d-8d2e-291d8cc2a099\" target=\"_blank\" rel=\"noopener\">MARILLAWOOD<\/a><\/td>\n<td class=\"col3\" style=\"text-align: center;\">5<\/td>\n<td class=\"col4\">H.LEBOUC<\/td>\n<td class=\"col5\">53.5 kg<\/td>\n<td class=\"col6\">N.LEENDERS<\/td>\n<td class=\"col7\" style=\"text-align: center;\">33.0<\/td>\n<td class=\"col8\" style=\"text-align: right;\">23630 \u20ac<\/td>\n<\/tr>\n<tr class=\"row3\" style=\"text-align: left; background-color: rgb(218, 218, 226); line-height: 15px;\">\n<td class=\"col1\" style=\"text-align: center; width: 65px;font-weight: bold;\">16<\/td>\n<td class=\"col2\"><a href=\"https:\/\/www.equidia.fr\/chevaux\/crowdfunding-1?horse_uuid=f120536e-91d0-4595-b3e8-0f9681755849\" target=\"_blank\" rel=\"noopener\">CROWDFUNDING<\/a><\/td>\n<td class=\"col3\" style=\"text-align: center;\">4<\/td>\n<td class=\"col4\">R.MANGIONE<\/td>\n<td class=\"col5\">53.0 kg<\/td>\n<td class=\"col6\">C.BOUTIN (S)<\/td>\n<td class=\"col7\" style=\"text-align: center;\">32.5<\/td>\n<td class=\"col8\" style=\"text-align: right;\">111030 \u20ac<\/td>\n<\/tr>\n<p><strong>Les forces en pr\u00e9sence<\/strong><\/p>\n<p style=\"text-align: justify;\">Sagement mont\u00e9 lors de sa rentr\u00e9e \u00e0 Saint-Brieuc, <a href=\"https:\/\/www.equidia.fr\/chevaux\/gaillard?horse_uuid=6dff74c8-0dab-47f6-af60-54047bc1fc66\" target=\"_blank\" rel=\"noopener\">GAILLARD (3)<\/a> a termin\u00e9 au quatri\u00e8me rang, sans \u00eatre pouss\u00e9 dans ses retranchements. Il a montr\u00e9 sa comp\u00e9titivit\u00e9 dans cette zone de poids et a h\u00e9rit\u00e9 d&rsquo;un excellent num\u00e9ro dans les stalles (le 3). S&rsquo;il n&rsquo;est pas trop loin \u00e0 l&rsquo;entr\u00e9e de la ligne droite, il est capable de jouer un premier r\u00f4le \u00e0 une cote int\u00e9ressante. Remarqu\u00e9 en l\u00e9ger retrait lors de ses deux derni\u00e8res tentatives dans des Quint\u00e9+, S<a href=\"https:\/\/www.equidia.fr\/chevaux\/sous-la-neige?horse_uuid=8b00a3b4-b080-4ba5-8bb9-b9e277ca57d6\" target=\"_blank\" rel=\"noopener\">SOUS LA NEIGE (2)<\/a> ne devrait plus tarder \u00e0 renouer avec un succ\u00e8s qui le fuit depuis d\u00e9cembre 2022. <a href=\"https:\/\/www.equidia.fr\/chevaux\/souvenir-decajeul?horse_uuid=9603f869-6a32-4c56-abec-2781d0a4f496\" target=\"_blank\" rel=\"noopener\">SOUVENIR D&rsquo;ECAJEUL (5)<\/a>, en pleine possession de ses moyens, <a href=\"https:\/\/www.equidia.fr\/chevaux\/prince-of-clouds?horse_uuid=61907a2e-1acd-4a6c-91fa-5957b8399ed0\" target=\"_blank\" rel=\"noopener\">PRINCE OF CLOUDS (6)<\/a>, m\u00eame s&rsquo;il aurait pr\u00e9f\u00e9r\u00e9 une piste bien souple, <a href=\"https:\/\/www.equidia.fr\/chevaux\/ker-welen?horse_uuid=1b7802f6-c8fe-4f9a-805d-00234ed6d491\" target=\"_blank\" rel=\"noopener\">KER WELEN (14)<\/a>, dans son jardin \u00e0 Nantes, et <a href=\"https:\/\/www.equidia.fr\/chevaux\/goguen-spaise?horse_uuid=92df5494-72a7-4f49-aacb-3564a4780e2e\" target=\"_blank\" rel=\"noopener\">GOGUEN SPAISE (12)<\/a>, absolument irr\u00e9prochable cette saison, ont tous les moyens d&rsquo;int\u00e9grer la combinaison gagnante. <a href=\"https:\/\/www.equidia.fr\/chevaux\/crowdfunding-1?horse_uuid=f120536e-91d0-4595-b3e8-0f9681755849\" target=\"_blank\" rel=\"noopener\">CROWDFUNDING (16)<\/a> n&rsquo;a jamais disput\u00e9 de handicap \u00e0 une valeur aussi basse et semble en mesure de se m\u00ealer \u00e0 la lutte. <a href=\"https:\/\/www.equidia.fr\/chevaux\/calypso-1?horse_uuid=91b95060-7e65-42f7-9adb-03fc64a25930\" target=\"_blank\" rel=\"noopener\">CALYPSO (11)<\/a> n&rsquo;est pas de tous les jours, mais son aptitude au bon terrain ainsi que la corde 1 peuvent lui permettre d&rsquo;accrocher un bon lot.<\/p>\n<p><strong>Le prono de Micka\u00ebl AFRIAT<\/strong><\/p>\n<tr cellpadding=\"0\" cellspacing=\"10\" class=\"row5\" style=\"text-align: left; background-color: #FFFFFF; font-size: 130%;\">\n<td style=\"text-align: center;\">3<\/td>\n<td style=\"text-align: center;\">2<\/td>\n<td style=\"text-align: center;\">5<\/td>\n<td style=\"text-align: center;\">6<\/td>\n<td style=\"text-align: center;\">14<\/td>\n<td style=\"text-align: center;\">12<\/td>\n<td style=\"text-align: center;\">16<\/td>\n<td style=\"text-align: center;\">11<\/td>\n<\/tr>\n<tr class=\"row6\" style=\"text-align: center; background-color: #FFFFFF; column-width: 6rem;\">\n<td class=\"col3\"><img decoding=\"async\" alt=\"casaque_GAILLARD\" class=\"cas\" src=\"https:\/\/www.europesays.com\/fr\/wp-content\/uploads\/2025\/06\/20250617-r1c1p3-png.png\" style=\" width: 70%;\"\/><\/p>\n<p class=\"col10\" style=\"font-size: x-small; line-height: 11px;;\">GAILLARD<\/p>\n<\/td>\n<td class=\"col2\"><img decoding=\"async\" alt=\"casaque_SOUS LA NEIGE\" class=\"cas\" src=\"https:\/\/www.europesays.com\/fr\/wp-content\/uploads\/2025\/06\/20250617-r1c1p2-png.png\" style=\" width: 70%;\"\/><\/p>\n<p class=\"col10\" style=\"font-size: x-small; line-height: 11px;;\">SOUS LA NEIGE<\/p>\n<\/td>\n<td class=\"col5\"><img decoding=\"async\" alt=\"casaque_SOUVENIR D'ECAJEUL\" class=\"cas\" src=\"https:\/\/www.europesays.com\/fr\/wp-content\/uploads\/2025\/06\/20250617-r1c1p5-png.png\" style=\" width: 70%;\"\/><\/p>\n<p class=\"col10\" style=\"font-size: x-small; line-height: 11px;;\">SOUVENIR D&rsquo;ECAJEUL<\/p>\n<\/td>\n<td class=\"col6\"><img decoding=\"async\" alt=\"casaque_PRINCE OF CLOUDS\" class=\"cas\" src=\"https:\/\/www.europesays.com\/fr\/wp-content\/uploads\/2025\/06\/20250617-r1c1p6-png.png\" style=\" width: 70%;\"\/><\/p>\n<p class=\"col10\" style=\"font-size: x-small; line-height: 11px;;\">PRINCE OF CLOUDS<\/p>\n<\/td>\n<td class=\"col14\"><img decoding=\"async\" alt=\"casaque_KER WELEN\" class=\"cas\" src=\"https:\/\/www.europesays.com\/fr\/wp-content\/uploads\/2025\/06\/20250617-r1c1p14-png.png\" style=\" width: 70%;\"\/><\/p>\n<p class=\"col10\" style=\"font-size: x-small; line-height: 11px;;\">KER WELEN<\/p>\n<\/td>\n<td class=\"col12\"><img decoding=\"async\" alt=\"casaque_GOGUEN SPAISE\" class=\"cas\" src=\"https:\/\/www.europesays.com\/fr\/wp-content\/uploads\/2025\/06\/20250617-r1c1p12-png.png\" style=\" width: 70%;\"\/><\/p>\n<p class=\"col10\" style=\"font-size: x-small; line-height: 11px;;\">GOGUEN SPAISE<\/p>\n<\/td>\n<td class=\"col16\"><img decoding=\"async\" alt=\"casaque_CROWDFUNDING\" class=\"cas\" src=\"https:\/\/www.europesays.com\/fr\/wp-content\/uploads\/2025\/06\/20250617-r1c1p16-png.png\" style=\" width: 70%;\"\/><\/p>\n<p class=\"col10\" style=\"font-size: x-small; line-height: 11px;;\">CROWDFUNDING<\/p>\n<\/td>\n<td class=\"col11\"><img decoding=\"async\" alt=\"casaque_CALYPSO\" class=\"cas\" src=\"https:\/\/www.europesays.com\/fr\/wp-content\/uploads\/2025\/06\/20250617-r1c1p11-png.png\" style=\" width: 70%;\"\/><\/p>\n<p class=\"col10\" style=\"font-size: x-small; line-height: 11px;;\">CALYPSO<\/p>\n<\/td>\n<\/tr>\n<p><a href=\"https:\/\/servedby.revive-adserver.net\/ck.php?n=a3265498&amp;cb=1234\" target=\"_blank\" rel=\"noopener\"><img decoding=\"async\" alt=\"\" border=\"0\" src=\"https:\/\/www.europesays.com\/fr\/wp-content\/uploads\/2025\/06\/1750136910_935_avw\"\/><\/a><\/p>\n<p><strong>Les partants en d\u00e9tail (par M. AFRIAT) et l&rsquo;avis des pros (par M. BERTELLA)<\/strong><\/p>\n<p id=\"ch_BAUHINIA RHAPSODY\" style=\"margin-bottom: 1%;\"><a href=\"https:\/\/www.equidia.fr\/chevaux\/bauhinia-rhapsody?horse_uuid=e96a096f-296f-4f56-bece-9382d8e822ad\" target=\"_blank\" rel=\"noopener\">1 &#8211; \u00a0<img decoding=\"async\" alt=\"casaque_BAUHINIA RHAPSODY\" src=\"https:\/\/www.europesays.com\/fr\/wp-content\/uploads\/2025\/06\/20250617-r1c1p1-png.png\" style=\"width: 4.5%; margin :0; vertical-align : middle;\"\/>\u00a0\u00a0BAUHINIA RHAPSODY<\/a><\/p>\n<p style=\"text-align: justify;\">Certes, il n&rsquo;a pu confirmer sa belle quatri\u00e8me place dans le Quint\u00e9+ du 27 mars \u00e0 Chantilly, mais les deux derniers lots qu&rsquo;il a rencontr\u00e9s \u00e9taient nettement sup\u00e9rieurs \u00e0 celui-ci. Cela dit, force est de constater qu&rsquo;il reste meilleur sur le sable\u2026<\/p>\n<p><strong>L&rsquo;avis du reporter : <\/strong><\/p>\n<p style=\"text-align: justify;\">\u00ab Les deux derni\u00e8res sorties de Bauhinia Rhapsody (1) ne sont pas des plus rassurantes, mais il avait montr\u00e9 de sa comp\u00e9titivit\u00e9 dans les Quint\u00e9+ le 27 mars, sur la PSF de Chantilly. Il est difficile \u00e0 cerner, mais ses r\u00e9f\u00e9rences \u00e0 ce niveau plaident en sa faveur. A l&rsquo;issue d&rsquo;un parcours limpide, il peut finir dans les cinq premiers. \u00bb<\/p>\n<p id=\"ch_SOUS LA NEIGE\" style=\"margin-bottom: 1%;\"><a href=\"https:\/\/www.equidia.fr\/chevaux\/sous-la-neige?horse_uuid=8b00a3b4-b080-4ba5-8bb9-b9e277ca57d6\" target=\"_blank\" rel=\"noopener\">2 &#8211; \u00a0<img decoding=\"async\" alt=\"casaque_SOUS LA NEIGE\" src=\"https:\/\/www.europesays.com\/fr\/wp-content\/uploads\/2025\/06\/1750136912_241_20250617-r1c1p2-png.png\" style=\"width: 4.5%; margin :0; vertical-align : middle;\"\/>\u00a0\u00a0SOUS LA NEIGE<\/a><\/p>\n<p style=\"text-align: justify;\">Ce hongre de 5 ans a mieux couru que ne l&rsquo;indiquent les classements bruts (6e et 8e) lors de ses deux derniers essais dans des Quint\u00e9+. Entre-temps, il avait laiss\u00e9 une bonne impression dans un handicap de bon aloi \u00e0 Lingfield (2e). Muni d&rsquo;\u0153ill\u00e8res australiennes pour la premi\u00e8re fois, il d\u00e9tient une premi\u00e8re chance.<\/p>\n<p><strong>Gavin Hernon, entra\u00eeneur : <\/strong><\/p>\n<p style=\"text-align: justify;\">\u00ab Sous la Neige (2) me para\u00eet tr\u00e8s bien. Je pense que le profil de Nantes peut vraiment lui convenir. Il a d\u00e9j\u00e0 prouv\u00e9 sa comp\u00e9titivit\u00e9 \u00e0 cette valeur et affront\u00e9 des lots plus relev\u00e9s. Il sera muni d&rsquo;\u0153ill\u00e8res australiennes pour la premi\u00e8re fois, ce qui peut l&rsquo;aider. Je compte sur lui. \u00bb<\/p>\n<p id=\"ch_GAILLARD\" style=\"margin-bottom: 1%;\"><a href=\"https:\/\/www.equidia.fr\/chevaux\/gaillard?horse_uuid=6dff74c8-0dab-47f6-af60-54047bc1fc66\" target=\"_blank\" rel=\"noopener\">3 &#8211; \u00a0<img decoding=\"async\" alt=\"casaque_GAILLARD\" src=\"https:\/\/www.europesays.com\/fr\/wp-content\/uploads\/2025\/06\/1750136912_515_20250617-r1c1p3-png.png\" style=\"width: 4.5%; margin :0; vertical-align : middle;\"\/>\u00a0\u00a0GAILLARD<\/a><\/p>\n<p style=\"text-align: justify;\">Apr\u00e8s quatre mois d&rsquo;absence, il a couru sagement lors de sa rentr\u00e9e \u00e0 Saint-Brieuc et a fini dans une bonne action (4e). Habitu\u00e9 \u00e0 courir sur 1 400 m\u00e8tres et moins, il a prouv\u00e9 que le rallongement de la distance ne le contrariait pas. Bien situ\u00e9 dans les stalles, il pr\u00e9sente un profil s\u00e9duisant.<\/p>\n<p><strong>Axel Baron, entra\u00eeneur et jockey : <\/strong><\/p>\n<p style=\"text-align: justify;\">\u00ab Gaillard (3) vient d&rsquo;effectuer sa rentr\u00e9e \u00e0 Saint-Brieuc. Il n&rsquo;est pas encore \u00e0 100 % mais devrait montrer des progr\u00e8s. J&rsquo;avais bien aim\u00e9 sa derni\u00e8re prestation \u00e0 Deauville dans un Quint\u00e9+, o\u00f9 il s&rsquo;\u00e9tait bien comport\u00e9 sur 1 900 m\u00e8tres. Cela lui avait profit\u00e9 car c&rsquo;est un cheval qui part moyennement et les longues distances l&rsquo;aident \u00e0 revenir. Le trac\u00e9 de Nantes ne devrait pas lui poser de souci, mais il faudra ne pas \u00eatre trop loin durant le parcours. Si tel est le cas, il peut bien faire. \u00bb<\/p>\n<p id=\"ch_SPEED HUNTER\" style=\"margin-bottom: 1%;\"><a href=\"https:\/\/www.equidia.fr\/chevaux\/speed-hunter?horse_uuid=46c9816a-7074-4849-bbb7-201477b3fb56\" target=\"_blank\" rel=\"noopener\">4 &#8211; \u00a0<img decoding=\"async\" alt=\"casaque_SPEED HUNTER\" src=\"https:\/\/www.europesays.com\/fr\/wp-content\/uploads\/2025\/06\/20250617-r1c1p4-png.png\" style=\"width: 4.5%; margin :0; vertical-align : middle;\"\/>\u00a0\u00a0SPEED HUNTER<\/a><\/p>\n<p style=\"text-align: justify;\">Arr\u00eat\u00e9 durant neuf mois apr\u00e8s son succ\u00e8s du 12 mars 2024, il n&rsquo;a absolument rien montr\u00e9 depuis son retour. Il a \u00e9t\u00e9 castr\u00e9 r\u00e9cemment, mais aurait sans doute \u00e9t\u00e9 plus efficace en terrain profond. Pour l&rsquo;heure, il doit surtout rassurer.<\/p>\n<p><strong>Jonathan Leroy, entra\u00eeneur : <\/strong><\/p>\n<p style=\"text-align: justify;\">\u00ab Speed Hunter (4) a \u00e9t\u00e9 castr\u00e9 avant d&rsquo;int\u00e9grer notre \u00e9curie. Je ne le connais pas encore tr\u00e8s bien, mais il est plaisant le matin \u00e0 l&rsquo;entra\u00eenement. Il sera muni d&rsquo;un bonnet car il peut se montrer tendu. L&rsquo;id\u00e9e, c&rsquo;est surtout de lui donner une bonne le\u00e7on pour l&rsquo;avenir. Ce n&rsquo;est pas une priorit\u00e9 dans cette \u00e9preuve, d&rsquo;autant plus que nous avons tir\u00e9 un mauvais num\u00e9ro dans les stalles. Cela dit, je vous conseille de ne pas l&rsquo;\u00e9liminer totalement. On lui associe Fabrice Veron, qui l&rsquo;a d\u00e9j\u00e0 men\u00e9 au succ\u00e8s et conna\u00eet bien la piste. S&rsquo;il fait preuve de bonne volont\u00e9, il peut accrocher une place en fin de combinaison. \u00bb<\/p>\n<p id=\"ch_SOUVENIR D'ECAJEUL\" style=\"margin-bottom: 1%;\"><a href=\"https:\/\/www.equidia.fr\/chevaux\/souvenir-decajeul?horse_uuid=9603f869-6a32-4c56-abec-2781d0a4f496\" target=\"_blank\" rel=\"noopener\">5 &#8211; \u00a0<img decoding=\"async\" alt=\"casaque_SOUVENIR D'ECAJEUL\" src=\"https:\/\/www.europesays.com\/fr\/wp-content\/uploads\/2025\/06\/1750136913_450_20250617-r1c1p5-png.png\" style=\"width: 4.5%; margin :0; vertical-align : middle;\"\/>\u00a0\u00a0SOUVENIR D&rsquo;ECAJEUL<\/a><\/p>\n<p style=\"text-align: justify;\">Ce fils de Lawman aborde ce rendez-vous en pleine possession de ses moyens. Il a montr\u00e9 sa comp\u00e9titivit\u00e9 en valeur 37 et pr\u00e9sente l&rsquo;avantage d&rsquo;\u00eatre mont\u00e9 aux avant-postes. Sauf incident, il ne devrait pas sortir des cinq premiers.<\/p>\n<p><strong>Guillermo Arizkorreta Elosegui, entra\u00eeneur : <\/strong><\/p>\n<p style=\"text-align: justify;\">\u00ab Souvenir d&rsquo;Ecajeul (5) reste sur deux excellentes prestations \u00e0 ce niveau. Il court de fa\u00e7on rapproch\u00e9e, mais il encaisse bien les voyages et semble toujours en pleine forme. C&rsquo;est un cheval endurci. On a h\u00e9rit\u00e9 d&rsquo;un bon num\u00e9ro dans les stalles, ce qui est important \u00e0 Nantes. S&rsquo;il r\u00e9p\u00e8te ses derni\u00e8res sorties, sa place est \u00e0 l&rsquo;arriv\u00e9e. \u00bb<\/p>\n<p id=\"ch_PRINCE OF CLOUDS\" style=\"margin-bottom: 1%;\"><a href=\"https:\/\/www.equidia.fr\/chevaux\/prince-of-clouds?horse_uuid=61907a2e-1acd-4a6c-91fa-5957b8399ed0\" target=\"_blank\" rel=\"noopener\">6 &#8211; \u00a0<img decoding=\"async\" alt=\"casaque_PRINCE OF CLOUDS\" src=\"https:\/\/www.europesays.com\/fr\/wp-content\/uploads\/2025\/06\/1750136914_751_20250617-r1c1p6-png.png\" style=\"width: 4.5%; margin :0; vertical-align : middle;\"\/>\u00a0\u00a0PRINCE OF CLOUDS<\/a><\/p>\n<p style=\"text-align: justify;\">D\u00e9clar\u00e9 non-partant le 29 mai puis le 12 juin, il effectuera donc une semi-rentr\u00e9e ici. Son mentor conna\u00eet une superbe r\u00e9ussite lorsqu&rsquo;il se d\u00e9place dans l&rsquo;Ouest, et ses meilleures performances lui conf\u00e8rent une belle chance. M\u00eame s&rsquo;il aurait pr\u00e9f\u00e9r\u00e9 une piste tr\u00e8s souple, il a son mot \u00e0 dire.<\/p>\n<p><strong>Mauricio Delcher-Sanchez, entra\u00eeneur : <\/strong><\/p>\n<p style=\"text-align: justify;\">\u00ab Prince of Clouds (6) a \u00e9t\u00e9 d\u00e9clar\u00e9 non-partant r\u00e9cemment \u00e0 ParisLongchamp car il a besoin de terrain souple, et la piste \u00e9tait trop l\u00e9g\u00e8re ce jour-l\u00e0. En plus, on avait tir\u00e9 un num\u00e9ro en dehors, ce qui n&rsquo;aide pas sur ce profil. On a pr\u00e9f\u00e9r\u00e9 attendre ce Quint\u00e9+ \u00e0 Nantes, puisque de la pluie est annonc\u00e9e. J&rsquo;esp\u00e8re qu&rsquo;il trouvera une piste bien souple. Sa derni\u00e8re sortie \u00e0 Bordeaux est \u00e0 oublier car il n&rsquo;a pu b\u00e9n\u00e9ficier d&rsquo;un bon d\u00e9roulement ce jour-l\u00e0. Il est en forme et s&rsquo;annonce comp\u00e9titif. \u00bb<\/p>\n<p id=\"ch_CHIRICCO\" style=\"margin-bottom: 1%;\"><a href=\"https:\/\/www.equidia.fr\/chevaux\/chiricco?horse_uuid=cd496c7c-797c-49a1-817a-75ce036607d4\" target=\"_blank\" rel=\"noopener\">7 &#8211; \u00a0<img decoding=\"async\" alt=\"casaque_CHIRICCO\" src=\"https:\/\/www.europesays.com\/fr\/wp-content\/uploads\/2025\/06\/20250617-r1c1p7-png.png\" style=\"width: 4.5%; margin :0; vertical-align : middle;\"\/>\u00a0\u00a0CHIRICCO<\/a><\/p>\n<p style=\"text-align: justify;\">Laur\u00e9at de deux courses cette ann\u00e9e, dont une sur le parcours qui nous int\u00e9resse, il a prouv\u00e9 qu&rsquo;il restait comp\u00e9titif malgr\u00e9 les onze livres de surcharge. Il a pass\u00e9 un cap cette ann\u00e9e et dispute son premier Quint\u00e9+ avec quelques ambitions. Un gros regret.<\/p>\n<p><strong>Mathieu Brasme, entra\u00eeneur : <\/strong><\/p>\n<p style=\"text-align: justify;\">\u00ab Chiricco (7) a d\u00e9j\u00e0 gagn\u00e9 sur ce trac\u00e9, c&rsquo;est d&rsquo;ailleurs la raison pour laquelle nous tentons notre chance dans ce Quint\u00e9+. Sa marge de man\u0153uvre est r\u00e9duite, car il a r\u00e9alis\u00e9 un bon d\u00e9but de saison, mais on compte sur son aptitude au parcours et sa forme pour accrocher une place. La victoire est difficilement envisageable, mais j&rsquo;esp\u00e8re le voir finir dans les cinq premiers. \u00bb<\/p>\n<p id=\"ch_NOLITO\" style=\"margin-bottom: 1%;\"><a href=\"https:\/\/www.equidia.fr\/chevaux\/nolito?horse_uuid=a3f2e929-0e7d-4319-a6bd-4c244fb2eafc\" target=\"_blank\" rel=\"noopener\">8 &#8211; \u00a0<img decoding=\"async\" alt=\"casaque_NOLITO\" src=\"https:\/\/www.europesays.com\/fr\/wp-content\/uploads\/2025\/06\/20250617-r1c1p8-png.png\" style=\"width: 4.5%; margin :0; vertical-align : middle;\"\/>\u00a0\u00a0NOLITO<\/a><\/p>\n<p style=\"text-align: justify;\">Cet ex-repr\u00e9sentant d&rsquo;Henri-Alex Pantall n&rsquo;a pas d\u00e9m\u00e9rit\u00e9 lors de ses derni\u00e8res tentatives et sera cette fois muni de peaux de mouton. N\u00e9anmoins, il monte de cat\u00e9gorie et affiche un modeste bilan dans les Quint\u00e9+ (une troisi\u00e8me place et neuf \u00e9checs en dix sorties). Simple outsider.<\/p>\n<p><strong>Sandrine Gavilan, entra\u00eeneur : <\/strong><\/p>\n<p style=\"text-align: justify;\">\u00ab Nolito (8) n&rsquo;a pas eu toutes ses aises dans la ligne droite derni\u00e8rement \u00e0 La Teste. Il est en pleine forme et ce Quint\u00e9+ semble \u00e0 sa port\u00e9e. Il faudra simplement un bon d\u00e9roulement. Le parcours fera la diff\u00e9rence, mais je lui vois une belle chance. \u00bb<\/p>\n<p id=\"ch_LIGHT WAKEUP\" style=\"margin-bottom: 1%;\"><a href=\"https:\/\/www.equidia.fr\/chevaux\/light-wakeup?horse_uuid=7894eed3-ea27-499d-9b26-9c0e34e85a01\" target=\"_blank\" rel=\"noopener\">9 &#8211; \u00a0<img decoding=\"async\" alt=\"casaque_LIGHT WAKEUP\" src=\"https:\/\/www.europesays.com\/fr\/wp-content\/uploads\/2025\/06\/20250617-r1c1p9-png.png\" style=\"width: 4.5%; margin :0; vertical-align : middle;\"\/>\u00a0\u00a0LIGHT WAKEUP<\/a><\/p>\n<p style=\"text-align: justify;\">Cinqui\u00e8me de cet \u00e9v\u00e9nement l&rsquo;an dernier en 35, il se pr\u00e9sentera cette ann\u00e9e \u00e0 la m\u00eame valeur. N\u00e9anmoins, il n&rsquo;est pas de tous les jours et devra composer avec la corde 14. Malgr\u00e9 son aptitude au parcours, il ne peut viser que la quatri\u00e8me ou cinqui\u00e8me place.<\/p>\n<p><strong>Helmi Boujardine, entra\u00eeneur : <\/strong><\/p>\n<p style=\"text-align: justify;\">\u00ab Light Wakeup (9) est en forme et a retrouv\u00e9 une valeur qui lui permet d&rsquo;\u00eatre comp\u00e9titif \u00e0 ce niveau. Le hic, c&rsquo;est le 14 \u00e0 la corde. Sa t\u00e2che se complique s\u00e9rieusement avec cette position initiale, mais nous allons tout de m\u00eame d\u00e9fendre nos chances. Il conna\u00eet et appr\u00e9cie l&rsquo;hippodrome de Nantes. Il faudra que tout se passe bien, surtout qu&rsquo;il a son petit caract\u00e8re et peut tirer. Une course rythm\u00e9e serait un vrai plus. On vient avec des ambitions, en esp\u00e9rant accrocher une belle place. \u00bb<\/p>\n<p id=\"ch_SEPTIMUS\" style=\"margin-bottom: 1%;\"><a href=\"https:\/\/www.equidia.fr\/chevaux\/septimus?horse_uuid=a257a7c5-c05e-4f91-8daf-fd69cfba70af\" target=\"_blank\" rel=\"noopener\">10 &#8211; \u00a0<img decoding=\"async\" alt=\"casaque_SEPTIMUS\" src=\"https:\/\/www.europesays.com\/fr\/wp-content\/uploads\/2025\/06\/20250617-r1c1p10-png.png\" style=\"width: 4.5%; margin :0; vertical-align : middle;\"\/>\u00a0\u00a0SEPTIMUS<\/a><\/p>\n<p style=\"text-align: justify;\">Apr\u00e8s deux courses de remise en jambes n\u00e9cessaires, il a montr\u00e9 un l\u00e9ger mieux r\u00e9cemment au Mans (6e), sans toutefois \u00eatre tr\u00e8s tranchant. Ses performances de l&rsquo;an dernier lui conf\u00e8rent une belle chance, mais o\u00f9 en est-il r\u00e9ellement ? Affaire d&rsquo;impression.<\/p>\n<p><strong>Markus Nigge, entra\u00eeneur : <\/strong><\/p>\n<p style=\"text-align: justify;\">\u00ab Septimus (10) va d\u00e9couvrir la piste de Nantes. On ne sait pas trop s&rsquo;il va s&rsquo;y adapter, mais il a montr\u00e9 de bonnes choses sur 1 600 m\u00e8tres lors de ses deux derni\u00e8res sorties. Sa marge est r\u00e9duite, mais il a les moyens de s&rsquo;illustrer dans une telle \u00e9preuve. Il est rest\u00e9 en forme et un \u00e9ventuel assouplissement du terrain l&rsquo;avantagerait. \u00bb<\/p>\n<p id=\"ch_CALYPSO\" style=\"margin-bottom: 1%;\"><a href=\"https:\/\/www.equidia.fr\/chevaux\/calypso-1?horse_uuid=91b95060-7e65-42f7-9adb-03fc64a25930\" target=\"_blank\" rel=\"noopener\">11 &#8211; \u00a0<img decoding=\"async\" alt=\"casaque_CALYPSO\" src=\"https:\/\/www.europesays.com\/fr\/wp-content\/uploads\/2025\/06\/1750136917_976_20250617-r1c1p11-png.png\" style=\"width: 4.5%; margin :0; vertical-align : middle;\"\/>\u00a0\u00a0CALYPSO<\/a><\/p>\n<p style=\"text-align: justify;\">Ce cheval v\u00e9loce n&rsquo;a pu confirmer sa bonne rentr\u00e9e, mais il est habituellement performant avec les \u0153ill\u00e8res australiennes et a h\u00e9rit\u00e9 de la corde 1. Performant en bon terrain et sur le mile, il a les moyens de se r\u00e9habiliter, m\u00eame s&rsquo;il affronte un lot plus relev\u00e9 qu&rsquo;\u00e0 l&rsquo;accoutum\u00e9e.<\/p>\n<p><strong>Edouard Monfort, entra\u00eeneur : <\/strong><\/p>\n<p style=\"text-align: justify;\">\u00ab Il faut oublier la derni\u00e8re sortie de Calypso (11) \u00e0 ParisLongchamp : le terrain \u00e9tait hach\u00e9, et il d\u00e9teste cela. Il pr\u00e9sente l&rsquo;avantage d&rsquo;\u00eatre v\u00e9loce au d\u00e9part. Nous avons h\u00e9rit\u00e9 du num\u00e9ro 1 \u00e0 la corde, ce qui va lui permettre d&rsquo;occuper rapidement une place de choix. Il est dur et maniable, donc s&rsquo;il s&rsquo;adapte au profil de la piste, il peut tirer son \u00e9pingle du jeu. Il y a des \u00e9l\u00e9ments solides dans le haut du tableau, mais les places sont bonnes \u00e0 prendre. Il a sa chance. \u00bb<\/p>\n<p id=\"ch_GOGUEN SPAISE\" style=\"margin-bottom: 1%;\"><a href=\"https:\/\/www.equidia.fr\/chevaux\/goguen-spaise?horse_uuid=92df5494-72a7-4f49-aacb-3564a4780e2e\" target=\"_blank\" rel=\"noopener\">12 &#8211; \u00a0<img decoding=\"async\" alt=\"casaque_GOGUEN SPAISE\" src=\"https:\/\/www.europesays.com\/fr\/wp-content\/uploads\/2025\/06\/1750136918_864_20250617-r1c1p12-png.png\" style=\"width: 4.5%; margin :0; vertical-align : middle;\"\/>\u00a0\u00a0GOGUEN SPAISE<\/a><\/p>\n<p style=\"text-align: justify;\">Absolument irr\u00e9prochable cette ann\u00e9e, il a \u00e9t\u00e9 suppl\u00e9ment\u00e9 pour participer \u00e0 cet \u00e9v\u00e9nement. Il s&rsquo;adapte \u00e0 tout et devrait donc se plaire sur ce trac\u00e9 nantais qu&rsquo;il d\u00e9couvre. Pr\u00e9sent\u00e9 avec de la fra\u00eecheur et bien situ\u00e9 dans les stalles, il peut l\u00e9gitimement briguer une place.<\/p>\n<p><strong>Edouard Monfort, entra\u00eeneur : <\/strong><\/p>\n<p style=\"text-align: justify;\">\u00ab Cette course n&rsquo;\u00e9tait pas pr\u00e9vue pour Goguen Spaise (12). On devait initialement courir le Quint\u00e9+ de lundi \u00e0 Compi\u00e8gne, mais j&rsquo;ai \u00e9t\u00e9 contraint de modifier le programme. Je ne suis pas certain que le trac\u00e9 de Nantes lui convienne, mais c&rsquo;est un super cheval. Il n&rsquo;a pas \u00e9norm\u00e9ment de marge dans les handicaps, mais il est tr\u00e8s r\u00e9gulier et a repris de la fra\u00eecheur. S&rsquo;il s&rsquo;adapte au parcours, il peut bien faire. \u00bb<\/p>\n<p id=\"ch_FAMOSO\" style=\"margin-bottom: 1%;\"><a href=\"https:\/\/www.equidia.fr\/chevaux\/famoso-1?horse_uuid=f2cc6a29-c799-4b9b-9894-dddf556b1dfe\" target=\"_blank\" rel=\"noopener\">13 &#8211; \u00a0<img decoding=\"async\" alt=\"casaque_FAMOSO\" src=\"https:\/\/www.europesays.com\/fr\/wp-content\/uploads\/2025\/06\/20250617-r1c1p13-png.png\" style=\"width: 4.5%; margin :0; vertical-align : middle;\"\/>\u00a0\u00a0FAMOSO<\/a><\/p>\n<p style=\"text-align: justify;\">Cet \u00e9l\u00e8ve de Christophe Pautier n&rsquo;a pas b\u00e9n\u00e9fici\u00e9 de circonstances favorables en dernier lieu et vaut mieux que ne l&rsquo;indique sa dixi\u00e8me place. Il est comp\u00e9titif \u00e0 cette valeur, mais la corde 16 annihile une bonne partie de ses chances.<\/p>\n<p><strong>Christophe Pautier, entra\u00eeneur : <\/strong><\/p>\n<p style=\"text-align: justify;\">\u00ab Il faut oublier la derni\u00e8re de Famoso (13) \u00e0 La Teste. Quand il court \u00e0 domicile, il manque parfois de concentration. Ce qui me g\u00eane surtout mardi, c&rsquo;est son num\u00e9ro dans les stalles. Avec un bon num\u00e9ro, il aurait eu une belle chance, mais l\u00e0, ce sera plus compliqu\u00e9. Il d\u00e9couvre Nantes, mais je pense qu&rsquo;il s&rsquo;y adaptera car il aime les profils vallonn\u00e9s et les parcours \u00e0 main gauche. Sa valeur est int\u00e9ressante, donc s&rsquo;il b\u00e9n\u00e9ficie d&rsquo;un bon parcours, il peut accrocher une place. \u00bb<\/p>\n<p id=\"ch_KER WELEN\" style=\"margin-bottom: 1%;\"><a href=\"https:\/\/www.equidia.fr\/chevaux\/ker-welen?horse_uuid=1b7802f6-c8fe-4f9a-805d-00234ed6d491\" target=\"_blank\" rel=\"noopener\">14 &#8211; \u00a0<img decoding=\"async\" alt=\"casaque_KER WELEN\" src=\"https:\/\/www.europesays.com\/fr\/wp-content\/uploads\/2025\/06\/1750136919_832_20250617-r1c1p14-png.png\" style=\"width: 4.5%; margin :0; vertical-align : middle;\"\/>\u00a0\u00a0KER WELEN<\/a><\/p>\n<p style=\"text-align: justify;\">Bien connu au niveau inf\u00e9rieur, ce hongre de 7 ans retrouve ici son hippodrome f\u00e9tiche, sur lequel il n&rsquo;est jamais sorti des cinq premiers en huit sorties. Il affronte un lot bien plus relev\u00e9 qu&rsquo;\u00e0 l&rsquo;accoutum\u00e9e, mais son aptitude \u00e0 la piste devrait compenser. \u00c0 retenir imp\u00e9rativement.<\/p>\n<p><strong>Norbert Leenders, entra\u00eeneur : <\/strong><\/p>\n<p style=\"text-align: justify;\">\u00ab Ker Welen (14) est un m\u00e9tronome. Il passe en premi\u00e8re \u00e9preuve, mais il pourra compter sur sa forme et son aptitude au parcours. Il est toujours tr\u00e8s performant \u00e0 Nantes. Son petit poids va l&rsquo;aider, tout comme son bon num\u00e9ro \u00e0 la corde. Dans ces conditions, il a les moyens de faire l&rsquo;arriv\u00e9e. \u00bb<\/p>\n<p id=\"ch_MARILLAWOOD\" style=\"margin-bottom: 1%;\"><a href=\"https:\/\/www.equidia.fr\/chevaux\/marillawood?horse_uuid=f50d159a-9938-4f5d-8d2e-291d8cc2a099\" target=\"_blank\" rel=\"noopener\">15 &#8211; \u00a0<img decoding=\"async\" alt=\"casaque_MARILLAWOOD\" src=\"https:\/\/www.europesays.com\/fr\/wp-content\/uploads\/2025\/06\/20250617-r1c1p15-png.png\" style=\"width: 4.5%; margin :0; vertical-align : middle;\"\/>\u00a0\u00a0MARILLAWOOD<\/a><\/p>\n<p style=\"text-align: justify;\">Convaincante le 3 mai au Mans, cette bonne finisseuse a ensuite mieux couru que ne l&rsquo;indique le classement brut (8e) au Val d&rsquo;Or. Dot\u00e9e d&rsquo;une pointe ac\u00e9r\u00e9e mais assez courte, elle devra b\u00e9n\u00e9ficier d&rsquo;un parcours aux petits oignons face \u00e0 de tels rivaux. En bout de piste.<\/p>\n<p><strong>Norbert Leenders, entra\u00eeneur : <\/strong><\/p>\n<p style=\"text-align: justify;\">\u00ab Marillawood (15) a bien couru derni\u00e8rement \u00e0 Saint-Cloud. Elle va d\u00e9couvrir Nantes, et m\u00eame si ce n&rsquo;est pas certain, je pense qu&rsquo;elle va s&rsquo;y adapter. Elle est en forme et prise \u00e0 sa juste valeur. Si le parcours lui pla\u00eet, elle ne devrait pas \u00eatre loin de la v\u00e9rit\u00e9. \u00bb<\/p>\n<p id=\"ch_CROWDFUNDING\" style=\"margin-bottom: 1%;\"><a href=\"https:\/\/www.equidia.fr\/chevaux\/crowdfunding-1?horse_uuid=f120536e-91d0-4595-b3e8-0f9681755849\" target=\"_blank\" rel=\"noopener\">16 &#8211; \u00a0<img decoding=\"async\" alt=\"casaque_CROWDFUNDING\" src=\"https:\/\/www.europesays.com\/fr\/wp-content\/uploads\/2025\/06\/1750136920_921_20250617-r1c1p16-png.png\" style=\"width: 4.5%; margin :0; vertical-align : middle;\"\/>\u00a0\u00a0CROWDFUNDING<\/a><\/p>\n<p style=\"text-align: justify;\">Arriv\u00e9 chez C\u00e9dric Boutin d\u00e9but avril, il a \u00e9t\u00e9 d\u00e9lest\u00e9 de trois kilos depuis son changement d&rsquo;environnement. Il a montr\u00e9 sa forme \u00e0 Compi\u00e8gne et a d\u00e9j\u00e0 remport\u00e9 un Quint\u00e9+ sur le mile. Bien situ\u00e9 dans les stalles, il fait figure de tr\u00e8s bel outsider.<\/p>\n<p><strong>C\u00e9dric Boutin, entra\u00eeneur : <\/strong><\/p>\n<p style=\"text-align: justify;\">\u00ab Les derni\u00e8res performances de Crowdfunding (16) ne sont pas de nature \u00e0 rassurer pour un Quint\u00e9+, mais il a tir\u00e9 un bon num\u00e9ro de corde, ce qui est un vrai avantage sur ce trac\u00e9. En plus, il portera un petit poids. Dans ces conditions, une place est envisageable. \u00bb<\/p>\n<p><strong>Les favoris de la presse<\/strong><\/p>\n<p class=\"synthese\"><strong>SYNTH\u00c8SE \u00a0\u00a0\u00a0\u00a05\u00a0\u00a0&#8211;\u00a0\u00a012\u00a0\u00a0&#8211;\u00a0\u00a02\u00a0\u00a0&#8211;\u00a0\u00a07\u00a0\u00a0&#8211;\u00a0\u00a03\u00a0\u00a0&#8211;\u00a0\u00a06\u00a0\u00a0&#8211;\u00a0\u00a014\u00a0\u00a0&#8211;\u00a0\u00a011<\/strong><\/p>\n<p><a href=\"https:\/\/servedby.revive-adserver.net\/ck.php?n=aa10a822&amp;cb=1234\" target=\"_blank\" rel=\"noopener\"><img decoding=\"async\" alt=\"\" border=\"0\" src=\"https:\/\/www.europesays.com\/fr\/wp-content\/uploads\/2025\/06\/1750136921_320_avw\"\/><\/a><\/p>\n<p><strong>Les stats du jour<\/strong><\/p>\n<p><img decoding=\"async\" src=\"https:\/\/www.europesays.com\/fr\/wp-content\/uploads\/2025\/06\/0617_stats-web_2025-jpg\"\/><\/p>\n<p><strong>Nos \u00e9missions de pronos<\/strong><a href=\"https:\/\/www.equidia.fr\/emissions\/3-mn-q-2023\" target=\"_blank\" rel=\"noopener\"><img decoding=\"async\" alt=\"3min-pronos\" class=\"img_prono\" src=\"https:\/\/www.europesays.com\/fr\/wp-content\/uploads\/2025\/04\/vignette-article-3min-pronos-jpg-1.jpeg\"\/><\/a>3 mn PRONOS du 17\/06<br \/>(Disponible lundi 16 juin 2025, \u00e0 partir de 17h55)<a href=\"https:\/\/www.equidia.fr\/emissions\/ticket-gagnant-2023\" target=\"_blank\" rel=\"noopener\"><img decoding=\"async\" alt=\"ticket-gagnant\" class=\"img_prono\" src=\"https:\/\/www.europesays.com\/fr\/wp-content\/uploads\/2025\/04\/vignette-article-ticket-gagnant-jpg-1.jpeg\"\/><\/a>TICKET GAGNANT du 17\/06<br \/>(Disponible lundi 16 juin 2025, \u00e0 partir de 18h00)<\/p>\n","protected":false},"excerpt":{"rendered":"Les partants du Quint\u00e9+ de ce mardi 17 juinPRIX DE L&rsquo;HIPPO&rsquo;SHOW (PRIX DE LA GARDEN PARTY)MARDI 17 JUINNANTES&hellip;\n","protected":false},"author":2,"featured_media":182543,"comment_status":"","ping_status":"","sticky":false,"template":"","format":"standard","meta":{"footnotes":""},"categories":[2818],"tags":[1111,11,1777,674,1011,27,3014,766,12,2636,3016,1821,3015,25],"class_list":{"0":"post-182542","1":"post","2":"type-post","3":"status-publish","4":"format-standard","5":"has-post-thumbnail","7":"category-nantes","8":"tag-actu","9":"tag-actualites","10":"tag-eu","11":"tag-europe","12":"tag-fr","13":"tag-france","14":"tag-galop","15":"tag-nantes","16":"tag-news","17":"tag-pays-de-la-loire","18":"tag-plat","19":"tag-pronostics","20":"tag-qrcode","21":"tag-republique-francaise"},"share_on_mastodon":{"url":"https:\/\/pubeurope.com\/@fr\/114696979636610935","error":""},"_links":{"self":[{"href":"https:\/\/www.europesays.com\/fr\/wp-json\/wp\/v2\/posts\/182542","targetHints":{"allow":["GET"]}}],"collection":[{"href":"https:\/\/www.europesays.com\/fr\/wp-json\/wp\/v2\/posts"}],"about":[{"href":"https:\/\/www.europesays.com\/fr\/wp-json\/wp\/v2\/types\/post"}],"author":[{"embeddable":true,"href":"https:\/\/www.europesays.com\/fr\/wp-json\/wp\/v2\/users\/2"}],"replies":[{"embeddable":true,"href":"https:\/\/www.europesays.com\/fr\/wp-json\/wp\/v2\/comments?post=182542"}],"version-history":[{"count":0,"href":"https:\/\/www.europesays.com\/fr\/wp-json\/wp\/v2\/posts\/182542\/revisions"}],"wp:featuredmedia":[{"embeddable":true,"href":"https:\/\/www.europesays.com\/fr\/wp-json\/wp\/v2\/media\/182543"}],"wp:attachment":[{"href":"https:\/\/www.europesays.com\/fr\/wp-json\/wp\/v2\/media?parent=182542"}],"wp:term":[{"taxonomy":"category","embeddable":true,"href":"https:\/\/www.europesays.com\/fr\/wp-json\/wp\/v2\/categories?post=182542"},{"taxonomy":"post_tag","embeddable":true,"href":"https:\/\/www.europesays.com\/fr\/wp-json\/wp\/v2\/tags?post=182542"}],"curies":[{"name":"wp","href":"https:\/\/api.w.org\/{rel}","templated":true}]}}