{"id":182552,"date":"2025-06-17T05:13:09","date_gmt":"2025-06-17T05:13:09","guid":{"rendered":"https:\/\/www.europesays.com\/fr\/182552\/"},"modified":"2025-06-17T05:13:09","modified_gmt":"2025-06-17T05:13:09","slug":"un-helicoptere-va-survoler-a-basse-altitude-plusieurs-communes-du-nord-dont-lille-voici-pourquoi","status":"publish","type":"post","link":"https:\/\/www.europesays.com\/fr\/182552\/","title":{"rendered":"Un h\u00e9licopt\u00e8re va survoler \u00e0 basse altitude plusieurs communes du Nord, dont Lille : voici pourquoi"},"content":{"rendered":"<p>            Par<br \/>\n        <strong><br \/>\n            <a href=\"https:\/\/actu.fr\/auteur\/raphael-mahlmann\" title=\"Consulter tous les articles de Rapha\u00ebl Mahlmann\" rel=\"nofollow noopener\" target=\"_blank\">Rapha\u00ebl Mahlmann<\/a><br \/>\n        <\/strong><\/p>\n<p>        Publi\u00e9 le<\/p>\n<p>            17 juin 2025 \u00e0 6h29        <\/p>\n<p>Un <a href=\"https:\/\/actu.fr\/hauts-de-france\/lille_59350\/des-helicopteres-de-larmee-vont-survoler-la-metropole-de-lille-ce-jeudi-voici-pourquoi_61895115.html\" rel=\"nofollow noopener\" target=\"_blank\">h\u00e9licopt\u00e8re<\/a> <b>RTE<\/b> va survoler <b>plusieurs agglom\u00e9rations du Nord<\/b>, notamment dans la m\u00e9tropole de <a href=\"https:\/\/actu.fr\/hauts-de-france\/lille_59350\" rel=\"nofollow noopener\" target=\"_blank\">Lille<\/a>, entre le mardi 17\u00a0juin et le vendredi 20\u00a0juin 2025. Et vous devriez l\u2019apercevoir facilement puisque l\u2019appareil volera \u00e0 basse altitude, <b>entre 20 et 60\u00a0m\u00e8tres de hauteur, \u00e0 30km\/h<\/b>. \u00c0 bord, trois salari\u00e9s de RTE sont en charge de cette mission\u2009: le pilote, l\u2019assistant navigateur et l\u2019op\u00e9rateur. Voici les communes concern\u00e9es par ces op\u00e9rations.<\/p>\n<p>Des coupures \u00e0 pr\u00e9voir\u2009?<\/p>\n<p class=\" wall-content\">Une premi\u00e8re vague d\u2019op\u00e9ration a d\u00e9j\u00e0 \u00e9t\u00e9 men\u00e9e dans le secteur de <a href=\"https:\/\/actu.fr\/hauts-de-france\/valenciennes_59606\" rel=\"nofollow noopener\" target=\"_blank\">Valenciennes<\/a> lundi. Ce mardi et mercredi, l\u2019h\u00e9licopt\u00e8re survolera la m\u00e9tropole lilloise. Une nouvelle op\u00e9ration est de nouveau pr\u00e9vue vers Valenciennes jeudi. L\u2019objectif de ces op\u00e9rations est de<b> s\u2019assurer du bon \u00e9tat des lignes \u00e9lectriques<\/b> et de <b>v\u00e9rifier la v\u00e9g\u00e9tation environnante<\/b> \u00e0 proximit\u00e9 des installations ainsi que la pr\u00e9sence de chantiers. Aucune coupure d\u2019\u00e9lectricit\u00e9 n\u2019est pr\u00e9vue au cours de cette op\u00e9ration, pr\u00e9cise RTE.<\/p>\n<p>Quelles sont les communes concern\u00e9es\u2009?<\/p>\n<p class=\" wall-content\">Aniche, Attiches, Armenti\u00e8res, Bers\u00e9e, Bondues, Bousbecque, Bruille-lez-Marchiennes, Capinghem, Ch\u00e9reng, Comines, Coutiches, Denain, F\u00e2ches, Flines-lez-Raches, Gondecourt, Allennes-les-Marais, Hallennes-lez-Haubourdin, Haubourdin, Hellemmes, Hem, Hornaing, La Sentinelle, Le Forest, Leers, Lezennes, Lille, Linselles, Lys-lez-Lannoy, Marcq-en-Bar\u0153ul, Marly, Marquette, Mastaing, M\u00e9rignies, Mons-en-Bar\u0153ul, Mouvaux, Neuville-sur-Escaut, Noyelles-les-Seclin, Pecquencourt, Phalempin, Pont\u00e0-Marcq, Pr\u00e9mesques, Roeulx, Santes, Sequedin St-Saulve, Thiant, Toufflers, Tourcoing, Valenciennes, Villeneuve d\u2019Ascq, Vred, Wasquehal, Wattignies, Wattrelos et Wavrin<\/p>\n<p class=\" wall-content\">Suivez toute l\u2019actualit\u00e9 de vos villes et m\u00e9dias favoris en vous inscrivant \u00e0 <a href=\"https:\/\/moncompte.actu.fr\" title=\"D\u00e9couvez Mon Actu\" rel=\"nofollow noopener\" data-trk=\"{&quot;cta&quot;:{&quot;action&quot;:&quot;https:\\\/\\\/moncompte.actu.fr&quot;,&quot;category&quot;:&quot;mon compte&quot;,&quot;from&quot;:&quot;article footer&quot;,&quot;name&quot;:&quot;Mon actu&quot;,&quot;type&quot;:&quot;cta&quot;}}\" target=\"_blank\">Mon Actu<\/a>.<\/p>\n","protected":false},"excerpt":{"rendered":"Par Rapha\u00ebl Mahlmann Publi\u00e9 le 17 juin 2025 \u00e0 6h29 Un h\u00e9licopt\u00e8re RTE va survoler plusieurs agglom\u00e9rations du&hellip;\n","protected":false},"author":2,"featured_media":182553,"comment_status":"","ping_status":"","sticky":false,"template":"","format":"standard","meta":{"footnotes":""},"categories":[2815],"tags":[1111,11,579,1777,674,1011,27,811,1307,12,25,104],"class_list":{"0":"post-182552","1":"post","2":"type-post","3":"status-publish","4":"format-standard","5":"has-post-thumbnail","7":"category-lille","8":"tag-actu","9":"tag-actualites","10":"tag-electricite","11":"tag-eu","12":"tag-europe","13":"tag-fr","14":"tag-france","15":"tag-hauts-de-france","16":"tag-lille","17":"tag-news","18":"tag-republique-francaise","19":"tag-societe"},"share_on_mastodon":{"url":"https:\/\/pubeurope.com\/@fr\/114696998272968035","error":""},"_links":{"self":[{"href":"https:\/\/www.europesays.com\/fr\/wp-json\/wp\/v2\/posts\/182552","targetHints":{"allow":["GET"]}}],"collection":[{"href":"https:\/\/www.europesays.com\/fr\/wp-json\/wp\/v2\/posts"}],"about":[{"href":"https:\/\/www.europesays.com\/fr\/wp-json\/wp\/v2\/types\/post"}],"author":[{"embeddable":true,"href":"https:\/\/www.europesays.com\/fr\/wp-json\/wp\/v2\/users\/2"}],"replies":[{"embeddable":true,"href":"https:\/\/www.europesays.com\/fr\/wp-json\/wp\/v2\/comments?post=182552"}],"version-history":[{"count":0,"href":"https:\/\/www.europesays.com\/fr\/wp-json\/wp\/v2\/posts\/182552\/revisions"}],"wp:featuredmedia":[{"embeddable":true,"href":"https:\/\/www.europesays.com\/fr\/wp-json\/wp\/v2\/media\/182553"}],"wp:attachment":[{"href":"https:\/\/www.europesays.com\/fr\/wp-json\/wp\/v2\/media?parent=182552"}],"wp:term":[{"taxonomy":"category","embeddable":true,"href":"https:\/\/www.europesays.com\/fr\/wp-json\/wp\/v2\/categories?post=182552"},{"taxonomy":"post_tag","embeddable":true,"href":"https:\/\/www.europesays.com\/fr\/wp-json\/wp\/v2\/tags?post=182552"}],"curies":[{"name":"wp","href":"https:\/\/api.w.org\/{rel}","templated":true}]}}