{"id":182556,"date":"2025-06-17T05:15:09","date_gmt":"2025-06-17T05:15:09","guid":{"rendered":"https:\/\/www.europesays.com\/fr\/182556\/"},"modified":"2025-06-17T05:15:09","modified_gmt":"2025-06-17T05:15:09","slug":"ecologistes-et-insoumis-interpellent-le-maire-sur-gaza","status":"publish","type":"post","link":"https:\/\/www.europesays.com\/fr\/182556\/","title":{"rendered":"\u00e9cologistes et Insoumis interpellent le maire sur Gaza"},"content":{"rendered":"<p>Sur le sujet, le rapprochement entre les Insoumis et les \u00e9lus municipaux \u00e9cologistes marseillais est devenu habituel. Depuis les 7\u00a0octobre\u00a02023, ils ont d\u00e9fil\u00e9 <a href=\"https:\/\/www.laprovence.com\/article\/region\/19746326263304\/des-elus-marseillais-appellent-a-la-fin-du-massacre-a-gaza\" target=\"_blank\" rel=\"nofollow noopener\">ensemble et paraph\u00e9 tous les appels<\/a> pour demander \u00ab\u00a0un cessez-le-feu imm\u00e9diat \u00e0 Gaza\u00a0\u00bb, \u00ab\u00a0<a href=\"https:\/\/www.laprovence.com\/article\/politique\/7070967127325414\/guerre-a-gaza-une-quarantaine-de-blesses-lors-de-la-distribution-daide-la-plupart-lont-ete-par-balles\" target=\"_blank\" rel=\"nofollow noopener\">la fin des massacres subis par le peuple palestinien<\/a>\u00a0\u00bb ou \u00ab\u00a0l\u2019arr\u00eat du blocus\u00a0\u00bb pour permettre \u00e0 l\u2019<a href=\"https:\/\/www.laprovence.com\/article\/politique\/7922523993792314\/guerre-a-gaza-600-jours-de-guerre-lonu-condamne-le-systeme-daide-mis-en-place-par-israel\" target=\"_blank\" rel=\"nofollow noopener\">aide humanitaire d\u2019atteindre l\u2019enclave<\/a>.<\/p>\n<p>Ce lundi 16\u00a0juin, au Caf\u00e9 de la Banque (6e), le d\u00e9put\u00e9 (LFI) S\u00e9bastien Delogu et les \u00e9lus \u00e9cologistes de la majorit\u00e9 municipale avaient cette fois convoqu\u00e9 la presse pour s\u2019adresser publiquement au maire (DVG) de Marseille et lui demander des \u00ab\u00a0actes pr\u00e9cis\u00a0\u00bb, alors que \u00ab\u00a0beaucoup de collectivit\u00e9s prennent position\u00a0\u00bb. Avec, comme point central, \u00ab\u00a0le gel, la suspension ou la fin\u00a0\u00bb du<a href=\"https:\/\/www.laprovence.com\/article\/societe\/2881255215746915\/ils-demandent-la-fin-du-jumelage-entre-marseille-et-haifa-marquer-localement-notre-opposition\" target=\"_blank\" rel=\"nofollow noopener\"> jumelage entre Marseille et la ville isra\u00e9lienne d\u2019Ha\u00effa<\/a>.<\/p>\n<p>Une d\u00e9lib\u00e9ration comme outil de \u00ab\u00a0pression\u00a0\u00bb<\/p>\n<p>\u00ab\u00a0De grandes villes fran\u00e7aises et europ\u00e9ennes portent des actions symboliques mais essentielles. Marseille doit \u00eatre l\u2019une d\u2019entre elles, estime S\u00e9bastien Barles, adjoint au maire (EELV) en charge de l\u2019environnement. Le conseil municipal doit \u00eatre le lieu pour s\u2019engager, pour pousser la France vers une reconnaissance de l\u2019\u00c9tat de Palestine ou le gel de tout accord ou coop\u00e9ration avec un territoire isra\u00e9lien, directement li\u00e9 avec un \u00e9tat g\u00e9nocidaire. Il faut que Marseille fasse pression, avec le vote d\u2019une d\u00e9lib\u00e9ration.\u00a0\u00bb<\/p>\n","protected":false},"excerpt":{"rendered":"Sur le sujet, le rapprochement entre les Insoumis et les \u00e9lus municipaux \u00e9cologistes marseillais est devenu habituel. Depuis&hellip;\n","protected":false},"author":2,"featured_media":182557,"comment_status":"","ping_status":"","sticky":false,"template":"","format":"standard","meta":{"footnotes":""},"categories":[2814],"tags":[17,1111,11,2339,1777,674,1011,27,665,31899,32064,5107,884,12,882,16,25,3356],"class_list":{"0":"post-182556","1":"post","2":"type-post","3":"status-publish","4":"format-standard","5":"has-post-thumbnail","7":"category-marseille","8":"tag-17","9":"tag-actu","10":"tag-actualites","11":"tag-ecologistes","12":"tag-eu","13":"tag-europe","14":"tag-fr","15":"tag-france","16":"tag-gaza","17":"tag-insoumis","18":"tag-interpellent","19":"tag-maire","20":"tag-marseille","21":"tag-news","22":"tag-provence-alpes-cote-dazur","23":"tag-region","24":"tag-republique-francaise","25":"tag-sur"},"share_on_mastodon":{"url":"https:\/\/pubeurope.com\/@fr\/114697006345585293","error":""},"_links":{"self":[{"href":"https:\/\/www.europesays.com\/fr\/wp-json\/wp\/v2\/posts\/182556","targetHints":{"allow":["GET"]}}],"collection":[{"href":"https:\/\/www.europesays.com\/fr\/wp-json\/wp\/v2\/posts"}],"about":[{"href":"https:\/\/www.europesays.com\/fr\/wp-json\/wp\/v2\/types\/post"}],"author":[{"embeddable":true,"href":"https:\/\/www.europesays.com\/fr\/wp-json\/wp\/v2\/users\/2"}],"replies":[{"embeddable":true,"href":"https:\/\/www.europesays.com\/fr\/wp-json\/wp\/v2\/comments?post=182556"}],"version-history":[{"count":0,"href":"https:\/\/www.europesays.com\/fr\/wp-json\/wp\/v2\/posts\/182556\/revisions"}],"wp:featuredmedia":[{"embeddable":true,"href":"https:\/\/www.europesays.com\/fr\/wp-json\/wp\/v2\/media\/182557"}],"wp:attachment":[{"href":"https:\/\/www.europesays.com\/fr\/wp-json\/wp\/v2\/media?parent=182556"}],"wp:term":[{"taxonomy":"category","embeddable":true,"href":"https:\/\/www.europesays.com\/fr\/wp-json\/wp\/v2\/categories?post=182556"},{"taxonomy":"post_tag","embeddable":true,"href":"https:\/\/www.europesays.com\/fr\/wp-json\/wp\/v2\/tags?post=182556"}],"curies":[{"name":"wp","href":"https:\/\/api.w.org\/{rel}","templated":true}]}}