{"id":182558,"date":"2025-06-17T05:16:09","date_gmt":"2025-06-17T05:16:09","guid":{"rendered":"https:\/\/www.europesays.com\/fr\/182558\/"},"modified":"2025-06-17T05:16:09","modified_gmt":"2025-06-17T05:16:09","slug":"marseille-le-procureur-de-marseille-a-lecoute-des-jeunes-du-centre-social-saint-barthelemy","status":"publish","type":"post","link":"https:\/\/www.europesays.com\/fr\/182558\/","title":{"rendered":"Marseille\u00a0: le procureur de Marseille \u00e0 l\u2019\u00e9coute des jeunes du centre social Saint-Barth\u00e9l\u00e9my"},"content":{"rendered":"<p>C\u2019est une rencontre rare. D\u2019un c\u00f4t\u00e9, le <a href=\"https:\/\/www.laprovence.com\/article\/faits-divers-justice\/1520458867464415\/la-jirs-de-marseille-a-connu-un-tournant-avec-la-tuerie-des-marronniers-pointe-le-procureur-nicolas-bessone\" target=\"_blank\" rel=\"nofollow noopener\">procureur de la R\u00e9publique de Marseille, Nicolas Bessone<\/a>. Assis en face et autour de lui, une vingtaine de lyc\u00e9ens convi\u00e9s par l\u2019association <a href=\"https:\/\/www.laprovence.com\/article\/politique\/2031398254112114\/marseille-melting-pot-l-association-qui-lutte-contre-l-abstentionnisme-lors-des-elections\" target=\"_blank\" rel=\"nofollow noopener\">Melting pot<\/a> \u00e0 une conversation \u00e0 b\u00e2tons rompus avec le plus haut repr\u00e9sentant du minist\u00e8re public. Depuis\u00a02022, cette association marseillaise s\u2019est donn\u00e9 un objectif\u00a0: \u0153uvrer contre l\u2019abstention des jeunes, particuli\u00e8rement dans les quartiers populaires, en organisant des actions de sensibilisation citoyenne.<\/p>\n<p>Vendredi dernier, au centre social Saint Barth\u00e9l\u00e9my, dans le 14e\u00a0arrondissement de Marseille, c\u2019est donc un invit\u00e9 de marque, Nicolas Bessone, qui a accept\u00e9 de\u00a0participer \u00e0 une action de sensibilisation citoyenne.<\/p>\n<p>Des discoth\u00e8ques aixoises \u00e0 Palerme<\/p>\n<p>D\u00e9crit par les participants comme tr\u00e8s \u00e0 l\u2019aise et sans langue de bois, le procureur de Marseille a pris le temps d\u2019\u00e9changer sur son parcours, sa vision de la justice et son r\u00f4le clef au sein de la cit\u00e9.<\/p>\n<p>\u00ab\u00a0En prenant appui sur des cadres photo distribu\u00e9s par les lyc\u00e9ens, le procureur de la R\u00e9publique a partag\u00e9 les temps forts de sa carri\u00e8re, racontent les organisateurs. Parmi les clich\u00e9s\u00a0: la bo\u00eete de nuit Le Krypton \u00e0 Aix pour illustrer la criminalit\u00e9 dans les ann\u00e9es\u00a080-90, les Ultras \u00e0 Furiani pour \u00e9voquer sa fonction de magistrat \u00e0 Bastia occup\u00e9e pendant trois ans, une photo de Palerme en Italie pour rappeler son stage en\u00a02005 \u00e0 la division <a href=\"https:\/\/www.laprovence.com\/article\/region\/1495504681240816\/roberto-saviano-a-marseille-les-criminels-sont-des-entrepreneurs\" target=\"_blank\" rel=\"nofollow noopener\">antimafia<\/a> ou encore une pellicule de Strasbourg\u00a0\u00bb.<\/p>\n<p>Et de se f\u00e9liciter\u00a0: \u00ab\u00a0Apr\u00e8s plusieurs riches anecdotes sur l\u2019histoire de la criminalit\u00e9 \u00e0 Marseille ou son passage sur l\u2019\u00eele de Beaut\u00e9, le procureur de la R\u00e9publique a r\u00e9pondu aux questions des lyc\u00e9ens. Nombre de places en prison, r\u00e8glement de comptes, <a href=\"https:\/\/www.laprovence.com\/article\/faits-divers-justice\/1252415836151715\/scandale-a-loffice-antistups-de-marseille-le-capitaine-de-police-mis-en-examen-pour-importation-de-stupefiants-sous-controle-judiciaire\" target=\"_blank\" rel=\"nofollow noopener\">corruption de la police<\/a>, et m\u00eame son salaire\u2026 Le magistrat s\u2019est livr\u00e9 \u00e0 l\u2019exercice sans d\u00e9tour\u00a0!\u00a0\u00bb<\/p>\n<p>Apr\u00e8s deux heures d\u2019\u00e9change, le procureur de la R\u00e9publique \u00e0 inviter les jeunes \u00e0 un exercice pratique\u00a0: assister \u00e0 une audience au tribunal correctionnel de Marseille.<\/p>\n","protected":false},"excerpt":{"rendered":"C\u2019est une rencontre rare. D\u2019un c\u00f4t\u00e9, le procureur de la R\u00e9publique de Marseille, Nicolas Bessone. Assis en face&hellip;\n","protected":false},"author":2,"featured_media":182559,"comment_status":"","ping_status":"","sticky":false,"template":"","format":"standard","meta":{"footnotes":""},"categories":[2814],"tags":[17,1111,11,3335,154,1777,674,1011,27,4074,32065,884,12,5511,882,16,25],"class_list":{"0":"post-182558","1":"post","2":"type-post","3":"status-publish","4":"format-standard","5":"has-post-thumbnail","7":"category-marseille","8":"tag-17","9":"tag-actu","10":"tag-actualites","11":"tag-centre","12":"tag-des","13":"tag-eu","14":"tag-europe","15":"tag-fr","16":"tag-france","17":"tag-jeunes","18":"tag-lecoute","19":"tag-marseille","20":"tag-news","21":"tag-procureur","22":"tag-provence-alpes-cote-dazur","23":"tag-region","24":"tag-republique-francaise"},"share_on_mastodon":{"url":"https:\/\/pubeurope.com\/@fr\/114697010117405691","error":""},"_links":{"self":[{"href":"https:\/\/www.europesays.com\/fr\/wp-json\/wp\/v2\/posts\/182558","targetHints":{"allow":["GET"]}}],"collection":[{"href":"https:\/\/www.europesays.com\/fr\/wp-json\/wp\/v2\/posts"}],"about":[{"href":"https:\/\/www.europesays.com\/fr\/wp-json\/wp\/v2\/types\/post"}],"author":[{"embeddable":true,"href":"https:\/\/www.europesays.com\/fr\/wp-json\/wp\/v2\/users\/2"}],"replies":[{"embeddable":true,"href":"https:\/\/www.europesays.com\/fr\/wp-json\/wp\/v2\/comments?post=182558"}],"version-history":[{"count":0,"href":"https:\/\/www.europesays.com\/fr\/wp-json\/wp\/v2\/posts\/182558\/revisions"}],"wp:featuredmedia":[{"embeddable":true,"href":"https:\/\/www.europesays.com\/fr\/wp-json\/wp\/v2\/media\/182559"}],"wp:attachment":[{"href":"https:\/\/www.europesays.com\/fr\/wp-json\/wp\/v2\/media?parent=182558"}],"wp:term":[{"taxonomy":"category","embeddable":true,"href":"https:\/\/www.europesays.com\/fr\/wp-json\/wp\/v2\/categories?post=182558"},{"taxonomy":"post_tag","embeddable":true,"href":"https:\/\/www.europesays.com\/fr\/wp-json\/wp\/v2\/tags?post=182558"}],"curies":[{"name":"wp","href":"https:\/\/api.w.org\/{rel}","templated":true}]}}