{"id":182564,"date":"2025-06-17T05:19:09","date_gmt":"2025-06-17T05:19:09","guid":{"rendered":"https:\/\/www.europesays.com\/fr\/182564\/"},"modified":"2025-06-17T05:19:09","modified_gmt":"2025-06-17T05:19:09","slug":"prolongement-du-metro-en-ile-de-france-vivre-pres-dune-nouvelle-station-ca-change-la-vie","status":"publish","type":"post","link":"https:\/\/www.europesays.com\/fr\/182564\/","title":{"rendered":"Prolongement du m\u00e9tro en \u00cele-de-France\u00a0: vivre pr\u00e8s d\u2019une nouvelle station, \u00ab\u00a0\u00e7a change la vie\u00a0\u00bb"},"content":{"rendered":"<p class=\"paragraph text_align_left\">C\u2019est sans doute la phrase la plus entendue \u00e0 Rosny-sous-Bois le vendredi 13 juin, un an jour pour jour apr\u00e8s la mise en service du prolongement de la ligne 11 du m\u00e9tro en Seine-Saint-Denis. <a href=\"https:\/\/www.leparisien.fr\/info-paris-ile-de-france-oise\/transports\/ligne-11-du-metro-un-an-apres-son-prolongement-jusqua-rosny-sous-bois-quel-bilan-14-06-2025-DHJHM75DR5GYTAQQZPGZXY2XKU.php\" target=\"_blank\" rel=\"noreferrer nofollow noopener\">En ce jour anniversaire, <\/a>la RATP avait organis\u00e9 une petite f\u00eate \u00e0 Rosny-Bois-Perrier, le terminus. L\u2019occasion de distribuer quelques goodies et de prendre le pouls aupr\u00e8s des usagers. \u00ab Je m\u2019attendais \u00e0 quelques critiques, mais il n\u2019y en a pas vraiment \u00bb, glisse un agent RATP.<\/p>\n<p class=\"paragraph text_align_left\">\u00ab Tr\u00e8s bien \u00bb, \u00ab plus pratique \u00bb, \u00ab g\u00e9nial \u00bb\u2026 On fr\u00f4le le 100 % de satisfaction ! \u00ab Je gagne quasiment une heure pour aller travailler, calcule Nadine, une habitante de Montfermeil de 41 ans qui travaille dans le centre de Paris. Et je n\u2019ai jamais eu de probl\u00e8me sur la ligne. \u00bb<\/p>\n","protected":false},"excerpt":{"rendered":"C\u2019est sans doute la phrase la plus entendue \u00e0 Rosny-sous-Bois le vendredi 13 juin, un an jour pour&hellip;\n","protected":false},"author":2,"featured_media":182565,"comment_status":"","ping_status":"","sticky":false,"template":"","format":"standard","meta":{"footnotes":""},"categories":[1592],"tags":[1111,11,1777,674,1011,27,662,1944,12,626,25,2382],"class_list":{"0":"post-182564","1":"post","2":"type-post","3":"status-publish","4":"format-standard","5":"has-post-thumbnail","7":"category-ile-de-france","8":"tag-actu","9":"tag-actualites","10":"tag-eu","11":"tag-europe","12":"tag-fr","13":"tag-france","14":"tag-ile-de-france","15":"tag-ma-ville","16":"tag-news","17":"tag-paris","18":"tag-republique-francaise","19":"tag-transport-idf-oise"},"share_on_mastodon":{"url":"https:\/\/pubeurope.com\/@fr\/114697021930890357","error":""},"_links":{"self":[{"href":"https:\/\/www.europesays.com\/fr\/wp-json\/wp\/v2\/posts\/182564","targetHints":{"allow":["GET"]}}],"collection":[{"href":"https:\/\/www.europesays.com\/fr\/wp-json\/wp\/v2\/posts"}],"about":[{"href":"https:\/\/www.europesays.com\/fr\/wp-json\/wp\/v2\/types\/post"}],"author":[{"embeddable":true,"href":"https:\/\/www.europesays.com\/fr\/wp-json\/wp\/v2\/users\/2"}],"replies":[{"embeddable":true,"href":"https:\/\/www.europesays.com\/fr\/wp-json\/wp\/v2\/comments?post=182564"}],"version-history":[{"count":0,"href":"https:\/\/www.europesays.com\/fr\/wp-json\/wp\/v2\/posts\/182564\/revisions"}],"wp:featuredmedia":[{"embeddable":true,"href":"https:\/\/www.europesays.com\/fr\/wp-json\/wp\/v2\/media\/182565"}],"wp:attachment":[{"href":"https:\/\/www.europesays.com\/fr\/wp-json\/wp\/v2\/media?parent=182564"}],"wp:term":[{"taxonomy":"category","embeddable":true,"href":"https:\/\/www.europesays.com\/fr\/wp-json\/wp\/v2\/categories?post=182564"},{"taxonomy":"post_tag","embeddable":true,"href":"https:\/\/www.europesays.com\/fr\/wp-json\/wp\/v2\/tags?post=182564"}],"curies":[{"name":"wp","href":"https:\/\/api.w.org\/{rel}","templated":true}]}}