{"id":182566,"date":"2025-06-17T05:20:14","date_gmt":"2025-06-17T05:20:14","guid":{"rendered":"https:\/\/www.europesays.com\/fr\/182566\/"},"modified":"2025-06-17T05:20:14","modified_gmt":"2025-06-17T05:20:14","slug":"neuilly-sur-marne-chatenay-malabry-jusquou-pourrait-on-prolonger-les-lignes-de-metro-en-ile-de-france","status":"publish","type":"post","link":"https:\/\/www.europesays.com\/fr\/182566\/","title":{"rendered":"Neuilly-sur-Marne, Ch\u00e2tenay-Malabry\u2026 Jusqu\u2019o\u00f9 pourrait-on prolonger les lignes de m\u00e9tro en \u00cele-de-France\u00a0?"},"content":{"rendered":"<p class=\"paragraph text_align_left\">Le 11 juin 2023, <a href=\"https:\/\/www.leparisien.fr\/seine-saint-denis-93\/la-ligne-11-est-vitale-a-neuilly-sur-marne-les-habitants-se-rassemblent-pour-le-prolongement-du-metro-11-06-2023-A6GU7JJ2H5H2RFYXKY5NKCICOM.php\" target=\"_blank\" rel=\"noreferrer nofollow noopener\">plus de 3 000 personnes se rassemblaient<\/a> dans le parc de la Maison-Blanche, \u00e0 Neuilly-sur-Marne (Seine-Saint-Denis), pour r\u00e9clamer le prolongement de la ligne 11 du m\u00e9tro jusqu\u2019\u00e0 la station Noisy-Champs, en Seine-et-Marne. \u00ab Un tournant d\u00e9cisif pour l\u2019avenir du prolongement \u00bb, se souvient le maire, Zartoshte Bakhtiari (DVD). La pr\u00e9sidente de la r\u00e9gion \u00cele-de-France, <a href=\"https:\/\/www.leparisien.fr\/politique\/valerie-pecresse\/\" target=\"_blank\" rel=\"noreferrer nofollow noopener\">Val\u00e9rie P\u00e9cresse, <\/a>s\u2019\u00e9tait alors engag\u00e9e \u00e0 soutenir mordicus ce projet encore dans les cartons.<\/p>\n<p class=\"paragraph text_align_left\">Depuis, l\u2019\u00e9lu n\u2019a de cesse d\u2019interpeller le plus haut sommet de l\u2019\u00c9tat au sujet de ce prolongement qui d\u00e9senclaverait les villes de Villemomble, Neuilly-Plaisance et Neuilly-sur-Marne, via dix kilom\u00e8tres de lignes suppl\u00e9mentaires.<\/p>\n","protected":false},"excerpt":{"rendered":"Le 11 juin 2023, plus de 3 000 personnes se rassemblaient dans le parc de la Maison-Blanche, \u00e0&hellip;\n","protected":false},"author":2,"featured_media":182567,"comment_status":"","ping_status":"","sticky":false,"template":"","format":"standard","meta":{"footnotes":""},"categories":[1592],"tags":[1111,11,1777,674,1011,27,662,1944,12,626,25,2382],"class_list":{"0":"post-182566","1":"post","2":"type-post","3":"status-publish","4":"format-standard","5":"has-post-thumbnail","7":"category-ile-de-france","8":"tag-actu","9":"tag-actualites","10":"tag-eu","11":"tag-europe","12":"tag-fr","13":"tag-france","14":"tag-ile-de-france","15":"tag-ma-ville","16":"tag-news","17":"tag-paris","18":"tag-republique-francaise","19":"tag-transport-idf-oise"},"share_on_mastodon":{"url":"https:\/\/pubeurope.com\/@fr\/114697025910848654","error":""},"_links":{"self":[{"href":"https:\/\/www.europesays.com\/fr\/wp-json\/wp\/v2\/posts\/182566","targetHints":{"allow":["GET"]}}],"collection":[{"href":"https:\/\/www.europesays.com\/fr\/wp-json\/wp\/v2\/posts"}],"about":[{"href":"https:\/\/www.europesays.com\/fr\/wp-json\/wp\/v2\/types\/post"}],"author":[{"embeddable":true,"href":"https:\/\/www.europesays.com\/fr\/wp-json\/wp\/v2\/users\/2"}],"replies":[{"embeddable":true,"href":"https:\/\/www.europesays.com\/fr\/wp-json\/wp\/v2\/comments?post=182566"}],"version-history":[{"count":0,"href":"https:\/\/www.europesays.com\/fr\/wp-json\/wp\/v2\/posts\/182566\/revisions"}],"wp:featuredmedia":[{"embeddable":true,"href":"https:\/\/www.europesays.com\/fr\/wp-json\/wp\/v2\/media\/182567"}],"wp:attachment":[{"href":"https:\/\/www.europesays.com\/fr\/wp-json\/wp\/v2\/media?parent=182566"}],"wp:term":[{"taxonomy":"category","embeddable":true,"href":"https:\/\/www.europesays.com\/fr\/wp-json\/wp\/v2\/categories?post=182566"},{"taxonomy":"post_tag","embeddable":true,"href":"https:\/\/www.europesays.com\/fr\/wp-json\/wp\/v2\/tags?post=182566"}],"curies":[{"name":"wp","href":"https:\/\/api.w.org\/{rel}","templated":true}]}}