{"id":182568,"date":"2025-06-17T05:21:09","date_gmt":"2025-06-17T05:21:09","guid":{"rendered":"https:\/\/www.europesays.com\/fr\/182568\/"},"modified":"2025-06-17T05:21:09","modified_gmt":"2025-06-17T05:21:09","slug":"le-chanteur-complotiste-martial-lanoir-devant-les-assises","status":"publish","type":"post","link":"https:\/\/www.europesays.com\/fr\/182568\/","title":{"rendered":"le chanteur complotiste Martial Lanoir devant les assises"},"content":{"rendered":"<p>            Par<br \/>\n        <strong><br \/>\n            <a href=\"https:\/\/actu.fr\/auteur\/antoine-blanchet\" title=\"Consulter tous les articles de Antoine Blanchet\" rel=\"nofollow noopener\" target=\"_blank\">Antoine Blanchet<\/a><br \/>\n        <\/strong><\/p>\n<p>        Publi\u00e9 le<\/p>\n<p>            17 juin 2025 \u00e0 6h30        <\/p>\n<p>\u00ab\u00a0Y\u2019a qu\u2019une logique dans leur syst\u00e8me. Semer la peur. Semer la mort\u00a0\u00bb. Les paroles de la chanson, qui reprend un air de <a href=\"https:\/\/actu.fr\/tag\/francis-cabrel\" rel=\"nofollow noopener\" target=\"_blank\">Francis Cabrel<\/a>, se veulent d\u00e9nonciatrices. D\u00e9nonciatrices d\u2019une \u00ab\u00a0dictature sanitaire\u00a0\u00bb et de l\u2019assassinat volontaire des personnes \u00e2g\u00e9es dans les Ehpad. Casquette grise sur la t\u00eate et guitare entre les mains, <strong>Martial Lanoir<\/strong> d\u00e9verse ainsi pendant plusieurs minutes ses th\u00e9ories complotistes.<\/p>\n<p class=\" wall-content\">Ce mardi 17 juin 2025, quelques ann\u00e9es apr\u00e8s cet enregistrement, ce n\u2019est pas dans une salle de concert que le compositeur a rendez-vous, mais aux assises de <a href=\"https:\/\/actu.fr\/paris\/\" rel=\"nofollow noopener\" target=\"_blank\">Paris<\/a>. Pas de foule en d\u00e9lire, mais des juges et des jur\u00e9s. Pas de cachet \u00e0 la cl\u00e9, mais potentiellement<strong> 30 ans de r\u00e9clusion criminelle.<\/strong> Martial Lanoir compara\u00eet pour avoir \u00ab\u00a0sem\u00e9 la mort\u00a0\u00bb. En 2022, <a href=\"https:\/\/actu.fr\/ile-de-france\/poissy_78498\/meurtre-de-paris-eric-l-abattu-d-une-balle-en-pleine-tete-vivait-a-poissy_50969174.html\" rel=\"nofollow noopener\" target=\"_blank\">il a abattu un homme en pleine rue<\/a> \u00e0 Pigalle.\u00a0<\/p>\n<p>Un complotisme exacerb\u00e9\u00a0<\/p>\n<p class=\" wall-content\">Le crime, survenu dans la nuit du 13 au 14 mai 2022, est une rencontre fatale. D\u2019un c\u00f4t\u00e9, Martial Lanoir, un homme qui a bascul\u00e9 d\u2019ann\u00e9es en ann\u00e9es <a href=\"https:\/\/actu.fr\/normandie\/elbeuf_76231\/complotisme-malaise-autour-d-une-seance-de-cinema-au-grand-mercure-d-elbeuf_56263584.html\" rel=\"nofollow noopener\" target=\"_blank\">dans le complotisme le plus virulent<\/a>. Ce musicien autrefois remarqu\u00e9 dans plusieurs festivals s\u2019est peu \u00e0 peu dans une forteresse complotiste, antis\u00e9mite et raciste. Sur Telegram, il anime un groupe \u00e0 la gloire d\u2019Adolf Hitler. Sur Youtube, <strong>il parle face cam\u00e9ra du grand remplacement<\/strong>. En 2020, le confinement donne du grain \u00e0 moudre pour cet ancien fid\u00e8le d\u2019Alain Soral. On le retrouve dans la rue \u00e0 hurler dans un micro que l\u2019\u00e9pid\u00e9mie a \u00e9t\u00e9 fabriqu\u00e9e, ou encore en train d\u2019interrompre en direct une \u00e9mission de <a href=\"https:\/\/actu.fr\/loisirs-culture\/touche-pas-a-mon-poste-c-est-fini-mais-pas-cyril-hanouna-ou-retrouver-l-animateur-avant-son-arrivee-sur-m6_62422662.html\" rel=\"nofollow noopener\" target=\"_blank\">Touche pas \u00e0 mon poste (TPMP)<\/a>.<\/p>\n<p>Une balle dans la t\u00eate\u00a0<\/p>\n<p class=\" wall-content\">De l\u2019autre c\u00f4t\u00e9,<strong> \u00c9ric Casado Lopez<\/strong>. N\u00e9 d\u2019un p\u00e8re marocain et d\u2019une m\u00e8re espagnole, ce jeune homme a grandi dans les <a href=\"https:\/\/actu.fr\/78actu\/\" rel=\"nofollow noopener\" target=\"_blank\">Yvelines<\/a>. Le 13 mai 2022, le jeune cariste vient de signer un CDI et se rend \u00e0 Pigalle avec des amis pour f\u00eater l\u2019embauche. Vers 2 heures du matin, \u00c9ric Casado Lopez a une altercation avec un marginal. Tout le monde est alcoolis\u00e9. Une bagarre commence.\u00a0<\/p>\n<p class=\" wall-content\">C\u2019est lors de cet \u00e9change de coups que la voiture de Martial Lanoir se gare \u00e0 proximit\u00e9. Le supr\u00e9maciste \u00e9tait parti faire une balade nocturne. Il ne se s\u00e9pare jamais de son arme, un <strong>Colt 45 mod\u00e8le 1911<\/strong>. Voyant la rixe, il d\u00e9cide d\u2019intervenir. La suite est confuse jusqu\u2019au d\u00e9nouement fatal. Un coup de feu r\u00e9sonne dans le quartier branch\u00e9. Sans sommation, \u00c9ric Casado Lopez est abattu d\u2019une balle dans la t\u00eate. Martial Lanoir prend alors la fuite.\u00a0<\/p>\n<p>L\u2019accus\u00e9 toujours convaincu d\u2019avoir voulu sauver\u00a0<\/p>\n<p class=\" wall-content\">La cavale de l\u2019accus\u00e9 ne dure pas bien longtemps. Il est interpell\u00e9 par un \u00e9quipage de la <strong>brigade anticriminalit\u00e9<\/strong> en bas de chez lui. Avec sa compagne, il tentait de filer se cacher en Loz\u00e8re. Il est plac\u00e9 en garde \u00e0 vue, mis en examen et plac\u00e9 en <strong>d\u00e9tention provisoire<\/strong>.\u00a0<\/p>\n<p class=\" wall-content\">Depuis, le musicien s\u2019est fait peintre. Plusieurs de ses \u0153uvres peintes en cellule sont revendues via internet. Plusieurs proches affirment sur les r\u00e9seaux que la <a href=\"https:\/\/actu.fr\/tag\/meurtre\" rel=\"nofollow noopener\" target=\"_blank\">nuit du meurtre<\/a>, l\u2019accus\u00e9 voulait sauver un homme du lynchage. Il aurait pris une vie pour en pr\u00e9server une autre. \u00ab\u00a0On poursuit Martial Lanoir pour ses id\u00e9es, voire ses pens\u00e9es et non pour son geste. Et on ne tient pas compte des circonstances et du fait qu\u2019il soit venu pour sauver un homme tabass\u00e9\u00a0\u00bb, clame une proche sur internet. Est-ce cette version que l\u2019accus\u00e9 va arguer aux juges et aux proches endeuill\u00e9s d\u2019\u00c9ric Casado Lopez ? Le verdict du proc\u00e8s est attendu <strong>pour le 20 juin prochain.\u00a0<\/strong><\/p>\n<p class=\" wall-content\">Suivez toute l\u2019actualit\u00e9 de vos villes et m\u00e9dias favoris en vous inscrivant \u00e0 <a href=\"https:\/\/moncompte.actu.fr\" title=\"D\u00e9couvez Mon Actu\" rel=\"nofollow noopener\" data-trk=\"{&quot;cta&quot;:{&quot;action&quot;:&quot;https:\\\/\\\/moncompte.actu.fr&quot;,&quot;category&quot;:&quot;mon compte&quot;,&quot;from&quot;:&quot;article footer&quot;,&quot;name&quot;:&quot;Mon actu&quot;,&quot;type&quot;:&quot;cta&quot;}}\" target=\"_blank\">Mon Actu<\/a>.<\/p>\n","protected":false},"excerpt":{"rendered":"Par Antoine Blanchet Publi\u00e9 le 17 juin 2025 \u00e0 6h30 \u00ab\u00a0Y\u2019a qu\u2019une logique dans leur syst\u00e8me. Semer la&hellip;\n","protected":false},"author":2,"featured_media":182569,"comment_status":"","ping_status":"","sticky":false,"template":"","format":"standard","meta":{"footnotes":""},"categories":[1888],"tags":[1111,1928,11,1927,6155,1777,674,118,1011,27,777,12,1926,626,1925,2694,25],"class_list":{"0":"post-182568","1":"post","2":"type-post","3":"status-publish","4":"format-standard","5":"has-post-thumbnail","7":"category-paris","8":"tag-actu","9":"tag-actu-paris","10":"tag-actualites","11":"tag-actualites-paris","12":"tag-antisemitisme","13":"tag-eu","14":"tag-europe","15":"tag-faits-divers","16":"tag-fr","17":"tag-france","18":"tag-meurtre","19":"tag-news","20":"tag-news-paris","21":"tag-paris","22":"tag-paris-news","23":"tag-proces","24":"tag-republique-francaise"},"share_on_mastodon":{"url":"https:\/\/pubeurope.com\/@fr\/114697029798837667","error":""},"_links":{"self":[{"href":"https:\/\/www.europesays.com\/fr\/wp-json\/wp\/v2\/posts\/182568","targetHints":{"allow":["GET"]}}],"collection":[{"href":"https:\/\/www.europesays.com\/fr\/wp-json\/wp\/v2\/posts"}],"about":[{"href":"https:\/\/www.europesays.com\/fr\/wp-json\/wp\/v2\/types\/post"}],"author":[{"embeddable":true,"href":"https:\/\/www.europesays.com\/fr\/wp-json\/wp\/v2\/users\/2"}],"replies":[{"embeddable":true,"href":"https:\/\/www.europesays.com\/fr\/wp-json\/wp\/v2\/comments?post=182568"}],"version-history":[{"count":0,"href":"https:\/\/www.europesays.com\/fr\/wp-json\/wp\/v2\/posts\/182568\/revisions"}],"wp:featuredmedia":[{"embeddable":true,"href":"https:\/\/www.europesays.com\/fr\/wp-json\/wp\/v2\/media\/182569"}],"wp:attachment":[{"href":"https:\/\/www.europesays.com\/fr\/wp-json\/wp\/v2\/media?parent=182568"}],"wp:term":[{"taxonomy":"category","embeddable":true,"href":"https:\/\/www.europesays.com\/fr\/wp-json\/wp\/v2\/categories?post=182568"},{"taxonomy":"post_tag","embeddable":true,"href":"https:\/\/www.europesays.com\/fr\/wp-json\/wp\/v2\/tags?post=182568"}],"curies":[{"name":"wp","href":"https:\/\/api.w.org\/{rel}","templated":true}]}}