{"id":182572,"date":"2025-06-17T05:23:13","date_gmt":"2025-06-17T05:23:13","guid":{"rendered":"https:\/\/www.europesays.com\/fr\/182572\/"},"modified":"2025-06-17T05:23:13","modified_gmt":"2025-06-17T05:23:13","slug":"quels-sont-les-quartiers-qui-resistent-a-la-hausse-des-prix","status":"publish","type":"post","link":"https:\/\/www.europesays.com\/fr\/182572\/","title":{"rendered":"quels sont les quartiers qui \u201cr\u00e9sistent\u201d \u00e0 la hausse des prix\u00a0?"},"content":{"rendered":"<p>            Par<br \/>\n        <strong><br \/>\n            <a href=\"https:\/\/actu.fr\/auteur\/joel-nandjui\" title=\"Consulter tous les articles de Joel Nandjui\" target=\"_blank\" rel=\"noopener\">Joel Nandjui<\/a><br \/>\n        <\/strong><\/p>\n<p>        Publi\u00e9 le<\/p>\n<p>            17 juin 2025 \u00e0 6h04        <\/p>\n<p>Toujours plus hauts. \u00c0 <a href=\"https:\/\/actu.fr\/paris\/dernieres-actus\" target=\"_blank\" rel=\"noopener\">Paris<\/a>, les prix du m2 pour l\u2019achat d\u2019un appartement ou d\u2019une maison restent bien au-dessus de la moyenne nationale, confirmant que le <a href=\"https:\/\/actu.fr\/tag\/immobilier\" target=\"_blank\" rel=\"noopener\">march\u00e9 immobilier<\/a> dans la capitale est \u00e0 part.<br \/>Selon une \u00e9tude SeLoger publi\u00e9e lundi 16\u00a0juin 2025, <strong>9\u2009519\u00a0\u20ac\/m\u00b2,<\/strong> c\u2019est le prix qu\u2019il faudra d\u00e9bourser en moyenne pour devenir propri\u00e9taire dans l\u2019un des arrondissements de la ville. Un chiffre deux fois plus \u00e9lev\u00e9 que la moyenne en<a href=\"https:\/\/actu.fr\/ile-de-france\/paris_75056\/immobilier-de-prestige-avec-une-vente-record-a-paris-l-agence-kretz-voit-son-activite-s-envoler_62665407.html\" target=\"_blank\" rel=\"noopener\"> \u00cele-de-France,<\/a> qui s\u2019affiche \u00e0 5\u2009634 \u20ac\/m\u00b2. Cette hausse de 1,3 % depuis le d\u00e9but de l\u2019ann\u00e9e \u2013 et de <strong>1,6\u2009% sur an \u2013<\/strong>, coupl\u00e9e \u00e0 une baisse des d\u00e9lais de vente (soixante-cinq jours contre soixante-douze jours il y a un), est le signe d\u2019un \u00ab\u2009l\u00e9ger redressement du march\u00e9 apr\u00e8s le repli qu\u2019il avait connu au moment de la crise du Covid-19\u2009\u00bb, constate Redha Benhamouda, directeur r\u00e9gional SeLoger. Mais ce \u00ab\u2009regain d\u2019int\u00e9r\u00eat pour la capitale\u2009\u00bb cache des \u00ab\u2009disparit\u00e9s importantes d\u2019un quartier \u00e0 l\u2019autre\u2009\u00bb.<\/p>\n<p>\u00ab\u00a0Fiscalit\u00e9, DPE et encadrement des loyers\u00a0\u00bb<\/p>\n<p class=\" wall-content\">Certains secteurs offrent ainsi des prix plus abordables (pour Paris), <strong>en de\u00e7\u00e0 de la moyenne locale.<\/strong> Pour les retrouver, il faut se rendre dans le nord-est de la Ville lumi\u00e8re, dans les 18\u1d49 et 19\u1d49 arrondissements.<\/p>\n<p class=\" wall-content\">Le quartier qui pr\u00e9sente le prix au m2 le plus bas est celui de <a href=\"https:\/\/actu.fr\/ile-de-france\/paris_75056\/action-inaugure-a-paris-son-premier-terrain-de-sport-de-france-les-jeunes-de-quartier-ont-le-droit-au-beau_62304003.html\" target=\"_blank\" rel=\"noopener\">La Chapelle,<\/a> avec 7\u2009098\u00a0\u20ac\/m\u00b2. Vient ensuite celui de la Goutte d\u2019Or, o\u00f9 le m2 est \u00e0 7\u2009227\u00a0\u20ac\/m\u00b2.\u00a0 Le quartier du Pont-de-Flandres, dans le 19\u1d49 arrondissement, compl\u00e8te le podium avec un prix de 7\u2009270\u00a0\u20ac\/m\u00b2.<\/p>\n<p class=\" wall-content\">De mani\u00e8re g\u00e9n\u00e9rale, Daniel Messica, directeur d\u2019agence dans le 1er arrondissement cit\u00e9 dans l\u2019\u00e9tude SeLoger, observe que \u00ab\u00a0des investisseurs se sont retir\u00e9s, d\u00e9courag\u00e9s par la fiscalit\u00e9, les <a href=\"https:\/\/actu.fr\/ile-de-france\/paris_75056\/logement-a-paris-ces-proprietaires-hors-la-loi-qui-n-hesitent-pas-a-louer-encore-des-passoires-thermiques_62265665.html\" target=\"_blank\" rel=\"noopener\">contraintes li\u00e9es au DPE<\/a> et <a href=\"https:\/\/actu.fr\/ile-de-france\/paris_75056\/encadrement-des-loyers-a-paris-les-proprietaires-enragent-contre-une-affiche-de-la-mairie-avec-anne-hidalgo_62003737.html\" target=\"_blank\" rel=\"noopener\">l\u2019encadrement des loyers<\/a>.\u00a0\u00bb \u00c0 ses yeux, aujourd\u2019hui, le march\u00e9 est principalement domin\u00e9 par des acqu\u00e9reurs en r\u00e9sidence principale ainsi que des parents investissant pour <a href=\"https:\/\/actu.fr\/ile-de-france\/paris_75056\/recherche-d-appartements-etudiants-a-paris-la-ruee-a-deja-commence-jusqu-a-1-400-reponses-par-annonce_62769619.html\" target=\"_blank\" rel=\"noopener\">loger leurs enfants \u00e9tudiants<\/a>.\u00a0\u00bb<\/p>\n<p class=\" wall-content\">\u00c0 l\u2019autre c\u00f4t\u00e9 du spectre, le secteur haut de gamme r\u00e9siste, \u00ab\u2009mais uniquement pour les biens sans d\u00e9fauts dans les meilleurs emplacements\u2009\u00bb, poursuit Daniel Messica. Alors que le groupe d\u2019annonces immobili\u00e8res a r\u00e9cemment diffus\u00e9 le <a href=\"https:\/\/actu.fr\/ile-de-france\/paris_75056\/immobilier-ces-rues-de-paris-sont-les-plus-cheres-de-france-avec-des-prix-au-m-stratospheriques_62665805.html\" target=\"_blank\" rel=\"noopener\">classement des rues, avenues et autres voies les plus ch\u00e8res de France<\/a> \u2013 spoiler, Paris truste les premi\u00e8res places \u2013 il revient \u00e9galement dans son \u00e9tude de lundi sur les quartiers les plus chers de la capitale.<\/p>\n<p class=\" wall-content\">Sans trop de surprise, il faut remonter vers le centre, dans les <strong>arrondissements historiques de Paris<\/strong>, pour y trouver les prix au m2 les plus \u00e9lev\u00e9s.<\/p>\n<p class=\" wall-content\">En pole position, le quartier de Saint-Thomas-d\u2019Aquin, situ\u00e9 dans le 7\u1d49 arrondissement, avec ses<strong> 16\u2009697\u00a0\u20ac\/m\u00b2<\/strong>. Le quartier de Notre-Dame et ses 16\u2009600\u00a0\u20ac\/m\u00b2 prend la deuxi\u00e8me place, tandis que celui de <a href=\"https:\/\/actu.fr\/ile-de-france\/paris_75056\/paradoxalement-c-est-tres-propre-ils-vivent-au-coeur-de-la-rue-de-la-soif-a-paris_62720736.html\" target=\"_blank\" rel=\"noopener\">Saint-Germain-des-Pr\u00e9s<\/a>\u00a0se classe troisi\u00e8me avec 16\u2009200\u00a0\u20ac\/m\u00b2.<\/p>\n<p class=\" wall-content\">Suivez toute l\u2019actualit\u00e9 de vos villes et m\u00e9dias favoris en vous inscrivant \u00e0 <a href=\"https:\/\/moncompte.actu.fr\" title=\"D\u00e9couvez Mon Actu\" rel=\"nofollow noopener\" data-trk=\"{&quot;cta&quot;:{&quot;action&quot;:&quot;https:\\\/\\\/moncompte.actu.fr&quot;,&quot;category&quot;:&quot;mon compte&quot;,&quot;from&quot;:&quot;article footer&quot;,&quot;name&quot;:&quot;Mon actu&quot;,&quot;type&quot;:&quot;cta&quot;}}\" target=\"_blank\">Mon Actu<\/a>.<\/p>\n","protected":false},"excerpt":{"rendered":"Par Joel Nandjui Publi\u00e9 le 17 juin 2025 \u00e0 6h04 Toujours plus hauts. \u00c0 Paris, les prix du&hellip;\n","protected":false},"author":2,"featured_media":182573,"comment_status":"","ping_status":"","sticky":false,"template":"","format":"standard","meta":{"footnotes":""},"categories":[1888],"tags":[11,1777,674,1011,27,1116,1908,12,626,2922,25,104],"class_list":{"0":"post-182572","1":"post","2":"type-post","3":"status-publish","4":"format-standard","5":"has-post-thumbnail","7":"category-paris","8":"tag-actualites","9":"tag-eu","10":"tag-europe","11":"tag-fr","12":"tag-france","13":"tag-immobilier","14":"tag-logement","15":"tag-news","16":"tag-paris","17":"tag-pouvoir-dachat","18":"tag-republique-francaise","19":"tag-societe"},"share_on_mastodon":{"url":"https:\/\/pubeurope.com\/@fr\/114697037670589203","error":""},"_links":{"self":[{"href":"https:\/\/www.europesays.com\/fr\/wp-json\/wp\/v2\/posts\/182572","targetHints":{"allow":["GET"]}}],"collection":[{"href":"https:\/\/www.europesays.com\/fr\/wp-json\/wp\/v2\/posts"}],"about":[{"href":"https:\/\/www.europesays.com\/fr\/wp-json\/wp\/v2\/types\/post"}],"author":[{"embeddable":true,"href":"https:\/\/www.europesays.com\/fr\/wp-json\/wp\/v2\/users\/2"}],"replies":[{"embeddable":true,"href":"https:\/\/www.europesays.com\/fr\/wp-json\/wp\/v2\/comments?post=182572"}],"version-history":[{"count":0,"href":"https:\/\/www.europesays.com\/fr\/wp-json\/wp\/v2\/posts\/182572\/revisions"}],"wp:featuredmedia":[{"embeddable":true,"href":"https:\/\/www.europesays.com\/fr\/wp-json\/wp\/v2\/media\/182573"}],"wp:attachment":[{"href":"https:\/\/www.europesays.com\/fr\/wp-json\/wp\/v2\/media?parent=182572"}],"wp:term":[{"taxonomy":"category","embeddable":true,"href":"https:\/\/www.europesays.com\/fr\/wp-json\/wp\/v2\/categories?post=182572"},{"taxonomy":"post_tag","embeddable":true,"href":"https:\/\/www.europesays.com\/fr\/wp-json\/wp\/v2\/tags?post=182572"}],"curies":[{"name":"wp","href":"https:\/\/api.w.org\/{rel}","templated":true}]}}