{"id":182574,"date":"2025-06-17T05:24:12","date_gmt":"2025-06-17T05:24:12","guid":{"rendered":"https:\/\/www.europesays.com\/fr\/182574\/"},"modified":"2025-06-17T05:24:12","modified_gmt":"2025-06-17T05:24:12","slug":"paris-basketball-monaco-amis-jusqua-la-fin-des-temps-les-parisiens-devoilent-les-secrets-de-leurs-succes","status":"publish","type":"post","link":"https:\/\/www.europesays.com\/fr\/182574\/","title":{"rendered":"Paris Basketball &#8211; Monaco\u00a0: \u00ab Amis jusqu\u2019\u00e0 la fin des temps \u00bb, les Parisiens d\u00e9voilent les secrets de leurs succ\u00e8s"},"content":{"rendered":"<p class=\"paragraph text_align_left\">Thiago Splitter, l\u2019entra\u00eeneur du club de <a href=\"https:\/\/www.leparisien.fr\/sports\/basket\/\" target=\"_blank\" rel=\"noreferrer noopener\">basket <\/a>de la capitale, l\u2019a encore r\u00e9p\u00e9t\u00e9 ce lundi en conf\u00e9rence de presse, \u00e0 la veille du match 2 de la finale de Betclic \u00c9lite contre Monaco : \u00ab J\u2019essaye de mettre les gars dans un bon \u00e9tat d\u2019esprit \u00bb.<\/p>\n<p class=\"paragraph text_align_left\">Et visiblement, \u00e7a paye. Au lendemain de <a href=\"https:\/\/www.leparisien.fr\/sports\/basket\/paris-basketball-monaco-94-82-impressionnants-les-parisiens-remportent-le-premier-match-de-la-finale-15-06-2025-RQKBPMA5QVHELCPVAWSPK2ZR2I.php\" target=\"_blank\" rel=\"noreferrer noopener\">la victoire lors du match 1 (94-82)<\/a>, l\u2019arri\u00e8re parisien Tyson Ward s\u2019est ainsi pr\u00e9sent\u00e9 en conf\u00e9rence de presse le visage tr\u00e8s serein et le discours enthousiaste. \u00ab Notre proximit\u00e9, notre bonne entente, cela se refl\u00e8te sur le terrain et c\u2019est ce qui fait notre force, raconte-t-il au moment d\u2019aborder le deuxi\u00e8me rendez-vous de cette finale, ce mardi soir (20h30). Que l\u2019on gagne ou que l\u2019on perde, on reste les m\u00eames. \u00bb<\/p>\n<p class=\"paragraph text_align_left\">Et Tyson Ward de s\u2019enthousiasmer : \u00ab C\u2019est rare dans le basket de nos jours. \u00catre avec la m\u00eame \u00e9quipe pendant, en tout cas avec les m\u00eames gars pendant deux, trois, quatre ans, c\u2019est vraiment incroyable. Cr\u00e9er une relation, se faire des amis parmi les meilleurs que j\u2019aie jamais eus, c\u2019est \u00e9norme. On a des origines diff\u00e9rentes, des domaines diff\u00e9rents, tout est diff\u00e9rent, mais une chose en commun : le basket, et on restera amis jusqu\u2019\u00e0 la fin des temps. \u00bb<\/p>\n<p class=\"paragraph text_align_left\">Au-del\u00e0 des liens d\u2019amiti\u00e9 que les Parisiens ont ainsi su cr\u00e9er, l\u2019exp\u00e9rience de la finale de la saison derni\u00e8re, o\u00f9 ils se sont inclin\u00e9s contre le m\u00eame adversaire, est aussi une source de motivation pour Tyson Ward et ses partenaires. \u00ab \u00c9videmment, certains joueurs ont un go\u00fbt amer, poursuit-il. Ce n\u2019est pas courant de jouer contre la m\u00eame \u00e9quipe que celle contre qui on a perdu l\u2019ann\u00e9e derni\u00e8re. On a une nouvelle chance de r\u00e9\u00e9crire l\u2019histoire. Nous ne voulons pas perdre deux fois de suite. \u00bb<\/p>\n<p>\u00ab Les Mon\u00e9gasques vont r\u00e9agir, c\u2019est s\u00fbr \u00bb<\/p>\n<p class=\"paragraph text_align_left\">De son c\u00f4t\u00e9, Tiago Splitter garde un visage bien plus impassible et concentr\u00e9. \u00ab Les Mon\u00e9gasques vont r\u00e9agir, c\u2019est s\u00fbr, anticipe le technicien parisien. C\u2019est ce qu\u2019ils ont fait en quarts (contre Le Mans) et en demi-finale (contre l\u2019Asvel) : ils ont r\u00e9agi lors du deuxi\u00e8me match. On peut s\u2019attendre \u00e0 \u00e7a d\u2019une grande \u00e9quipe, d\u2019un excellent effectif, d\u2019un excellent entra\u00eeneur et d\u2019un excellent club. Ils sont faits pour gagner, on sait qui ils sont. \u00bb<\/p>\n<p class=\"paragraph text_align_left\">Sans surprise, Matthew Strazel, le meneur mon\u00e9gasque, a confirm\u00e9 la soif de revanche de son \u00e9quipe. \u00ab On avait l\u2019impression que les Parisiens \u00e9taient deux fois plus rapides, deux fois plus haut, a-t-il d\u00e9plor\u00e9 au sujet du premier match. On ne peut pas se permettre d\u2019\u00eatre d\u00e9pass\u00e9s comme \u00e7a pendant 40 minutes. On ne veut pas que les gens aient l\u2019impression qu\u2019ils en veulent plus que nous. \u00bb<\/p>\n<p class=\"paragraph text_align_left\">Il confirme que l\u2019\u00e9quipe de la Principaut\u00e9 compte afficher un autre visage ce mardi soir : \u00ab On sera pr\u00eats mentalement pour ce match 2, pour jouer un meilleur basket avec plus d\u2019intensit\u00e9. Une s\u00e9rie de matchs, c\u2019est mental, l\u2019important c\u2019est de garder confiance. \u00bb<\/p>\n<p class=\"paragraph text_align_left\">Une chose est s\u00fbre dans cette finale au meilleur des cinq matchs, quel que soit le r\u00e9sultat ce mardi soir les deux \u00e9quipes se retrouveront lors du match 3, ce vendredi 20 juin, mais cette fois \u00e0 Monaco.<\/p>\n","protected":false},"excerpt":{"rendered":"Thiago Splitter, l\u2019entra\u00eeneur du club de basket de la capitale, l\u2019a encore r\u00e9p\u00e9t\u00e9 ce lundi en conf\u00e9rence de&hellip;\n","protected":false},"author":2,"featured_media":182575,"comment_status":"","ping_status":"","sticky":false,"template":"","format":"standard","meta":{"footnotes":""},"categories":[1888],"tags":[11,1465,1777,674,1011,27,12,626,25,60],"class_list":{"0":"post-182574","1":"post","2":"type-post","3":"status-publish","4":"format-standard","5":"has-post-thumbnail","7":"category-paris","8":"tag-actualites","9":"tag-basket","10":"tag-eu","11":"tag-europe","12":"tag-fr","13":"tag-france","14":"tag-news","15":"tag-paris","16":"tag-republique-francaise","17":"tag-sports"},"share_on_mastodon":{"url":"https:\/\/pubeurope.com\/@fr\/114697041532433926","error":""},"_links":{"self":[{"href":"https:\/\/www.europesays.com\/fr\/wp-json\/wp\/v2\/posts\/182574","targetHints":{"allow":["GET"]}}],"collection":[{"href":"https:\/\/www.europesays.com\/fr\/wp-json\/wp\/v2\/posts"}],"about":[{"href":"https:\/\/www.europesays.com\/fr\/wp-json\/wp\/v2\/types\/post"}],"author":[{"embeddable":true,"href":"https:\/\/www.europesays.com\/fr\/wp-json\/wp\/v2\/users\/2"}],"replies":[{"embeddable":true,"href":"https:\/\/www.europesays.com\/fr\/wp-json\/wp\/v2\/comments?post=182574"}],"version-history":[{"count":0,"href":"https:\/\/www.europesays.com\/fr\/wp-json\/wp\/v2\/posts\/182574\/revisions"}],"wp:featuredmedia":[{"embeddable":true,"href":"https:\/\/www.europesays.com\/fr\/wp-json\/wp\/v2\/media\/182575"}],"wp:attachment":[{"href":"https:\/\/www.europesays.com\/fr\/wp-json\/wp\/v2\/media?parent=182574"}],"wp:term":[{"taxonomy":"category","embeddable":true,"href":"https:\/\/www.europesays.com\/fr\/wp-json\/wp\/v2\/categories?post=182574"},{"taxonomy":"post_tag","embeddable":true,"href":"https:\/\/www.europesays.com\/fr\/wp-json\/wp\/v2\/tags?post=182574"}],"curies":[{"name":"wp","href":"https:\/\/api.w.org\/{rel}","templated":true}]}}