{"id":182584,"date":"2025-06-17T05:29:14","date_gmt":"2025-06-17T05:29:14","guid":{"rendered":"https:\/\/www.europesays.com\/fr\/182584\/"},"modified":"2025-06-17T05:29:14","modified_gmt":"2025-06-17T05:29:14","slug":"allemagne-demantelement-dune-plateforme-mondiale-de-vente-de-drogues-sur-le-darknet","status":"publish","type":"post","link":"https:\/\/www.europesays.com\/fr\/182584\/","title":{"rendered":"Allemagne: d\u00e9mant\u00e8lement d&rsquo;une plateforme mondiale de vente de drogues sur le darknet"},"content":{"rendered":"<p class=\"ap-StoryElement ap-StoryElement--mb ap-StoryText\">C&rsquo;\u00e9tait aussi l&rsquo;une des rares plateformes \u00e0 proposer du fentanyl, puissant opio\u00efde qui cause des ravages aux Etats-Unis, pr\u00e9cise par communiqu\u00e9 l&rsquo;agence anticriminalit\u00e9 de l&rsquo;UE Europol.<\/p>\n<p class=\"ap-StoryElement ap-StoryElement--mb ap-StoryText\">Au moment de sa fermeture, le site comptait plus de 600.000 comptes utilisateurs et 3.200 vendeurs.<\/p>\n<p class=\"ap-StoryElement ap-StoryElement--mb ap-StoryText\">Mercredi, un Allemand de 30 ans a \u00e9t\u00e9 arr\u00eat\u00e9 chez lui \u00e0 Barcelone, suspect\u00e9 d&rsquo;\u00eatre administrateur d'\u00a0\u00bbArchetyp Market\u00a0\u00bb.<\/p>\n<p class=\"ap-StoryElement ap-StoryElement--mb ap-StoryText\">\u00ab\u00a0De nombreuses preuves\u00a0\u00bb, dont des actifs d&rsquo;une valeur de 7,8 millions d&rsquo;euros, ont \u00e9t\u00e9 saisis lors de perquisitions de biens lui appartenant \u00e0 Barcelone, en Allemagne et en Roumanie, selon le communiqu\u00e9 du parquet.<\/p>\n<p class=\"ap-StoryElement ap-StoryElement--mb ap-StoryText\">La plateforme, h\u00e9berg\u00e9e aux Pays-Bas, a ensuite \u00e9t\u00e9 mise hors service par la police n\u00e9erlandaise.<\/p>\n<p class=\"ap-StoryElement ap-StoryElement--mb ap-StoryText\">Sept autres vendeurs ou mod\u00e9rateurs suspect\u00e9s ont aussi \u00e9t\u00e9 arr\u00eat\u00e9s en Su\u00e8de.<\/p>\n<p class=\"ap-StoryElement ap-StoryElement--mb ap-StoryText\">Au total, pr\u00e8s de 300 enqu\u00eateurs ont \u00e9t\u00e9 d\u00e9ploy\u00e9s sur cette affaire impliquant aussi les autorit\u00e9s am\u00e9ricaines, pr\u00e9cise Europol.<\/p>\n<p class=\"ap-StoryElement ap-StoryElement--mb ap-StoryText\">C&rsquo;est depuis l&rsquo;Allemagne que se faisaient \u00ab\u00a0le plus grand nombre de ventes de produits ill\u00e9gaux\u00a0\u00bb sur la plateforme, assure dans le communiqu\u00e9 Benjamin Krause, procureur g\u00e9n\u00e9ral du parquet de Francfort.<\/p>\n","protected":false},"excerpt":{"rendered":"C&rsquo;\u00e9tait aussi l&rsquo;une des rares plateformes \u00e0 proposer du fentanyl, puissant opio\u00efde qui cause des ravages aux Etats-Unis,&hellip;\n","protected":false},"author":2,"featured_media":25030,"comment_status":"","ping_status":"","sticky":false,"template":"","format":"standard","meta":{"footnotes":""},"categories":[1587],"tags":[11,672,1804,1805,1803,1052,1777,674,1801,310,8639,12,1072,1802],"class_list":{"0":"post-182584","1":"post","2":"type-post","3":"status-publish","4":"format-standard","5":"has-post-thumbnail","7":"category-allemagne","8":"tag-actualites","9":"tag-allemagne","10":"tag-bundesrepublik-deutschland","11":"tag-de","12":"tag-deutschland","13":"tag-drogue","14":"tag-eu","15":"tag-europe","16":"tag-germany","17":"tag-internet","18":"tag-judiciaire","19":"tag-news","20":"tag-police","21":"tag-republique-federale-dallemagne"},"share_on_mastodon":{"url":"https:\/\/pubeurope.com\/@fr\/114697061362906305","error":""},"_links":{"self":[{"href":"https:\/\/www.europesays.com\/fr\/wp-json\/wp\/v2\/posts\/182584","targetHints":{"allow":["GET"]}}],"collection":[{"href":"https:\/\/www.europesays.com\/fr\/wp-json\/wp\/v2\/posts"}],"about":[{"href":"https:\/\/www.europesays.com\/fr\/wp-json\/wp\/v2\/types\/post"}],"author":[{"embeddable":true,"href":"https:\/\/www.europesays.com\/fr\/wp-json\/wp\/v2\/users\/2"}],"replies":[{"embeddable":true,"href":"https:\/\/www.europesays.com\/fr\/wp-json\/wp\/v2\/comments?post=182584"}],"version-history":[{"count":0,"href":"https:\/\/www.europesays.com\/fr\/wp-json\/wp\/v2\/posts\/182584\/revisions"}],"wp:featuredmedia":[{"embeddable":true,"href":"https:\/\/www.europesays.com\/fr\/wp-json\/wp\/v2\/media\/25030"}],"wp:attachment":[{"href":"https:\/\/www.europesays.com\/fr\/wp-json\/wp\/v2\/media?parent=182584"}],"wp:term":[{"taxonomy":"category","embeddable":true,"href":"https:\/\/www.europesays.com\/fr\/wp-json\/wp\/v2\/categories?post=182584"},{"taxonomy":"post_tag","embeddable":true,"href":"https:\/\/www.europesays.com\/fr\/wp-json\/wp\/v2\/tags?post=182584"}],"curies":[{"name":"wp","href":"https:\/\/api.w.org\/{rel}","templated":true}]}}