{"id":182591,"date":"2025-06-17T05:33:13","date_gmt":"2025-06-17T05:33:13","guid":{"rendered":"https:\/\/www.europesays.com\/fr\/182591\/"},"modified":"2025-06-17T05:33:13","modified_gmt":"2025-06-17T05:33:13","slug":"lolympique-de-marseille-nomme-un-nouveau-directeur-general-france-olympique-de-marseille","status":"publish","type":"post","link":"https:\/\/www.europesays.com\/fr\/182591\/","title":{"rendered":"L\u2019Olympique de Marseille nomme un nouveau directeur g\u00e9n\u00e9ral &#8211; France &#8211; Olympique de Marseille"},"content":{"rendered":"<p>Changement de direction.<\/p>\n<p><a target=\"_blank\" href=\"https:\/\/www.om.fr\/fr\/actualites\/4808\/club\/99474-communique-officiel\" rel=\"nofollow noopener\">Dans un communiqu\u00e9<\/a>, <strong>l\u2019Olympique de Marseille a annonc\u00e9 la nomination d\u2019Alessandro Antonello au poste de directeur g\u00e9n\u00e9ral.<\/strong> Ce recrutement, voulu par Pablo Longoria lui-m\u00eame, avec l\u2019appui du Conseil de surveillance et l\u2019approbation du propri\u00e9taire Frank McCourt, <strong>s\u2019inscrit dans la strat\u00e9gie du club visant \u00e0 installer durablement l\u2019OM parmi les 24 meilleurs clubs europ\u00e9ens.<\/strong> L\u2019Italien prendra son poste \u00e0 partir du 1er juillet.<\/p>\n<p>Un Milanais d\u00e9barque \u00e0 Marseille<\/p>\n<p class=\"my-0\">Alessandro Antonello sera charg\u00e9 du d\u00e9veloppement \u00e9conomique de l\u2019OM. Sa mission principale consistera \u00e0 accro\u00eetre et diversifier les revenus du club, \u00e0 valoriser le potentiel de l\u2019Orange V\u00e9lodrome, \u00e0 acc\u00e9l\u00e9rer la transformation digitale et \u00e0 renforcer l\u2019influence internationale de la marque OM. <strong>La description du travail fictif par excellence.<\/strong><\/p>\n<p class=\"my-0\">Antonello arrive \u00e0 Marseille apr\u00e8s <strong>plus de dix ans \u00e0 l\u2019Inter Milan<\/strong>, o\u00f9 il a successivement occup\u00e9 les fonctions de directeur financier, directeur des op\u00e9rations puis directeur g\u00e9n\u00e9ral. Un directeur g\u00e9n\u00e9ral qui quitte le navire quand tout va mal, le mariage avec l\u2019OM semble parfait. Au-del\u00e0 de ces diff\u00e9rents postes, il a \u00e9galement si\u00e9g\u00e9 aux conseils d\u2019administration de l\u2019Association des clubs europ\u00e9ens (ECA) et de la Serie A.<\/p>\n<p><a target=\"_blank\" href=\"https:\/\/www.sofoot.com\/articles\/la-mise-au-vert-de-lom-de-roberto-de-zerbi-bonne-ou-mauvaise-chose\" rel=\"nofollow noopener\">La prochaine mise au vert sera \u00e0 Milan.<\/a><\/p>\n<p>\t\t\t\t\t\t\t\t\t\t<a class=\"lien-connexe\" href=\"https:\/\/www.sofoot.com\/breves\/sondage-vous-etes-74-a-penser-que-le-paris-saint-germain-est-desormais-le-plus-grand-club-francais\" rel=\"nofollow noopener\" target=\"_blank\">C\u2019est officiel\u202f: le PSG est pour vous le plus grand club fran\u00e7ais<\/a>\t\t\t\t\t<\/p>\n","protected":false},"excerpt":{"rendered":"Changement de direction. Dans un communiqu\u00e9, l\u2019Olympique de Marseille a annonc\u00e9 la nomination d\u2019Alessandro Antonello au poste de&hellip;\n","protected":false},"author":2,"featured_media":182592,"comment_status":"","ping_status":"","sticky":false,"template":"","format":"standard","meta":{"footnotes":""},"categories":[2],"tags":[47,11,61,69,65,64,63,1011,27,68,66,12,62,70,25,67],"class_list":{"0":"post-182591","1":"post","2":"type-post","3":"status-publish","4":"format-standard","5":"has-post-thumbnail","7":"category-actualites","8":"tag-actualite","9":"tag-actualites","10":"tag-actus-football","11":"tag-bundesliga","12":"tag-championnats-europeens","13":"tag-equipe-de-france","14":"tag-football","15":"tag-fr","16":"tag-france","17":"tag-ligua","18":"tag-ligue-1","19":"tag-news","20":"tag-news-foot","21":"tag-premier-league","22":"tag-republique-francaise","23":"tag-serie-a"},"share_on_mastodon":{"url":"https:\/\/pubeurope.com\/@fr\/114697077289112742","error":""},"_links":{"self":[{"href":"https:\/\/www.europesays.com\/fr\/wp-json\/wp\/v2\/posts\/182591","targetHints":{"allow":["GET"]}}],"collection":[{"href":"https:\/\/www.europesays.com\/fr\/wp-json\/wp\/v2\/posts"}],"about":[{"href":"https:\/\/www.europesays.com\/fr\/wp-json\/wp\/v2\/types\/post"}],"author":[{"embeddable":true,"href":"https:\/\/www.europesays.com\/fr\/wp-json\/wp\/v2\/users\/2"}],"replies":[{"embeddable":true,"href":"https:\/\/www.europesays.com\/fr\/wp-json\/wp\/v2\/comments?post=182591"}],"version-history":[{"count":0,"href":"https:\/\/www.europesays.com\/fr\/wp-json\/wp\/v2\/posts\/182591\/revisions"}],"wp:featuredmedia":[{"embeddable":true,"href":"https:\/\/www.europesays.com\/fr\/wp-json\/wp\/v2\/media\/182592"}],"wp:attachment":[{"href":"https:\/\/www.europesays.com\/fr\/wp-json\/wp\/v2\/media?parent=182591"}],"wp:term":[{"taxonomy":"category","embeddable":true,"href":"https:\/\/www.europesays.com\/fr\/wp-json\/wp\/v2\/categories?post=182591"},{"taxonomy":"post_tag","embeddable":true,"href":"https:\/\/www.europesays.com\/fr\/wp-json\/wp\/v2\/tags?post=182591"}],"curies":[{"name":"wp","href":"https:\/\/api.w.org\/{rel}","templated":true}]}}