{"id":182593,"date":"2025-06-17T05:34:12","date_gmt":"2025-06-17T05:34:12","guid":{"rendered":"https:\/\/www.europesays.com\/fr\/182593\/"},"modified":"2025-06-17T05:34:12","modified_gmt":"2025-06-17T05:34:12","slug":"essonne-idfm-lance-la-premiere-ligne-de-covoiturage-dile-de-france","status":"publish","type":"post","link":"https:\/\/www.europesays.com\/fr\/182593\/","title":{"rendered":"Essonne : IDFM lance la premi\u00e8re ligne de covoiturage d\u2019Ile-de-France"},"content":{"rendered":"<p><img loading=\"lazy\" decoding=\"async\" alt=\"\u00a9\u00a0Shutterstock - IDFM lance sa premi\u00e8re ligne de covoiturage de la r\u00e9gion qui met en relation des conducteurs et passagers dans six villes du plateau de Saclay.\" data-zoom-src=\"https:\/\/www.europesays.com\/fr\/wp-content\/uploads\/2025\/06\/initial-covoiturage-gratuit-essone.jpg\" data-zoomable=\"\" height=\"702\" src=\"https:\/\/www.europesays.com\/fr\/wp-content\/uploads\/2025\/06\/initial-covoiturage-gratuit-essone.jpg\" width=\"1248\"\/>  <\/p>\n<p class=\"article-desc\">\u00a9\u00a0Shutterstock &#8211; IDFM lance sa premi\u00e8re ligne de covoiturage de la r\u00e9gion qui met en relation des conducteurs et passagers dans six villes du plateau de Saclay. <\/p>\n<p>Cette nouvelle ligne de <strong>covoiturage<\/strong>, appel\u00e9e L1, est d\u00e9ploy\u00e9e sur le <strong>plateau de Saclay<\/strong>. Elle reliera Cernay-la-Ville \u00e0 Guyancourt et Gif-sur-Yvette pour permettre de rejoindre directement les <strong>nombreux p\u00f4les d\u2019emplois, de recherche et d\u2019enseignement<\/strong> du secteur. Elle sera exploit\u00e9e par la soci\u00e9t\u00e9 <a href=\"https:\/\/mesinfos.fr\/91400-saclay\/ecov-exploite-des-lignes-de-covoiturage-sur-le-plateau-de-saclay-213315.html\" rel=\"noopener nofollow\" target=\"_blank\">Ecov<\/a>. <\/p>\n<p>Annonc\u00e9 en d\u00e9cembre dernier, le d\u00e9ploiement de la L1 fait suite \u00e0 un accord-cadre sign\u00e9 entre <strong>\u00cele-de-France Mobilit\u00e9s<\/strong> et <strong>Ecov<\/strong> avec un investissement de 39 millions d\u2019euros par \u00cele-de-France Mobilit\u00e9s pour la mise en service de 20 lignes sur huit ans.\u00a0 <\/p>\n<p>Deux prochaines lignes seront d\u00e9ploy\u00e9es \u00e0 partir du mois de septembre.<\/p>\n<p>Un r\u00e9seau de lignes de covoiturage pour des besoins occasionnels\u00a0 <\/p>\n<p>Depuis 2017, \u00cele-de-France Mobilit\u00e9s soutient le covoiturage en proposant un <strong>service gratuit<\/strong> aux <strong>abonn\u00e9s Navigo<\/strong> annuels, mensuels et <strong>Imagin\u2019R<\/strong>. Cette solution leur permet de b\u00e9n\u00e9ficier de deux trajets quotidiens en r\u00e9servant leur trajet via l\u2019application \u00cele-de-France Mobilit\u00e9s. Quant aux conducteurs, ils peuvent <strong>gagner jusqu\u2019\u00e0 150\u20ac par mois<\/strong> pour transporter des voyageurs.\u00a0 <\/p>\n<p>Pour compl\u00e9ter cette offre, \u00cele-de-France Mobilit\u00e9s d\u00e9veloppe un r\u00e9seau de lignes de <a href=\"https:\/\/mesinfos.fr\/ile-de-france\/le-boom-du-covoiturage-quotidien-en-ile-de-france-118664.html\" rel=\"noopener nofollow\" target=\"_blank\">covoiturage<\/a> pour des besoins plus spontan\u00e9s. Ces derni\u00e8res, mat\u00e9rialis\u00e9es par des arr\u00eats physiques similaires \u00e0 des arr\u00eats de bus, fonctionnent gr\u00e2ce \u00e0 une application de mise en relation conducteurs \u2013 passagers en temps r\u00e9el. La prime pour les conducteurs pourra aller jusqu\u2019\u00e0 200 euros par mois. <\/p>\n<p>Une vingtaine de lignes pr\u00e9-identifi\u00e9es sera d\u00e9ploy\u00e9e dans toute la r\u00e9gion d\u2019ici les huit prochaines ann\u00e9es.<\/p>\n<p> <img decoding=\"async\" alt=\"L1 plateau de Saclay IDFM\" class=\"img-size-full\" data-zoomable=\"\" height=\"693\" loading=\"lazy\" src=\"https:\/\/www.europesays.com\/fr\/wp-content\/uploads\/2025\/06\/ligne-1-de-covoiturage.jpg\" width=\"1160\"\/> \u00a9IDFM &#8211; Le plan de la L1. <\/p>\n<p>\u00a0 <\/p>\n<p> Mieux desservir un territoire tr\u00e8s dynamique \u00e9conomiquement\u00a0 <\/p>\n<p>Tr\u00e8s actifs sur le plan \u00e9conomique, le plateau de <a href=\"https:\/\/mesinfos.fr\/91400-saclay\/l-agglomeration-paris-saclay-employeur-pro-velo-en-or-213701.html\" rel=\"noopener nofollow\" target=\"_blank\">Saclay<\/a> et ses alentours accueillent de nombreuses entreprises de secteurs de pointe, activit\u00e9s de recherche (CNRS, ONERA\u2026) et d\u2019enseignement (universit\u00e9 Paris-Saclay, Polytechnique, AgroParisTech\u2026), qui n\u00e9cessitent souvent l\u2019usage de la voiture par les salari\u00e9s. <\/p>\n<p>\u201cEn attendant la mise en service prochaine de la ligne 18, cette premi\u00e8re ligne du r\u00e9seau de covoiturage francilien porte notre ambition de r\u00e9duire le nombre de personnes seules en voiture sur les routes et d\u2019offrir une alternative aussi simple d\u2019utilisation que les transports en commun\u201d, indique <a href=\"https:\/\/mesinfos.fr\/ile-de-france\/selon-ile-de-france-mobilite-ladministration-minore-les-besoins-de-financement-des-transports-178503.html\" rel=\"noopener nofollow\" target=\"_blank\">IDFM<\/a>.\u00a0 <\/p>\n<p>Le covoiturage est donc la meilleure solution pour se d\u00e9placer dans des zones peu denses et encore <strong>peu desservies en transports en commun<\/strong>. Tant \u00e9conomique qu\u2019\u00e9cologique, elle s\u2019int\u00e8gre pleinement \u00e0 l\u2019ensemble du r\u00e9seau de transports en commun.\u00a0 <\/p>\n<p>Une mise en relation simple sur l\u2019application \u201cLignes de covoiturage IDFM\u201d <\/p>\n<p>Sur cette ligne de covoiturage, les automobilistes mettent \u00e0 disposition leurs si\u00e8ges libres aux passagers qui suivent le m\u00eame itin\u00e9raire qu\u2019eux. Le service est <strong>ouvert du lundi au vendredi<\/strong> (sauf jours f\u00e9ri\u00e9s) de <strong>4h00 \u00e0 23h00<\/strong>, avec une assistance t\u00e9l\u00e9phonique de 6h00 \u00e0 21h00 les jours d\u2019ouverture et de 9h \u00e0 20h les week-ends.<\/p>\n<p>Concr\u00e8tement, les passagers qui souhaitent se d\u00e9placer : <\/p>\n<ul>\n<li>\n<p>Renseignent leur trajet sur l\u2019application \u00a0\u00bb Lignes de covoiturage IDFM \u00a0\u00bb (ou par SMS via les num\u00e9ros affich\u00e9s aux arr\u00eats) ; <\/p>\n<\/li>\n<li>\n<p>Se rendent \u00e0 l\u2019arr\u00eat de covoiturage le plus proche de chez eux ; <\/p>\n<\/li>\n<li>\n<p>Sont pris en charge par un conducteur qui passe par cet itin\u00e9raire. <\/p>\n<\/li>\n<\/ul>\n<p>Les conducteurs ont une d\u00e9marche tout aussi simple \u00e0 suivre : <\/p>\n<ul>\n<li>\n<p>ils indiquent leur trajet dans l\u2019application \u201cLignes de covoiturage IDFM\u201d ; <\/p>\n<\/li>\n<li>\n<p>Ils s\u00e9lectionnent tous les arr\u00eats par lesquels ils comptent passer ; <\/p>\n<\/li>\n<li>\n<p>Les panneaux lumineux au bord de la route indiquent la demande d&rsquo;un passager ainsi que sa destination ; <\/p>\n<\/li>\n<li>\n<p>Ils r\u00e9cup\u00e8rent leurs passagers aux arr\u00eats s\u00e9lectionn\u00e9s, sans modifier leur trajet habituel. <\/p>\n<\/li>\n<\/ul>\n<p><strong>Aucune r\u00e9servation<\/strong> n\u2019est n\u00e9cessaire : le service fonctionne en <strong>temps r\u00e9el<\/strong> et le d\u00e9part est garanti aux heures de pointe, le matin en direction de Guyancourt et le soir vers Gif ou Cernay. En effet, si aucun conducteur ne s&rsquo;est arr\u00eat\u00e9 dans les 10 min, l&rsquo;assistance appelle le passager pour lui proposer une solution alternative pour l&#8217;emmener \u00e0 bon port sans frais suppl\u00e9mentaires. <\/p>\n<p>\u00a0<\/p>\n","protected":false},"excerpt":{"rendered":"\u00a9\u00a0Shutterstock &#8211; IDFM lance sa premi\u00e8re ligne de covoiturage de la r\u00e9gion qui met en relation des conducteurs&hellip;\n","protected":false},"author":2,"featured_media":182594,"comment_status":"","ping_status":"","sticky":false,"template":"","format":"standard","meta":{"footnotes":""},"categories":[4],"tags":[11,16745,1011,27,12,25],"class_list":{"0":"post-182593","1":"post","2":"type-post","3":"status-publish","4":"format-standard","5":"has-post-thumbnail","7":"category-france","8":"tag-actualites","9":"tag-covoiturage","10":"tag-fr","11":"tag-france","12":"tag-news","13":"tag-republique-francaise"},"share_on_mastodon":{"url":"https:\/\/pubeurope.com\/@fr\/114697080933998460","error":""},"_links":{"self":[{"href":"https:\/\/www.europesays.com\/fr\/wp-json\/wp\/v2\/posts\/182593","targetHints":{"allow":["GET"]}}],"collection":[{"href":"https:\/\/www.europesays.com\/fr\/wp-json\/wp\/v2\/posts"}],"about":[{"href":"https:\/\/www.europesays.com\/fr\/wp-json\/wp\/v2\/types\/post"}],"author":[{"embeddable":true,"href":"https:\/\/www.europesays.com\/fr\/wp-json\/wp\/v2\/users\/2"}],"replies":[{"embeddable":true,"href":"https:\/\/www.europesays.com\/fr\/wp-json\/wp\/v2\/comments?post=182593"}],"version-history":[{"count":0,"href":"https:\/\/www.europesays.com\/fr\/wp-json\/wp\/v2\/posts\/182593\/revisions"}],"wp:featuredmedia":[{"embeddable":true,"href":"https:\/\/www.europesays.com\/fr\/wp-json\/wp\/v2\/media\/182594"}],"wp:attachment":[{"href":"https:\/\/www.europesays.com\/fr\/wp-json\/wp\/v2\/media?parent=182593"}],"wp:term":[{"taxonomy":"category","embeddable":true,"href":"https:\/\/www.europesays.com\/fr\/wp-json\/wp\/v2\/categories?post=182593"},{"taxonomy":"post_tag","embeddable":true,"href":"https:\/\/www.europesays.com\/fr\/wp-json\/wp\/v2\/tags?post=182593"}],"curies":[{"name":"wp","href":"https:\/\/api.w.org\/{rel}","templated":true}]}}