{"id":182599,"date":"2025-06-17T05:40:27","date_gmt":"2025-06-17T05:40:27","guid":{"rendered":"https:\/\/www.europesays.com\/fr\/182599\/"},"modified":"2025-06-17T05:40:27","modified_gmt":"2025-06-17T05:40:27","slug":"a-quelle-heure-et-sur-quelle-chaine-regarder-le-grand-prix","status":"publish","type":"post","link":"https:\/\/www.europesays.com\/fr\/182599\/","title":{"rendered":"\u00e0 quelle heure et sur quelle cha\u00eene regarder le Grand Prix ?"},"content":{"rendered":"<p>Ce week-end, les meilleurs pilotes de moto au monde retrouvent d\u00e9j\u00e0 la chaleur de la piste apr\u00e8s une courte pause. D\u00e9couvrez ici \u00e0 quelle heure et sur quelle cha\u00eene regarder le Grand Prix MotoGP Qatar en direct.<\/p>\n<p>Apr\u00e8s le Grand Prix des Am\u00e9riques remport\u00e9 par Francesco Bagnaia, le MotoGP fait d\u00e9j\u00e0 son retour, cette fois-ci sur les pistes chaudes du Qatar. Les meilleurs pilotes du circuit GP se retrouvent ce weekend pour faire crisser une nouvelle fois les pneus de leur moto sur le circuit de Lusail. La question qui reste sur toutes les l\u00e8vres actuellement concerne Marc Marquez : est-ce que le leader du championnat va revenir au plus haut niveau ? Le vainqueur des deux premi\u00e8res manches du GP vient tout juste de chuter lors du Grand Prix des Am\u00e9riques o\u00f9 il a termin\u00e9 \u00e0 la 20e place au classement. Lui qui a impressionn\u00e9 par sa r\u00e9gularit\u00e9 cette ann\u00e9e est d&rsquo;ores et d\u00e9j\u00e0 tr\u00e8s attendu pour cette nouvelle course \u00e9v\u00e9nement du circuit Moto GP. Le favori aura comme ambition certaine de se remettre en selle rapidement sur le bitume qatari. Mais les autres pilotes en lice, notamment l&rsquo;Italien Francesco Bagnaia, second au classement g\u00e9n\u00e9ral et vainqueur du Grand Prix des Am\u00e9riques, ou encore \u00c1lex M\u00e1rquez, seront bien pr\u00e9sents pour tenter de calmer ses ardeurs. D\u00e9couvrez ici \u00e0 quelle heure et sur quelle cha\u00eene regarder le Grand Prix MotoGP Qatar en direct.<\/p>\n<p>                        <b>\u00c0 quelle heure et sur quelle cha\u00eene regarder le Grand Prix MotoGP Qatar ?<\/b><\/p>\n<p><b>Le Grand Prix Moto GP Qatar est \u00e0 suivre en direct sur les antennes du groupe Canal+<\/b>. La course se d\u00e9roule ce dimanche 13 avril 2025. Le d\u00e9part se fera \u00e0 19h en direct sur la cha\u00eene Canal+. Le dimanche 13 avril, le warm-up est \u00e0 suivre sur Canal+ Sport 360 \u00e0 partir de 14h35. La grille d\u00e9butera \u00e0 18h15 sur Canal+ Sport 360, suivi du Grand Prix \u00e0 19h sur Canal+. Retrouvez le podium \u00e0 19h50 sur Canal+ Sport 360.<\/p>\n<p>Le programme TV complet du Grand Prix du Qatar du dimanche 13 avril<\/p>\n<ul>\n<li>Warm Up \u00e0 14h35 sur CANAL+ SPORT 360<\/li>\n<li>La Grille \u00e0 18h15 sur CANAL+ SPORT 360<\/li>\n<li>Le Grand Prix \u00e0 19h00 sur CANAL+<\/li>\n<li>Le Podium \u00e0 19h50 sur CANAL+ SPORT 360<\/li>\n<\/ul>\n<p>Chaque jour, nous \u00e9pluchons en toute ind\u00e9pendance les meilleures offres et r\u00e9ductions disponibles sur le web pour vous proposer les bons plans les plus int\u00e9ressants. Pour \u00e9valuer la pertinence d\u2019un bon plan, nous v\u00e9rifions notamment l\u2019historique des prix et veillons \u00e0 vous recommander les boutiques en ligne proposant les meilleures garanties.<\/p>\n<p>Certains liens peuvent g\u00e9n\u00e9rer une commission pour T\u00e9l\u00e9-Loisirs. Les prix sont mentionn\u00e9s \u00e0 titre indicatif et sont susceptibles d&rsquo;\u00e9voluer.<\/p>\n","protected":false},"excerpt":{"rendered":"Ce week-end, les meilleurs pilotes de moto au monde retrouvent d\u00e9j\u00e0 la chaleur de la piste apr\u00e8s une&hellip;\n","protected":false},"author":2,"featured_media":182600,"comment_status":"","ping_status":"","sticky":false,"template":"","format":"standard","meta":{"footnotes":""},"categories":[1413],"tags":[10474,244,1011,27,1982,1457,1456,60],"class_list":{"0":"post-182599","1":"post","2":"type-post","3":"status-publish","4":"format-standard","5":"has-post-thumbnail","7":"category-moto","8":"tag-canal","9":"tag-commentaire","10":"tag-fr","11":"tag-france","12":"tag-grand-prix","13":"tag-moto","14":"tag-motocycle","15":"tag-sports"},"share_on_mastodon":{"url":"https:\/\/pubeurope.com\/@fr\/114697104720672107","error":""},"_links":{"self":[{"href":"https:\/\/www.europesays.com\/fr\/wp-json\/wp\/v2\/posts\/182599","targetHints":{"allow":["GET"]}}],"collection":[{"href":"https:\/\/www.europesays.com\/fr\/wp-json\/wp\/v2\/posts"}],"about":[{"href":"https:\/\/www.europesays.com\/fr\/wp-json\/wp\/v2\/types\/post"}],"author":[{"embeddable":true,"href":"https:\/\/www.europesays.com\/fr\/wp-json\/wp\/v2\/users\/2"}],"replies":[{"embeddable":true,"href":"https:\/\/www.europesays.com\/fr\/wp-json\/wp\/v2\/comments?post=182599"}],"version-history":[{"count":0,"href":"https:\/\/www.europesays.com\/fr\/wp-json\/wp\/v2\/posts\/182599\/revisions"}],"wp:featuredmedia":[{"embeddable":true,"href":"https:\/\/www.europesays.com\/fr\/wp-json\/wp\/v2\/media\/182600"}],"wp:attachment":[{"href":"https:\/\/www.europesays.com\/fr\/wp-json\/wp\/v2\/media?parent=182599"}],"wp:term":[{"taxonomy":"category","embeddable":true,"href":"https:\/\/www.europesays.com\/fr\/wp-json\/wp\/v2\/categories?post=182599"},{"taxonomy":"post_tag","embeddable":true,"href":"https:\/\/www.europesays.com\/fr\/wp-json\/wp\/v2\/tags?post=182599"}],"curies":[{"name":"wp","href":"https:\/\/api.w.org\/{rel}","templated":true}]}}