{"id":182609,"date":"2025-06-17T05:45:10","date_gmt":"2025-06-17T05:45:10","guid":{"rendered":"https:\/\/www.europesays.com\/fr\/182609\/"},"modified":"2025-06-17T05:45:10","modified_gmt":"2025-06-17T05:45:10","slug":"pourquoi-le-centre-pompidou-metz-a-t-il-annule-une-exposition-consacree-a-la-creation-caribeenne-prevue-pour-lautomne-2026-liberation","status":"publish","type":"post","link":"https:\/\/www.europesays.com\/fr\/182609\/","title":{"rendered":"Pourquoi le centre Pompidou-Metz a-t-il annul\u00e9 une exposition consacr\u00e9e \u00e0 la cr\u00e9ation carib\u00e9enne pr\u00e9vue pour l\u2019automne\u00a02026\u00a0? \u2013 Lib\u00e9ration"},"content":{"rendered":"<p class=\"sc-ksZaOG ehjQrN text-element\">La lettre adress\u00e9e le 10 juin au <a href=\"https:\/\/www.liberation.fr\/politique\/manuel-valls-aux-outre-mer-le-pari-du-paria-20250327_F3TEZOUUDFA6HPJTTRAATRHIF4\/\" target=\"_blank\" rel=\"noreferrer noopener\" title=\"https:\/\/www.liberation.fr\/politique\/manuel-valls-aux-outre-mer-le-pari-du-paria-20250327_F3TEZOUUDFA6HPJTTRAATRHIF4\/\">ministre des Outre-mer, Manuel Valls<\/a>, et que Lib\u00e9ration s\u2019est procur\u00e9e, ne m\u00e9nage pas son ton alarmiste. Elle met avant un risque de scandale aux \u00abcons\u00e9quences gravement dommageables non seulement pour le centre Pompidou-Metz et le centre Pompidou lui-m\u00eame [\u2026] et pour l\u2019image dans le monde de la France, patrie de la culture, d\u2019Edouard Glissant, de <a href=\"https:\/\/www.liberation.fr\/culture\/livres\/mort-de-maryse-conde-plume-de-la-fierte-noire-20240402_2QGLSWBAXVDLZK2ZUI53DSW7UI\/\" target=\"_blank\" rel=\"noreferrer noopener\" title=\"https:\/\/www.liberation.fr\/culture\/livres\/mort-de-maryse-conde-plume-de-la-fierte-noire-20240402_2QGLSWBAXVDLZK2ZUI53DSW7UI\/\">Maryse Cond\u00e9<\/a> et de Patrick Chamoiseau\u00bb.<\/p>\n","protected":false},"excerpt":{"rendered":"La lettre adress\u00e9e le 10 juin au ministre des Outre-mer, Manuel Valls, et que Lib\u00e9ration s\u2019est procur\u00e9e, ne&hellip;\n","protected":false},"author":2,"featured_media":182610,"comment_status":"","ping_status":"","sticky":false,"template":"","format":"standard","meta":{"footnotes":""},"categories":[1358],"tags":[1348,1384,1385,1386,58,59,1011,27,6212],"class_list":{"0":"post-182609","1":"post","2":"type-post","3":"status-publish","4":"format-standard","5":"has-post-thumbnail","7":"category-arts-et-design","8":"tag-arts","9":"tag-arts-and-design","10":"tag-arts-et-design","11":"tag-design","12":"tag-divertissement","13":"tag-entertainment","14":"tag-fr","15":"tag-france","16":"tag-metz"},"share_on_mastodon":{"url":"https:\/\/pubeurope.com\/@fr\/114697124213396040","error":""},"_links":{"self":[{"href":"https:\/\/www.europesays.com\/fr\/wp-json\/wp\/v2\/posts\/182609","targetHints":{"allow":["GET"]}}],"collection":[{"href":"https:\/\/www.europesays.com\/fr\/wp-json\/wp\/v2\/posts"}],"about":[{"href":"https:\/\/www.europesays.com\/fr\/wp-json\/wp\/v2\/types\/post"}],"author":[{"embeddable":true,"href":"https:\/\/www.europesays.com\/fr\/wp-json\/wp\/v2\/users\/2"}],"replies":[{"embeddable":true,"href":"https:\/\/www.europesays.com\/fr\/wp-json\/wp\/v2\/comments?post=182609"}],"version-history":[{"count":0,"href":"https:\/\/www.europesays.com\/fr\/wp-json\/wp\/v2\/posts\/182609\/revisions"}],"wp:featuredmedia":[{"embeddable":true,"href":"https:\/\/www.europesays.com\/fr\/wp-json\/wp\/v2\/media\/182610"}],"wp:attachment":[{"href":"https:\/\/www.europesays.com\/fr\/wp-json\/wp\/v2\/media?parent=182609"}],"wp:term":[{"taxonomy":"category","embeddable":true,"href":"https:\/\/www.europesays.com\/fr\/wp-json\/wp\/v2\/categories?post=182609"},{"taxonomy":"post_tag","embeddable":true,"href":"https:\/\/www.europesays.com\/fr\/wp-json\/wp\/v2\/tags?post=182609"}],"curies":[{"name":"wp","href":"https:\/\/api.w.org\/{rel}","templated":true}]}}