{"id":182631,"date":"2025-06-17T05:57:10","date_gmt":"2025-06-17T05:57:10","guid":{"rendered":"https:\/\/www.europesays.com\/fr\/182631\/"},"modified":"2025-06-17T05:57:10","modified_gmt":"2025-06-17T05:57:10","slug":"a-quel-age-partent-vraiment-les-francais","status":"publish","type":"post","link":"https:\/\/www.europesays.com\/fr\/182631\/","title":{"rendered":"\u00e0 quel \u00e2ge partent vraiment les Fran\u00e7ais ?"},"content":{"rendered":"<p><strong>D\u00c9CRYPTAGE &#8211;<\/strong> Selon le dernier rapport du Conseil d\u2019orientation des retraites (COR), publi\u00e9 il y a quelques jours, l\u2019\u00e2ge moyen de d\u00e9part \u00e0 la retraite \u00abdevrait se stabiliser autour de 64,7 ans \u00e0 partir des g\u00e9n\u00e9rations n\u00e9es dans les ann\u00e9es 1975\u00bb.<\/p>\n<p class=\"fig-paragraph\">C\u2019est un point au c\u0153ur des discussions du \u00abconclave\u00bb sur les retraites,\u00a0<a href=\"http:\/\/www.lefigaro.fr\/conjoncture\/conclave-sur-les-retraites-la-derniere-ligne-droite-20250615\" target=\"_blank\" data-fig-type=\"Article\" rel=\"noopener nofollow\" data-gtm-custom-categorie=\"navigation\" data-gtm-custom-action=\"crossclick\" data-gtm-custom-label=\"Contextuel\" data-gtm-event=\"customEventSPE\" data-fig-domain=\"LEFIGARO\">qui doit se conclure ce mardi soir<\/a>\u00a0: l\u2019\u00e2ge de d\u00e9part \u00e0 la retraite cristallise les tensions entre les partisans de son recul et les autres. Le sujet est lourd de cons\u00e9quences, chaque modification rapportant ou co\u00fbtant plusieurs milliards d\u2019euros. Et, selon\u00a0<a href=\"http:\/\/www.lefigaro.fr\/conjoncture\/reculer-l-age-de-depart-a-66-5-ans-la-proposition-choc-du-cor-pour-sauver-le-systeme-de-retraite-20250606\" target=\"_blank\" data-fig-type=\"NewsFlash\" rel=\"noopener nofollow\" data-gtm-custom-categorie=\"navigation\" data-gtm-custom-action=\"crossclick\" data-gtm-custom-label=\"Contextuel\" data-gtm-event=\"customEventSPE\" data-fig-domain=\"LEFIGARO\">le dernier rapport du Conseil d\u2019orientation des retraites<\/a>\u00a0(COR), publi\u00e9 il y a quelques jours, ce dossier est loin d\u2019\u00eatre referm\u00e9\u00a0: \u00abPour \u00e9quilibrer structurellement le syst\u00e8me de retraite chaque ann\u00e9e jusqu\u2019en 2070 via le seul levier de l\u2019\u00e2ge de d\u00e9part \u00e0 la retraite, il serait n\u00e9cessaire de porter cet \u00e2ge \u00e0 64,3 ans en 2030, 65,9 ans en 2045 et 66,5 ans en 2070\u00a0\u00bb, pr\u00e9voit l\u2019organisme.<\/p>\n<p class=\"fig-paragraph\">Mais \u00e0 quel \u00e2ge les Fran\u00e7ais font-ils valoir leurs droits\u00a0? En France, l\u2019\u00e2ge moyen conjoncturel de d\u00e9part \u00e0 la retraite augmente chaque ann\u00e9e depuis le milieu du XXe si\u00e8cle. Alors qu\u2019il \u00e9tait de 62 ans et 8 mois fin 2022, il a atteint 63 ans en 2023 et pourrait passer \u00e0 64,5 ans environ \u00e0 partir des ann\u00e9es 2040, du fait des r\u00e9formes vot\u00e9es\u2026<\/p>\n<p class=\"fig-premium-paywall__infos\">\n        Cet article est r\u00e9serv\u00e9 aux abonn\u00e9s.        Il vous reste 78% \u00e0 d\u00e9couvrir.\n    <\/p>\n<p>                <img  data- alt=\"Le Figaro\" class=\"fig-img--complete fig-img\"\/><\/p>\n<p class=\"fig-premium-paywall__title\">Vente Flash<\/p>\n<p class=\"fig-premium-paywall__subtitle\">3,99\u20ac par mois pendant 12 mois. Sans engagement.<\/p>\n<p class=\"fig-premium-paywall__connect\">\n                D\u00e9j\u00e0 abonn\u00e9\u00a0?                <a class=\"fig-premium-paywall__connect-link\" href=\"https:\/\/connect.lefigaro.fr\/login?client=horizon_web&amp;type=main&amp;redirect_uri=https%3A%2F%2Fwww.lefigaro.fr%2Fsocial%2Fretraite-a-quel-age-partent-vraiment-les-francais-20250617\" data-js-gtm=\"{&quot;customCategorie&quot;: &quot;conversion&quot;, &quot;customAction&quot;: &quot;before_Landing_Connexion_paywall_manuel&quot;, &quot;customLabel&quot;: &quot;bGVmaWdhcm8uZnJfXzFmMDQyYTlmLTViZjAtNmJjMC05MTJmLTc5YmE4MWE1MzQ2N19fTmV3c0ZsYXNo_Retraite\u00a0: \u00e0 quel \u00e2ge partent vraiment les Fran\u00e7ais\u00a0?_347&quot;, &quot;customIDSPE&quot;: &quot;bGVmaWdhcm8uZnJfXzFmMDQyYTlmLTViZjAtNmJjMC05MTJmLTc5YmE4MWE1MzQ2N19fTmV3c0ZsYXNo&quot;, &quot;event&quot;: &quot;customEventSPE&quot;}\" rel=\"nofollow noopener\" target=\"_blank\"><br \/>\n                    Connectez-vous<br \/>\n                <\/a>\n            <\/p>\n","protected":false},"excerpt":{"rendered":"D\u00c9CRYPTAGE &#8211; Selon le dernier rapport du Conseil d\u2019orientation des retraites (COR), publi\u00e9 il y a quelques jours,&hellip;\n","protected":false},"author":2,"featured_media":182632,"comment_status":"","ping_status":"","sticky":false,"template":"","format":"standard","meta":{"footnotes":""},"categories":[2],"tags":[11,8334,343,8327,8324,8328,257,590,8333,1011,27,8329,12,8325,8331,8332,8323,8322,137,1019,801,8330,8326],"class_list":{"0":"post-182631","1":"post","2":"type-post","3":"status-publish","4":"format-standard","5":"has-post-thumbnail","7":"category-actualites","8":"tag-actualites","9":"tag-actualites-sociales","10":"tag-cac-40","11":"tag-comoite-dentreprise","12":"tag-conjoncture","13":"tag-elections-syndicales","14":"tag-entreprise","15":"tag-finance","16":"tag-fiscalite-des-entreprises","17":"tag-fr","18":"tag-france","19":"tag-gestion-entreprise","20":"tag-news","21":"tag-oeuvres-sociales","22":"tag-pme","23":"tag-pmi","24":"tag-primes","25":"tag-ressources-humaines","26":"tag-retraite","27":"tag-rh","28":"tag-social","29":"tag-tpe","30":"tag-trseorerie"},"share_on_mastodon":{"url":"https:\/\/pubeurope.com\/@fr\/114697171338974228","error":""},"_links":{"self":[{"href":"https:\/\/www.europesays.com\/fr\/wp-json\/wp\/v2\/posts\/182631","targetHints":{"allow":["GET"]}}],"collection":[{"href":"https:\/\/www.europesays.com\/fr\/wp-json\/wp\/v2\/posts"}],"about":[{"href":"https:\/\/www.europesays.com\/fr\/wp-json\/wp\/v2\/types\/post"}],"author":[{"embeddable":true,"href":"https:\/\/www.europesays.com\/fr\/wp-json\/wp\/v2\/users\/2"}],"replies":[{"embeddable":true,"href":"https:\/\/www.europesays.com\/fr\/wp-json\/wp\/v2\/comments?post=182631"}],"version-history":[{"count":0,"href":"https:\/\/www.europesays.com\/fr\/wp-json\/wp\/v2\/posts\/182631\/revisions"}],"wp:featuredmedia":[{"embeddable":true,"href":"https:\/\/www.europesays.com\/fr\/wp-json\/wp\/v2\/media\/182632"}],"wp:attachment":[{"href":"https:\/\/www.europesays.com\/fr\/wp-json\/wp\/v2\/media?parent=182631"}],"wp:term":[{"taxonomy":"category","embeddable":true,"href":"https:\/\/www.europesays.com\/fr\/wp-json\/wp\/v2\/categories?post=182631"},{"taxonomy":"post_tag","embeddable":true,"href":"https:\/\/www.europesays.com\/fr\/wp-json\/wp\/v2\/tags?post=182631"}],"curies":[{"name":"wp","href":"https:\/\/api.w.org\/{rel}","templated":true}]}}