{"id":182633,"date":"2025-06-17T05:58:14","date_gmt":"2025-06-17T05:58:14","guid":{"rendered":"https:\/\/www.europesays.com\/fr\/182633\/"},"modified":"2025-06-17T05:58:14","modified_gmt":"2025-06-17T05:58:14","slug":"baignades-quelles-sont-les-regles-a-respecter-pour-se-rafraichir-en-toute-securite","status":"publish","type":"post","link":"https:\/\/www.europesays.com\/fr\/182633\/","title":{"rendered":"Baignades : quelles sont les r\u00e8gles \u00e0 respecter pour se rafra\u00eechir en toute s\u00e9curit\u00e9 ?"},"content":{"rendered":"<p>Avec le retour des grandes chaleurs, les baignades sont de retour, mais attention aux zones non surveill\u00e9es.<\/p>\n<p>Samedi 14 juin, deux adolescents sont morts noy\u00e9s dans le secteur de Saint-Victor-sur-Loire, pr\u00e8s de Saint-\u00c9tienne. <\/p>\n<p>Les deux jeunes faisaient partie d&rsquo;un groupe parti se baigner en bord de Loire, dans un secteur non surveill\u00e9.\u00a0<\/p>\n<p>114 noyades en Auvergne-Rh\u00f4ne-Alpes en 2024<\/p>\n<p>Un drame qui rappelle les dangers en zones naturelles et l&rsquo;importance de <b>respecter certaines mesures de s\u00e9curit\u00e9<\/b>.<\/p>\n<p>Le capitaine <b>Julien Degaudenzi<\/b>, des sapeurs-pompiers de la Loire, nous rappelle les trois r\u00e9flexes \u00e0 adopter pour se baigner en toute s\u00e9curit\u00e9.\u00a0<\/p>\n<p>L&rsquo;Agence r\u00e9gionale de sant\u00e9 a comptabilis\u00e9 <b>114 noyades <\/b>en 2024 en Auvergne-Rh\u00f4ne-Alpes, dont 39 qui ont entra\u00een\u00e9 un d\u00e9c\u00e8s.\u00a0<\/p>\n<p>Les d\u00e9partements les plus touch\u00e9s sont le <b>Rh\u00f4ne<\/b> avec 29 noyades (dont 8 d\u00e9c\u00e8s), la <b>Haute-Savoie <\/b>(15 noyades, 8 d\u00e9c\u00e8s), l&rsquo;<b>Is\u00e8re<\/b> (13 noyades, 4 d\u00e9c\u00e8s) et l&rsquo;<b>Ain<\/b> (11 noyades, 5 d\u00e9c\u00e8s). <\/p>\n<p>Des chiffres inqui\u00e9tants sont \u00e9galement relev\u00e9s dans la <b>Loire<\/b>, avec 10 noyades, dont la moiti\u00e9 mortelle.<\/p>\n<p><b>Les gestes \u00e0 adopter avant chaque baignade :\u00a0<\/b><\/p>\n<p>&#8211; Assurez-vous de votre niveau de pratique,<br \/>&#8211; Pr\u00e9venez vos proches lorsque vous allez vous baigner,<br \/>&#8211; Si vous ressentez le moindre frisson ou trouble physique, ne vous baignez pas,<br \/>&#8211; Pr\u00e9f\u00e9rez les zones de baignade surveill\u00e9es,<br \/>&#8211; Informez-vous sur les conditions de baignade (courants, dangers naturels, etc.), <br \/>&#8211; Respectez toujours les consignes de s\u00e9curit\u00e9 signal\u00e9es par les drapeaux de baignade et\/ou par les sauveteurs,<br \/>&#8211; Ne consommez pas d&rsquo;alcool avant et pendant la baignade,<br \/>&#8211; Rentrez dans l&rsquo;eau progressivement, surtout apr\u00e8s une longue exposition au soleil.<\/p>\n<p>Sachez aussi que <b>les mairies sont tenues de r\u00e9f\u00e9rencer les diff\u00e9rentes zones autoris\u00e9es<\/b> et interdites \u00e0 la baignade. N&rsquo;h\u00e9sitez pas \u00e0 les contacter en cas de doute.<\/p>\n<p><\/p>\n","protected":false},"excerpt":{"rendered":"Avec le retour des grandes chaleurs, les baignades sont de retour, mais attention aux zones non surveill\u00e9es. Samedi&hellip;\n","protected":false},"author":2,"featured_media":182634,"comment_status":"","ping_status":"","sticky":false,"template":"","format":"standard","meta":{"footnotes":""},"categories":[9653],"tags":[1111,11,2430,15109,1777,674,1011,27,12,32068,32069,25,9898,4001],"class_list":{"0":"post-182633","1":"post","2":"type-post","3":"status-publish","4":"format-standard","5":"has-post-thumbnail","7":"category-saint-etienne","8":"tag-actu","9":"tag-actualites","10":"tag-auvergne-rhone-alpes","11":"tag-baignade","12":"tag-eu","13":"tag-europe","14":"tag-fr","15":"tag-france","16":"tag-news","17":"tag-non-surveille","18":"tag-rgles","19":"tag-republique-francaise","20":"tag-respecter","21":"tag-saint-etienne"},"share_on_mastodon":{"url":"https:\/\/pubeurope.com\/@fr\/114697176395712134","error":""},"_links":{"self":[{"href":"https:\/\/www.europesays.com\/fr\/wp-json\/wp\/v2\/posts\/182633","targetHints":{"allow":["GET"]}}],"collection":[{"href":"https:\/\/www.europesays.com\/fr\/wp-json\/wp\/v2\/posts"}],"about":[{"href":"https:\/\/www.europesays.com\/fr\/wp-json\/wp\/v2\/types\/post"}],"author":[{"embeddable":true,"href":"https:\/\/www.europesays.com\/fr\/wp-json\/wp\/v2\/users\/2"}],"replies":[{"embeddable":true,"href":"https:\/\/www.europesays.com\/fr\/wp-json\/wp\/v2\/comments?post=182633"}],"version-history":[{"count":0,"href":"https:\/\/www.europesays.com\/fr\/wp-json\/wp\/v2\/posts\/182633\/revisions"}],"wp:featuredmedia":[{"embeddable":true,"href":"https:\/\/www.europesays.com\/fr\/wp-json\/wp\/v2\/media\/182634"}],"wp:attachment":[{"href":"https:\/\/www.europesays.com\/fr\/wp-json\/wp\/v2\/media?parent=182633"}],"wp:term":[{"taxonomy":"category","embeddable":true,"href":"https:\/\/www.europesays.com\/fr\/wp-json\/wp\/v2\/categories?post=182633"},{"taxonomy":"post_tag","embeddable":true,"href":"https:\/\/www.europesays.com\/fr\/wp-json\/wp\/v2\/tags?post=182633"}],"curies":[{"name":"wp","href":"https:\/\/api.w.org\/{rel}","templated":true}]}}