{"id":182637,"date":"2025-06-17T06:02:12","date_gmt":"2025-06-17T06:02:12","guid":{"rendered":"https:\/\/www.europesays.com\/fr\/182637\/"},"modified":"2025-06-17T06:02:12","modified_gmt":"2025-06-17T06:02:12","slug":"gendarme-percute-et-blesse-lors-dun-rodeo-pres-de-nancy-le-tribunal-autorise-de-nouvelles-investigations","status":"publish","type":"post","link":"https:\/\/www.europesays.com\/fr\/182637\/","title":{"rendered":"Gendarme percut\u00e9 et bless\u00e9 lors d\u2019un rod\u00e9o pr\u00e8s de Nancy\u00a0: le tribunal autorise de nouvelles investigations"},"content":{"rendered":"<p class=\"paragraph text_align_left\">Me Bruno Zillig esp\u00e8re une \u00e9volution de la qualification des faits, en tentative d\u2019homicide volontaire, au regard de l\u2019\u00e9tat de sant\u00e9 de son client, victime d\u2019une fracture du tibia et de la rotule de la jambe droite. \u00ab\u00a0Il a failli perdre sa jambe, il ne sera pas amput\u00e9 mais il s\u2019en est fallu de peu. Il ne peut pas se d\u00e9placer, il doit rester alit\u00e9 avant d\u2019entrer en centre de r\u00e9\u00e9ducation. A minima, il est \u00e0 quatre mois d\u2019arr\u00eat. \u00c0 l\u2019issue des soins, ce n\u2019est pas exclu qu\u2019il y ait une incapacit\u00e9 permanente. L\u2019\u00e9volution de ses blessures pouvant faire \u00e9voluer la qualification p\u00e9nale\u00a0\u00bb, d\u00e9roule le conseil du militaire bless\u00e9.<\/p>\n","protected":false},"excerpt":{"rendered":"Me Bruno Zillig esp\u00e8re une \u00e9volution de la qualification des faits, en tentative d\u2019homicide volontaire, au regard de&hellip;\n","protected":false},"author":2,"featured_media":182638,"comment_status":"","ping_status":"","sticky":false,"template":"","format":"standard","meta":{"footnotes":""},"categories":[9635],"tags":[1111,11,459,1777,674,118,1011,27,775,1702,12,25],"class_list":{"0":"post-182637","1":"post","2":"type-post","3":"status-publish","4":"format-standard","5":"has-post-thumbnail","7":"category-nancy","8":"tag-actu","9":"tag-actualites","10":"tag-departements-horsidfo","11":"tag-eu","12":"tag-europe","13":"tag-faits-divers","14":"tag-fr","15":"tag-france","16":"tag-grand-est","17":"tag-nancy","18":"tag-news","19":"tag-republique-francaise"},"share_on_mastodon":{"url":"https:\/\/pubeurope.com\/@fr\/114697190943662433","error":""},"_links":{"self":[{"href":"https:\/\/www.europesays.com\/fr\/wp-json\/wp\/v2\/posts\/182637","targetHints":{"allow":["GET"]}}],"collection":[{"href":"https:\/\/www.europesays.com\/fr\/wp-json\/wp\/v2\/posts"}],"about":[{"href":"https:\/\/www.europesays.com\/fr\/wp-json\/wp\/v2\/types\/post"}],"author":[{"embeddable":true,"href":"https:\/\/www.europesays.com\/fr\/wp-json\/wp\/v2\/users\/2"}],"replies":[{"embeddable":true,"href":"https:\/\/www.europesays.com\/fr\/wp-json\/wp\/v2\/comments?post=182637"}],"version-history":[{"count":0,"href":"https:\/\/www.europesays.com\/fr\/wp-json\/wp\/v2\/posts\/182637\/revisions"}],"wp:featuredmedia":[{"embeddable":true,"href":"https:\/\/www.europesays.com\/fr\/wp-json\/wp\/v2\/media\/182638"}],"wp:attachment":[{"href":"https:\/\/www.europesays.com\/fr\/wp-json\/wp\/v2\/media?parent=182637"}],"wp:term":[{"taxonomy":"category","embeddable":true,"href":"https:\/\/www.europesays.com\/fr\/wp-json\/wp\/v2\/categories?post=182637"},{"taxonomy":"post_tag","embeddable":true,"href":"https:\/\/www.europesays.com\/fr\/wp-json\/wp\/v2\/tags?post=182637"}],"curies":[{"name":"wp","href":"https:\/\/api.w.org\/{rel}","templated":true}]}}