{"id":182645,"date":"2025-06-17T06:07:08","date_gmt":"2025-06-17T06:07:08","guid":{"rendered":"https:\/\/www.europesays.com\/fr\/182645\/"},"modified":"2025-06-17T06:07:08","modified_gmt":"2025-06-17T06:07:08","slug":"une-fillette-grievement-blessee-la-commune-mise-en-cause","status":"publish","type":"post","link":"https:\/\/www.europesays.com\/fr\/182645\/","title":{"rendered":"une fillette gri\u00e8vement bless\u00e9e, la commune mise en cause"},"content":{"rendered":"<p>            Par<br \/>\n        <strong><br \/>\n            <a href=\"https:\/\/actu.fr\/auteur\/thomas-rideau\" title=\"Consulter tous les articles de Thomas Rideau\" rel=\"nofollow noopener\" target=\"_blank\">Thomas Rideau<\/a><br \/>\n        <\/strong><\/p>\n<p>        Publi\u00e9 le<\/p>\n<p>            17 juin 2025 \u00e0 7h08        <\/p>\n<p><strong>On imagine \u00e0 peine la sc\u00e8ne<\/strong>. En l\u2019espace de quelques instants, l\u2019insouciance et les jeux des enfants se sont transform\u00e9s <strong>en calvaire<\/strong> pour la petite In\u00e8s, quatre ans, \u00e0 la piscine de <a href=\"https:\/\/actu.fr\/normandie\/canteleu_76157\" rel=\"nofollow noopener\" target=\"_blank\">Canteleu (Seine-Maritime)<\/a>. La fillette est tomb\u00e9e sur une \u00e9chelle d\u2019acc\u00e8s au bassin ludique. Mais elle a tr\u00e8s mal chut\u00e9 et s\u2019est retrouv\u00e9e avec une plaie profonde au niveau de l\u2019entrejambe et <strong>un sphincter \u00ab\u2009d\u00e9chir\u00e9\u2009\u00bb<\/strong>. Ce lundi 16 juin 2025, le tribunal administratif de <a href=\"https:\/\/actu.fr\/normandie\/rouen_76540\" rel=\"nofollow noopener\" target=\"_blank\">Rouen<\/a> s\u2019est pench\u00e9 sur ce dossier pour d\u00e9terminer les responsabilit\u00e9s de chacun.<\/p>\n<p>\u00ab\u2009La responsabilit\u00e9 de la commune doit \u00eatre engag\u00e9e\u2009\u00bb<\/p>\n<p class=\" wall-content\">Manque de vigilance des parents ou mat\u00e9riel non conforme\u2009? Les d\u00e9bats, sur cet accident qui a eu lieu \u00e0 l\u2019hiver 2019, se sont concentr\u00e9s sur ces deux points pr\u00e9cis durant l\u2019audience. Mais pour<strong> la rapporteure du dossier<\/strong>, il fait finalement peu de doute que c\u2019est bien la commune qui est en tort, et de glisser que l\u2019\u00e9chelle \u00ab\u2009n\u2019est pas con\u00e7ue pour les enfants\u2009\u00bb alors qu\u2019elle se trouve dans le bassin \u00ab\u2009ludique\u2009\u00bb destin\u00e9 aux enfants, justement\u2009: \u00ab\u2009La responsabilit\u00e9 de la commune doit \u00eatre engag\u00e9e.\u2009\u00bb<\/p>\n<p class=\" wall-content\">L\u2019\u00e9ventuelle \u00ab\u2009imprudence\u2009\u00bb du p\u00e8re \u00ab\u2009n\u2019est pas \u00e0 l\u2019origine de la glissade\u2009\u00bb de la fillette, rajoute la rapporteure. D\u2019autant plus que le parent \u00e9tait situ\u00e9 \u00e0 proximit\u00e9 de sa fille. \u00ab\u2009Hospitalisation\u2009\u00bb,<strong> \u00ab\u2009d\u00e9ficit physique\u2009\u00bb<\/strong>, \u00ab\u2009cons\u00e9quences psychologiques\u2009\u00bb, \u00ab\u2009souffrance endur\u00e9e\u2009\u00bb :<strong> la toute jeune Cantilienne a v\u00e9cu un calvaire<\/strong> durant les jours qui ont suivi l\u2019accident.<\/p>\n<p class=\" wall-content\">Au total, la rapporteure demande la condamnation de la ville de Canteleu \u00e0 verser la somme d\u2019environ 8\u2009000\u00a0\u20ac \u00e0 la famille, et 6\u2009000\u00a0\u20ac \u00e0 la caisse primaire d\u2019assurance maladie.<\/p>\n<p>\u00ab\u2009Des douleurs importantes\u2009\u00bb<\/p>\n<p class=\" wall-content\">Du c\u00f4t\u00e9 de la d\u00e9fense de la famille de la petite In\u00e8s, on rappelle la \u00ab\u2009dangerosit\u00e9 de la barri\u00e8re\u2009\u00bb et note que la plaie \u00e9tait \u00ab\u2009importante et profonde\u2009\u00bb et g\u00e9n\u00e9rait des \u00ab\u2009douleurs importantes durant la cicatrisation\u2009\u00bb. \u00ab\u2009\u00c0 aucun moment, on ne fait \u00e9tat d\u2019un comportement inadapt\u00e9 de l\u2019enfant\u2009\u00bb, rajoute l\u2019avocate.<\/p>\n<p class=\" wall-content\">Pour la ville de Canteleu, on veut mettre en avant le manque de surveillance de la famille. \u00ab\u2009Le p\u00e8re \u00e9tait <strong>dans un autre bassin<\/strong> au moment des faits\u2009\u00bb, note le conseil de la commune, en se basant sur la d\u00e9claration faite par le p\u00e8re lors du d\u00e9p\u00f4t de plainte au p\u00e9nal. \u00ab\u2009Alors que l\u2019article\u00a04 du r\u00e8glement int\u00e9rieur pr\u00e9cise que les enfants de moins de sept ans doivent toujours \u00eatre accompagn\u00e9s d\u2019un responsable.\u2009\u00bb Et d\u2019argumenter que <strong>la fameuse \u00e9chelle<\/strong> en question \u00e9tait r\u00e9glementaire.<\/p>\n<p class=\" wall-content\">Le tribunal rendra son d\u00e9lib\u00e9r\u00e9 le 30 juin prochain.<\/p>\n<p>Suivez l\u2019actualit\u00e9 de Rouen <a href=\"https:\/\/www.whatsapp.com\/channel\/0029VaKfnf99hXF2ddApFB1D\" rel=\"nofollow noopener\" target=\"_blank\">sur notre cha\u00eene WhatsApp<\/a> et <a href=\"https:\/\/www.tiktok.com\/@76actu.fr?lang=fr\" rel=\"nofollow noopener\" target=\"_blank\">sur notre compte TikTok<\/a><\/p>\n<p class=\" wall-content\">Suivez toute l\u2019actualit\u00e9 de vos villes et m\u00e9dias favoris en vous inscrivant \u00e0 <a href=\"https:\/\/moncompte.actu.fr\" title=\"D\u00e9couvez Mon Actu\" rel=\"nofollow noopener\" data-trk=\"{&quot;cta&quot;:{&quot;action&quot;:&quot;https:\\\/\\\/moncompte.actu.fr&quot;,&quot;category&quot;:&quot;mon compte&quot;,&quot;from&quot;:&quot;article footer&quot;,&quot;name&quot;:&quot;Mon actu&quot;,&quot;type&quot;:&quot;cta&quot;}}\" target=\"_blank\">Mon Actu<\/a>.<\/p>\n<ul class=\"ac-article-tag wall-content\">\n<li><a href=\"https:\/\/actu.fr\/tag\/justice\" data-trk=\"{&quot;cta&quot;:{&quot;action&quot;:&quot;Justice&quot;,&quot;category&quot;:&quot;tag&quot;,&quot;from&quot;:&quot;article footer&quot;,&quot;name&quot;:&quot;Justice&quot;,&quot;type&quot;:&quot;cta&quot;}}\" rel=\"nofollow noopener\" target=\"_blank\">#Justice<\/a><\/li>\n<li><a href=\"https:\/\/actu.fr\/tag\/tribunal-de-rouen\" data-trk=\"{&quot;cta&quot;:{&quot;action&quot;:&quot;Tribunal de Rouen&quot;,&quot;category&quot;:&quot;tag&quot;,&quot;from&quot;:&quot;article footer&quot;,&quot;name&quot;:&quot;Tribunal de Rouen&quot;,&quot;type&quot;:&quot;cta&quot;}}\" rel=\"nofollow noopener\" target=\"_blank\">#Tribunal de Rouen<\/a><\/li>\n<\/ul>\n<p>                    <script async src=\"\/\/www.tiktok.com\/embed.js\"><\/script><\/p>\n","protected":false},"excerpt":{"rendered":"Par Thomas Rideau Publi\u00e9 le 17 juin 2025 \u00e0 7h08 On imagine \u00e0 peine la sc\u00e8ne. En l\u2019espace&hellip;\n","protected":false},"author":2,"featured_media":182646,"comment_status":"","ping_status":"","sticky":false,"template":"","format":"standard","meta":{"footnotes":""},"categories":[9587],"tags":[1111,11,1777,674,118,1011,27,303,12,5161,25,9590,13682],"class_list":{"0":"post-182645","1":"post","2":"type-post","3":"status-publish","4":"format-standard","5":"has-post-thumbnail","7":"category-rouen","8":"tag-actu","9":"tag-actualites","10":"tag-eu","11":"tag-europe","12":"tag-faits-divers","13":"tag-fr","14":"tag-france","15":"tag-justice","16":"tag-news","17":"tag-normandie","18":"tag-republique-francaise","19":"tag-rouen","20":"tag-tribunal-de-rouen"},"share_on_mastodon":{"url":"https:\/\/pubeurope.com\/@fr\/114697210681696740","error":""},"_links":{"self":[{"href":"https:\/\/www.europesays.com\/fr\/wp-json\/wp\/v2\/posts\/182645","targetHints":{"allow":["GET"]}}],"collection":[{"href":"https:\/\/www.europesays.com\/fr\/wp-json\/wp\/v2\/posts"}],"about":[{"href":"https:\/\/www.europesays.com\/fr\/wp-json\/wp\/v2\/types\/post"}],"author":[{"embeddable":true,"href":"https:\/\/www.europesays.com\/fr\/wp-json\/wp\/v2\/users\/2"}],"replies":[{"embeddable":true,"href":"https:\/\/www.europesays.com\/fr\/wp-json\/wp\/v2\/comments?post=182645"}],"version-history":[{"count":0,"href":"https:\/\/www.europesays.com\/fr\/wp-json\/wp\/v2\/posts\/182645\/revisions"}],"wp:featuredmedia":[{"embeddable":true,"href":"https:\/\/www.europesays.com\/fr\/wp-json\/wp\/v2\/media\/182646"}],"wp:attachment":[{"href":"https:\/\/www.europesays.com\/fr\/wp-json\/wp\/v2\/media?parent=182645"}],"wp:term":[{"taxonomy":"category","embeddable":true,"href":"https:\/\/www.europesays.com\/fr\/wp-json\/wp\/v2\/categories?post=182645"},{"taxonomy":"post_tag","embeddable":true,"href":"https:\/\/www.europesays.com\/fr\/wp-json\/wp\/v2\/tags?post=182645"}],"curies":[{"name":"wp","href":"https:\/\/api.w.org\/{rel}","templated":true}]}}