{"id":182651,"date":"2025-06-17T06:12:26","date_gmt":"2025-06-17T06:12:26","guid":{"rendered":"https:\/\/www.europesays.com\/fr\/182651\/"},"modified":"2025-06-17T06:12:26","modified_gmt":"2025-06-17T06:12:26","slug":"chartres-de-bretagne-deux-univers-pour-la-fete-de-la-musique-samedi","status":"publish","type":"post","link":"https:\/\/www.europesays.com\/fr\/182651\/","title":{"rendered":"Chartres-de-Bretagne. Deux univers pour la f\u00eate de la Musique, samedi"},"content":{"rendered":"<p>L\u2019ensemble vocal Le Diapason c\u00e9l\u00e8bre la f\u00eate de la Musique en invitant traditionnellement pour la premi\u00e8re partie de son concert un autre ch\u0153ur. Cette ann\u00e9e, ce sera Ubuntu qui rassemble une quinzaine de chanteuses. Il est n\u00e9 \u00e0 l\u2019initiative de la cheffe de ch\u0153ur Mathilde Vincent. Sa d\u00e9marche se situe dans les pas de l\u2019Ubuntu, philosophie africaine humaniste. Son programme se composera de musiques baroques (Purcell, Bach, Haendel) et de chants du monde (Japon, Irlande,\u00a0etc.).<\/p>\n<p>En seconde partie, Le Diapason, qui a f\u00eat\u00e9 ses 40\u00a0ans en 2024, compos\u00e9 de 70\u00a0choristes se r\u00e9unissant tous les mardis soir. Certains chantent depuis sa cr\u00e9ation, les autres se sont int\u00e9gr\u00e9s au fil des ann\u00e9es. \u00a0Nous avons toujours veill\u00e9 \u00e0 accueillir au mieux nos nouveaux membres pour garantir une ambiance chaleureuse\u00a0, indique Claudie Pignon, la pr\u00e9sidente.<\/p>\n<p>Depuis 2010, Le Diapason est dirig\u00e9 par \u00c9lodie Tanguy qui propose un vaste r\u00e9pertoire de chansons fran\u00e7aises contemporaines.<\/p>\n<p>Le programme de la soir\u00e9e m\u00ealera des titres \u00e0 la fois populaires et porteurs de sens, d\u2019artistes connus tels que Yannick Noah, Zaho de Sagazan, Jacques Higelin\u2026<\/p>\n<p>Pour terminer, les deux ensembles r\u00e9uniront leurs voix sur une c\u00e9l\u00e8bre chanson pleine d\u2019humanit\u00e9. \u00a0En r\u00e9unissant des ensembles vocaux aux styles diff\u00e9rents, Le Diapason fait de la f\u00eate de la Musique un moment de partage et de d\u00e9couverte, fid\u00e8le \u00e0 l\u2019esprit de cet \u00e9v\u00e9nement populaire.\u00a0<\/p>\n<p>Samedi 21\u00a0juin, \u00e0 20\u00a0h\u00a030 \u00e0 l\u2019\u00e9glise. Gratuit et sans r\u00e9servation. Contact\u00a0: le diapason.chartres@gmail.com<\/p>\n<p>\u00a0<\/p>\n","protected":false},"excerpt":{"rendered":"L\u2019ensemble vocal Le Diapason c\u00e9l\u00e8bre la f\u00eate de la Musique en invitant traditionnellement pour la premi\u00e8re partie de&hellip;\n","protected":false},"author":2,"featured_media":182652,"comment_status":"","ping_status":"","sticky":false,"template":"","format":"standard","meta":{"footnotes":""},"categories":[2821],"tags":[1111,11,829,19962,1777,674,4768,1011,27,873,12,3086,584,25,3982,387],"class_list":{"0":"post-182651","1":"post","2":"type-post","3":"status-publish","4":"format-standard","5":"has-post-thumbnail","7":"category-rennes","8":"tag-actu","9":"tag-actualites","10":"tag-bretagne","11":"tag-chartres-de-bretagne","12":"tag-eu","13":"tag-europe","14":"tag-fete","15":"tag-fr","16":"tag-france","17":"tag-musique","18":"tag-news","19":"tag-redon","20":"tag-rennes","21":"tag-republique-francaise","22":"tag-samedi","23":"tag-univers"},"share_on_mastodon":{"url":"https:\/\/pubeurope.com\/@fr\/114697230316953290","error":""},"_links":{"self":[{"href":"https:\/\/www.europesays.com\/fr\/wp-json\/wp\/v2\/posts\/182651","targetHints":{"allow":["GET"]}}],"collection":[{"href":"https:\/\/www.europesays.com\/fr\/wp-json\/wp\/v2\/posts"}],"about":[{"href":"https:\/\/www.europesays.com\/fr\/wp-json\/wp\/v2\/types\/post"}],"author":[{"embeddable":true,"href":"https:\/\/www.europesays.com\/fr\/wp-json\/wp\/v2\/users\/2"}],"replies":[{"embeddable":true,"href":"https:\/\/www.europesays.com\/fr\/wp-json\/wp\/v2\/comments?post=182651"}],"version-history":[{"count":0,"href":"https:\/\/www.europesays.com\/fr\/wp-json\/wp\/v2\/posts\/182651\/revisions"}],"wp:featuredmedia":[{"embeddable":true,"href":"https:\/\/www.europesays.com\/fr\/wp-json\/wp\/v2\/media\/182652"}],"wp:attachment":[{"href":"https:\/\/www.europesays.com\/fr\/wp-json\/wp\/v2\/media?parent=182651"}],"wp:term":[{"taxonomy":"category","embeddable":true,"href":"https:\/\/www.europesays.com\/fr\/wp-json\/wp\/v2\/categories?post=182651"},{"taxonomy":"post_tag","embeddable":true,"href":"https:\/\/www.europesays.com\/fr\/wp-json\/wp\/v2\/tags?post=182651"}],"curies":[{"name":"wp","href":"https:\/\/api.w.org\/{rel}","templated":true}]}}