{"id":182655,"date":"2025-06-17T06:14:09","date_gmt":"2025-06-17T06:14:09","guid":{"rendered":"https:\/\/www.europesays.com\/fr\/182655\/"},"modified":"2025-06-17T06:14:09","modified_gmt":"2025-06-17T06:14:09","slug":"le-droit-local-en-question-les-18-et-19-juin","status":"publish","type":"post","link":"https:\/\/www.europesays.com\/fr\/182655\/","title":{"rendered":"le droit local en question les 18 et 19 juin"},"content":{"rendered":"<p>En France, l\u2019\u00c9tat est neutre en mati\u00e8re de religion &#8211; y compris en Alsace-Moselle. Mais le principe de libert\u00e9 de religion et de non-discrimination c\u00f4toie ici la r\u00e9alit\u00e9 particuli\u00e8re du r\u00e9gime local\u00a0: on y distingue les cultes dits \u201cstatutaires\u201d ou \u201creconnus\u201d (catholiques, protestants luth\u00e9riens et r\u00e9form\u00e9s, juifs des consistoires) et les \u201cnon statutaires\u201d. Lesquels englobent aujourd\u2019hui beaucoup de monde\u00a0: \u00e9vang\u00e9liques, protestants libres, musulmans, orthodoxes, bouddhistes, hindouistes, juifs non consistoriaux, anglicans, et m\u00eame mormons et t\u00e9moins de J\u00e9hovah.<\/p>\n<p>  Faciliter le rapprochement n\u00e9cessaire entre les deux r\u00e9gimes<\/p>\n<p>Concr\u00e8tement, cela signifie que l\u2019\u00c9tat fran\u00e7ais cod\u00e9signe et paie des \u00e9v\u00eaques, pr\u00e9sidents d\u2019Union d\u2019\u00c9glises protestantes, cur\u00e9s, pasteurs et rabbins, tandis que les cultes non reconnus doivent s\u2019organiser en associations. Une in\u00e9galit\u00e9 qui date de\u2026 1801 et du Concordat sign\u00e9 entre Napol\u00e9on Bonaparte et le pape Pie VII. Le statut sp\u00e9cifique accord\u00e9 aux catholiques sera \u00e9tendu l\u2019ann\u00e9e suivante aux protestants et aux juifs. Et quand la loi de s\u00e9paration des \u00c9glises et de l\u2019\u00c9tat sera promulgu\u00e9e en 1905, elle ne touchera pas l\u2019Alsace-Moselle, alors allemande.<\/p>\n<p>Port\u00e9 par l\u2019universit\u00e9 de Strasbourg, avec le soutien de la Ville et de l\u2019Institut du droit local alsacien mosellan, le colloque pr\u00e9sente des travaux universitaires sur la situation des cultes non statutaires dans les trois d\u00e9partements, en s\u2019autorisant un d\u00e9tour par la Belgique, l\u2019Allemagne ou le droit europ\u00e9en. Objectif\u00a0: valoriser les \u201cbonnes pratiques\u201d pour faciliter le rapprochement n\u00e9cessaire entre les deux r\u00e9gimes.<\/p>\n<p>Les d\u00e9bats seront anim\u00e9s, entre autres, par l\u2019\u00e9v\u00eaque auxiliaire de Strasbourg Christian Kratz, l\u2019ancien pr\u00e9sident de l\u2019universit\u00e9 <a href=\"https:\/\/www.dna.fr\/societe\/2025\/06\/06\/retour-dans-les-ordres-pour-michel-deneken\" target=\"_blank\" rel=\"nofollow noopener\">Michel Deneken<\/a> , le th\u00e9ologien orthodoxe Christos Filiotis, les pasteurs Isabelle Gerber et Michel Schneider, le pr\u00e9sident de la Grande mosqu\u00e9e de Strasbourg Sa\u00efd Aalla et le bouddhiste Olivier Wang-Genh.<\/p>\n<p class=\"note\">Salle de conf\u00e9rences de la Misha, 5 all\u00e9e du G\u00e9n\u00e9ral Rouvillois \u00e0 Strasbourg, mercredi\u00a018 et jeudi 19\u00a0juin de 9\u00a0h \u00e0 17\u00a0h.<\/p>\n","protected":false},"excerpt":{"rendered":"En France, l\u2019\u00c9tat est neutre en mati\u00e8re de religion &#8211; y compris en Alsace-Moselle. Mais le principe de&hellip;\n","protected":false},"author":2,"featured_media":182656,"comment_status":"","ping_status":"","sticky":false,"template":"","format":"standard","meta":{"footnotes":""},"categories":[2820],"tags":[1111,11,2389,2649,2880,1777,674,107,1011,27,775,12,5889,25,104,640,2879],"class_list":{"0":"post-182655","1":"post","2":"type-post","3":"status-publish","4":"format-standard","5":"has-post-thumbnail","7":"category-strasbourg","8":"tag-actu","9":"tag-actualites","10":"tag-alsace","11":"tag-bas-rhin","12":"tag-edition-strasbourg","13":"tag-eu","14":"tag-europe","15":"tag-fil-info","16":"tag-fr","17":"tag-france","18":"tag-grand-est","19":"tag-news","20":"tag-religion-croyance","21":"tag-republique-francaise","22":"tag-societe","23":"tag-strasbourg","24":"tag-strasbourg-ville"},"share_on_mastodon":{"url":"https:\/\/pubeurope.com\/@fr\/114697238187124327","error":""},"_links":{"self":[{"href":"https:\/\/www.europesays.com\/fr\/wp-json\/wp\/v2\/posts\/182655","targetHints":{"allow":["GET"]}}],"collection":[{"href":"https:\/\/www.europesays.com\/fr\/wp-json\/wp\/v2\/posts"}],"about":[{"href":"https:\/\/www.europesays.com\/fr\/wp-json\/wp\/v2\/types\/post"}],"author":[{"embeddable":true,"href":"https:\/\/www.europesays.com\/fr\/wp-json\/wp\/v2\/users\/2"}],"replies":[{"embeddable":true,"href":"https:\/\/www.europesays.com\/fr\/wp-json\/wp\/v2\/comments?post=182655"}],"version-history":[{"count":0,"href":"https:\/\/www.europesays.com\/fr\/wp-json\/wp\/v2\/posts\/182655\/revisions"}],"wp:featuredmedia":[{"embeddable":true,"href":"https:\/\/www.europesays.com\/fr\/wp-json\/wp\/v2\/media\/182656"}],"wp:attachment":[{"href":"https:\/\/www.europesays.com\/fr\/wp-json\/wp\/v2\/media?parent=182655"}],"wp:term":[{"taxonomy":"category","embeddable":true,"href":"https:\/\/www.europesays.com\/fr\/wp-json\/wp\/v2\/categories?post=182655"},{"taxonomy":"post_tag","embeddable":true,"href":"https:\/\/www.europesays.com\/fr\/wp-json\/wp\/v2\/tags?post=182655"}],"curies":[{"name":"wp","href":"https:\/\/api.w.org\/{rel}","templated":true}]}}