{"id":182665,"date":"2025-06-17T06:19:15","date_gmt":"2025-06-17T06:19:15","guid":{"rendered":"https:\/\/www.europesays.com\/fr\/182665\/"},"modified":"2025-06-17T06:19:15","modified_gmt":"2025-06-17T06:19:15","slug":"la-creation-dune-nouvelle-creche-sera-votee-au-conseil-municipal","status":"publish","type":"post","link":"https:\/\/www.europesays.com\/fr\/182665\/","title":{"rendered":"la cr\u00e9ation d&rsquo;une nouvelle cr\u00e8che sera vot\u00e9e au conseil municipal"},"content":{"rendered":"<p>            Par<br \/>\n        <strong><br \/>\n            <a href=\"https:\/\/actu.fr\/auteur\/laure-gentil\" title=\"Consulter tous les articles de Laure Gentil\" rel=\"nofollow noopener\" target=\"_blank\">Laure Gentil<\/a><br \/>\n        <\/strong><\/p>\n<p>        Publi\u00e9 le<\/p>\n<p>            17 juin 2025 \u00e0 7h32        <\/p>\n<p>Le conseil municipal de Nantes doit se r\u00e9unir vendredi 20\u00a0juin 2025. \u00c0 l\u2019ordre du jour un projet de \u00ab\u2009multi-accueil\u2009\u00bb qui devrait accueillir <strong>25 berceaux en<\/strong> <strong>plus<\/strong> dans le quartier du Breil.<\/p>\n<p class=\" wall-content\">\u00ab\u2009La cr\u00e8che actuelle, d\u2019une capacit\u00e9 de 35 berceaux, occupe d\u2019anciennes maisons d\u2019habitation sur deux sites distincts au Breil et \u00e0 Proc\u00e9\u2009\u00bb, pr\u00e9cise la Ville de Nantes.<\/p>\n<p>Un projet attendu \u00ab\u2009depuis de longues ann\u00e9es\u2009\u00bb<\/p>\n<p class=\" wall-content\">H\u00e9l\u00e8ne Naulin, adjointe \u00e0 la petite enfance \u00e0 Nantes, se r\u00e9jouit de voir ce projet de cr\u00e8che \u00eatre soumis au vote du conseil municipal. \u00ab\u2009C\u2019est un projet qu\u2019on attend depuis de longues ann\u00e9es sur le Breil\u2009\u00bb, a-t-elle d\u00e9clar\u00e9 en amont du conseil.<\/p>\n<p class=\" wall-content\">Situ\u00e9 sur une parcelle de 1\u2009720 m\u00b2, le b\u00e2timent de <strong>770m\u00b2<\/strong> aura une capacit\u00e9 totale d\u2019accueil de <strong>60 berceaux r\u00e9partis en 3 unit\u00e9s.<\/strong><\/p>\n<p class=\" wall-content\">Il sera constitu\u00e9\u2009:<\/p>\n<p>Vid\u00e9os : en ce moment sur Actu<\/p>\n<ul class=\" wall-content\">\n<li>d\u2019une cuisine de production permettant de proposer des <strong>repas \u00ab\u2009faits maison\u2009\u00bb<\/strong>\u2009;<\/li>\n<li>des locaux administratifs et d\u00e9di\u00e9s au personnel (bureaux, salle de r\u00e9union, vestiaires)\u2009;<\/li>\n<li>d\u2019une annexe de 55 m\u00b2 pour des locaux techniques (locaux d\u00e9chets, v\u00e9lo, poussettes et sous-station de chauffage urbain)\u2009;<\/li>\n<li>d\u2019un pr\u00e9au de 45 m\u00b2 pour permettre de renforcer les activit\u00e9s en ext\u00e9rieur.<\/li>\n<\/ul>\n<blockquote class=\"ac-article-quote wall-content\">\n<p>On aura aussi une cuisine sur site pour continuer de produire nos repas \u00e0 hauteur de 75% de bio.<\/p>\n<p>    <strong>H\u00e9l\u00e8ne Naulin<\/strong><br \/>\n        Adjointe \u00e0 la petite enfance \u00e0 Nantes    <\/p><\/blockquote>\n<p class=\" wall-content\">Il y aura aussi \u00ab\u2009un g<strong>rand jardin de pr\u00e8s de 900 m\u00b2<\/strong> qui va comprendre deux espaces bois\u00e9s class\u00e9s\u2009\u00bb, pr\u00e9cise l\u2019\u00e9lue. Ainsi qu\u2019une terrasse de 235 m\u00b2 pour l\u2019unit\u00e9 d\u2019accueil situ\u00e9e \u00e0 l\u2019\u00e9tage.<\/p>\n<p>Un \u00ab\u2009enjeu de sant\u00e9 mental\u2009\u00bb<\/p>\n<p class=\" wall-content\">Le projet doit favoriser <strong>l\u2019emploi de mat\u00e9riaux biosourc\u00e9s<\/strong>. La cr\u00e8che sera de plus <strong>raccord\u00e9e au r\u00e9seau de chaleur urbain<\/strong> Nantes Nord Ch\u00e9zine. La toiture accueillera une \u00ab\u2009centrale de<strong> production photovolta\u00efque<\/strong> d\u2019environ 150 m\u00b2 estim\u00e9e \u00e0 35 kWc\u2009\u00bb et une terrasse accessible.<\/p>\n<p class=\" wall-content\">La fa\u00e7ade sur rue sera largement v\u00e9g\u00e9talis\u00e9e. Pour H\u00e9l\u00e8ne Naulin, cette v\u00e9g\u00e9talisation \u00ab\u2009est un enjeu aussi de sant\u00e9 mentale pour les enfants et les professionnels qui fr\u00e9quentent la cr\u00e8che\u2009\u00bb, ainsi que pour les habitants du quartier qui pourront admirer cette fa\u00e7ade. \u00ab\u2009C\u2019est un \u00e9quipement tr\u00e8s clairement plac\u00e9 sous le ciel de la bifurcation \u00e9cologique\u2009\u00bb, a-t-elle assur\u00e9.<\/p>\n<p class=\" wall-content\">Le lancement des travaux se fera <strong>d\u00e9but 2026<\/strong> pour une ouverture au public <strong>fin 2027.<\/strong> L\u2019enveloppe financi\u00e8re pr\u00e9visionnelle de l\u2019op\u00e9ration est estim\u00e9e \u00e0 <strong>4\u2009265\u2009000\u00a0euros<\/strong> (toutes taxes comprises).<\/p>\n<p class=\" wall-content\">Suivez toute l\u2019actualit\u00e9 de vos villes et m\u00e9dias favoris en vous inscrivant \u00e0 <a href=\"https:\/\/moncompte.actu.fr\" title=\"D\u00e9couvez Mon Actu\" rel=\"nofollow noopener\" data-trk=\"{&quot;cta&quot;:{&quot;action&quot;:&quot;https:\\\/\\\/moncompte.actu.fr&quot;,&quot;category&quot;:&quot;mon compte&quot;,&quot;from&quot;:&quot;article footer&quot;,&quot;name&quot;:&quot;Mon actu&quot;,&quot;type&quot;:&quot;cta&quot;}}\" target=\"_blank\">Mon Actu<\/a>.<\/p>\n","protected":false},"excerpt":{"rendered":"Par Laure Gentil Publi\u00e9 le 17 juin 2025 \u00e0 7h32 Le conseil municipal de Nantes doit se r\u00e9unir&hellip;\n","protected":false},"author":2,"featured_media":182666,"comment_status":"","ping_status":"","sticky":false,"template":"","format":"standard","meta":{"footnotes":""},"categories":[2818],"tags":[1111,11,1719,1777,674,1011,27,766,12,2636,25,104,2086],"class_list":{"0":"post-182665","1":"post","2":"type-post","3":"status-publish","4":"format-standard","5":"has-post-thumbnail","7":"category-nantes","8":"tag-actu","9":"tag-actualites","10":"tag-enfants","11":"tag-eu","12":"tag-europe","13":"tag-fr","14":"tag-france","15":"tag-nantes","16":"tag-news","17":"tag-pays-de-la-loire","18":"tag-republique-francaise","19":"tag-societe","20":"tag-travaux"},"share_on_mastodon":{"url":"https:\/\/pubeurope.com\/@fr\/114697257900279980","error":""},"_links":{"self":[{"href":"https:\/\/www.europesays.com\/fr\/wp-json\/wp\/v2\/posts\/182665","targetHints":{"allow":["GET"]}}],"collection":[{"href":"https:\/\/www.europesays.com\/fr\/wp-json\/wp\/v2\/posts"}],"about":[{"href":"https:\/\/www.europesays.com\/fr\/wp-json\/wp\/v2\/types\/post"}],"author":[{"embeddable":true,"href":"https:\/\/www.europesays.com\/fr\/wp-json\/wp\/v2\/users\/2"}],"replies":[{"embeddable":true,"href":"https:\/\/www.europesays.com\/fr\/wp-json\/wp\/v2\/comments?post=182665"}],"version-history":[{"count":0,"href":"https:\/\/www.europesays.com\/fr\/wp-json\/wp\/v2\/posts\/182665\/revisions"}],"wp:featuredmedia":[{"embeddable":true,"href":"https:\/\/www.europesays.com\/fr\/wp-json\/wp\/v2\/media\/182666"}],"wp:attachment":[{"href":"https:\/\/www.europesays.com\/fr\/wp-json\/wp\/v2\/media?parent=182665"}],"wp:term":[{"taxonomy":"category","embeddable":true,"href":"https:\/\/www.europesays.com\/fr\/wp-json\/wp\/v2\/categories?post=182665"},{"taxonomy":"post_tag","embeddable":true,"href":"https:\/\/www.europesays.com\/fr\/wp-json\/wp\/v2\/tags?post=182665"}],"curies":[{"name":"wp","href":"https:\/\/api.w.org\/{rel}","templated":true}]}}