{"id":182675,"date":"2025-06-17T06:24:13","date_gmt":"2025-06-17T06:24:13","guid":{"rendered":"https:\/\/www.europesays.com\/fr\/182675\/"},"modified":"2025-06-17T06:24:13","modified_gmt":"2025-06-17T06:24:13","slug":"tc-mons-huit-ans-de-prison-ferme-pour-une-double-sequestration-a-quaregnon","status":"publish","type":"post","link":"https:\/\/www.europesays.com\/fr\/182675\/","title":{"rendered":"TC Mons &#8211; Huit ans de prison ferme pour une double s\u00e9questration \u00e0 Quaregnon"},"content":{"rendered":"<p class=\"ap-StoryElement ap-StoryElement--mb ap-StoryText\">En ao\u00fbt et en novembre 2024, un homme a \u00e9t\u00e9 enlev\u00e9 et s\u00e9questr\u00e9 \u00e0 deux reprises dans une caravane stationn\u00e9e dans un camp de gens du voyage \u00e0 Quaregnon. Son fils avait une dette envers l&rsquo;un des deux condamn\u00e9s.<\/p>\n<p class=\"ap-StoryElement ap-StoryElement--mb ap-StoryText\">La 4 ao\u00fbt, la victime a \u00e9t\u00e9 enlev\u00e9e une premi\u00e8re fois. Ses ravisseurs ont r\u00e9clam\u00e9 une somme de 5.000 euros. Elle a \u00e9t\u00e9 lib\u00e9r\u00e9e le lendemain, apr\u00e8s avoir propos\u00e9 un arrangement.<\/p>\n<p class=\"ap-StoryElement ap-StoryElement--mb ap-StoryText\">Le 19 novembre, cette personne a \u00e9t\u00e9 enlev\u00e9e \u00e0 nouveau. Ses ravisseurs ont \u00e9t\u00e9 arr\u00eat\u00e9s lors d&rsquo;un banal contr\u00f4le de police. La victime \u00e9tait ligot\u00e9e dans le coffre de la voiture, son visage \u00e9tait couvert de traces de coups.<\/p>\n","protected":false},"excerpt":{"rendered":"En ao\u00fbt et en novembre 2024, un homme a \u00e9t\u00e9 enlev\u00e9 et s\u00e9questr\u00e9 \u00e0 deux reprises dans une&hellip;\n","protected":false},"author":2,"featured_media":25030,"comment_status":"","ping_status":"","sticky":false,"template":"","format":"standard","meta":{"footnotes":""},"categories":[2815],"tags":[1111,11,9999,1777,674,1011,27,30337,811,8639,1307,12,25],"class_list":{"0":"post-182675","1":"post","2":"type-post","3":"status-publish","4":"format-standard","5":"has-post-thumbnail","7":"category-lille","8":"tag-actu","9":"tag-actualites","10":"tag-belgium","11":"tag-eu","12":"tag-europe","13":"tag-fr","14":"tag-france","15":"tag-hainaut","16":"tag-hauts-de-france","17":"tag-judiciaire","18":"tag-lille","19":"tag-news","20":"tag-republique-francaise"},"share_on_mastodon":{"url":"https:\/\/pubeurope.com\/@fr\/114697277684828754","error":""},"_links":{"self":[{"href":"https:\/\/www.europesays.com\/fr\/wp-json\/wp\/v2\/posts\/182675","targetHints":{"allow":["GET"]}}],"collection":[{"href":"https:\/\/www.europesays.com\/fr\/wp-json\/wp\/v2\/posts"}],"about":[{"href":"https:\/\/www.europesays.com\/fr\/wp-json\/wp\/v2\/types\/post"}],"author":[{"embeddable":true,"href":"https:\/\/www.europesays.com\/fr\/wp-json\/wp\/v2\/users\/2"}],"replies":[{"embeddable":true,"href":"https:\/\/www.europesays.com\/fr\/wp-json\/wp\/v2\/comments?post=182675"}],"version-history":[{"count":0,"href":"https:\/\/www.europesays.com\/fr\/wp-json\/wp\/v2\/posts\/182675\/revisions"}],"wp:featuredmedia":[{"embeddable":true,"href":"https:\/\/www.europesays.com\/fr\/wp-json\/wp\/v2\/media\/25030"}],"wp:attachment":[{"href":"https:\/\/www.europesays.com\/fr\/wp-json\/wp\/v2\/media?parent=182675"}],"wp:term":[{"taxonomy":"category","embeddable":true,"href":"https:\/\/www.europesays.com\/fr\/wp-json\/wp\/v2\/categories?post=182675"},{"taxonomy":"post_tag","embeddable":true,"href":"https:\/\/www.europesays.com\/fr\/wp-json\/wp\/v2\/tags?post=182675"}],"curies":[{"name":"wp","href":"https:\/\/api.w.org\/{rel}","templated":true}]}}