{"id":182678,"date":"2025-06-17T06:26:12","date_gmt":"2025-06-17T06:26:12","guid":{"rendered":"https:\/\/www.europesays.com\/fr\/182678\/"},"modified":"2025-06-17T06:26:12","modified_gmt":"2025-06-17T06:26:12","slug":"ecologistes-et-insoumis-font-pression-sur-benoit-payan","status":"publish","type":"post","link":"https:\/\/www.europesays.com\/fr\/182678\/","title":{"rendered":"\u00c9cologistes et insoumis font pression sur Beno\u00eet Payan"},"content":{"rendered":"\n<p>Alors que le maire (DVG) de Marseille, Beno\u00eet Payan, a annonc\u00e9 que la ville serait jumel\u00e9e avec une commune de Cisjordanie le 10\u00a0juin, les \u00e9lus \u00e9cologistes, mais aussi des militants insoumis, dont S\u00e9bastien Delogu, d\u00e9put\u00e9 de la 7e\u00a0circonscription des Bouches-du-Rh\u00f4ne, lui demandent de prendre un engagement symbolique\u00a0: le d\u00e9jumelage avec Ha\u00effa \u00e9tabli en 1958.<\/p>\n<p>\u00ab Lors du conseil municipal du 20\u00a0juin, nous r\u00e9clamerons aussi la reconnaissance par ce dernier de l\u2019\u00c9tat de Palestine, la suspension de l\u2019accord d\u2019association avec Isra\u00ebl au niveau europ\u00e9en, le gel de tout accord de coop\u00e9ration avec un territoire isra\u00e9lien et que la Ville fasse pression sur le Grand port maritime pour emp\u00eacher le transfert d\u2019armes et de munition \u00bb, r\u00e9sume S\u00e9bastien Barles, citant en exemple Strasbourg, qui a mis \u00e0 son fronton un drapeau palestinien.<\/p>\n<p> Des v\u0153ux sans r\u00e9ponse ou refus\u00e9s\n              <\/p>\n<p>Tout \u00e7a dans une lettre \u00e9crite, les demandes de v\u0153ux dans les mairies des 6-8, 4-5 et 15-16 ayant \u00e9t\u00e9 refus\u00e9es ou laiss\u00e9es sans r\u00e9ponses, t\u00e9moignent Chaidati Soilihi, adjointe \u00e0 la Solidarit\u00e9 dans les 15-16 et Alexandre Rupnik, adjoint d\u00e9l\u00e9gu\u00e9 \u00e0 l\u2019Agriculture urbaine dans les 6-8. Le maire a 45\u00a0jours pour r\u00e9pondre, pr\u00e9cise S\u00e9bastien Barles, qui rappelle l\u2019avoir interpell\u00e9 d\u00e8s 2024 pour un jumelage avec un territoire de Palestine. \u00ab\u00a0Macron ou Payan, c\u2019est le m\u00eame combat\u00a0\u00bb, s\u2019indigne S\u00e9bastien Delogu, \u00ab\u00a0il parle mais il n\u2019agit pas\u00a0\u00bb.<\/p>\n","protected":false},"excerpt":{"rendered":"Alors que le maire (DVG) de Marseille, Beno\u00eet Payan, a annonc\u00e9 que la ville serait jumel\u00e9e avec une&hellip;\n","protected":false},"author":2,"featured_media":182679,"comment_status":"","ping_status":"","sticky":false,"template":"","format":"standard","meta":{"footnotes":""},"categories":[2814],"tags":[1111,11,1777,674,1011,27,3547,884,12,882,25],"class_list":{"0":"post-182678","1":"post","2":"type-post","3":"status-publish","4":"format-standard","5":"has-post-thumbnail","7":"category-marseille","8":"tag-actu","9":"tag-actualites","10":"tag-eu","11":"tag-europe","12":"tag-fr","13":"tag-france","14":"tag-jumelage","15":"tag-marseille","16":"tag-news","17":"tag-provence-alpes-cote-dazur","18":"tag-republique-francaise"},"share_on_mastodon":{"url":"https:\/\/pubeurope.com\/@fr\/114697285347762072","error":""},"_links":{"self":[{"href":"https:\/\/www.europesays.com\/fr\/wp-json\/wp\/v2\/posts\/182678","targetHints":{"allow":["GET"]}}],"collection":[{"href":"https:\/\/www.europesays.com\/fr\/wp-json\/wp\/v2\/posts"}],"about":[{"href":"https:\/\/www.europesays.com\/fr\/wp-json\/wp\/v2\/types\/post"}],"author":[{"embeddable":true,"href":"https:\/\/www.europesays.com\/fr\/wp-json\/wp\/v2\/users\/2"}],"replies":[{"embeddable":true,"href":"https:\/\/www.europesays.com\/fr\/wp-json\/wp\/v2\/comments?post=182678"}],"version-history":[{"count":0,"href":"https:\/\/www.europesays.com\/fr\/wp-json\/wp\/v2\/posts\/182678\/revisions"}],"wp:featuredmedia":[{"embeddable":true,"href":"https:\/\/www.europesays.com\/fr\/wp-json\/wp\/v2\/media\/182679"}],"wp:attachment":[{"href":"https:\/\/www.europesays.com\/fr\/wp-json\/wp\/v2\/media?parent=182678"}],"wp:term":[{"taxonomy":"category","embeddable":true,"href":"https:\/\/www.europesays.com\/fr\/wp-json\/wp\/v2\/categories?post=182678"},{"taxonomy":"post_tag","embeddable":true,"href":"https:\/\/www.europesays.com\/fr\/wp-json\/wp\/v2\/tags?post=182678"}],"curies":[{"name":"wp","href":"https:\/\/api.w.org\/{rel}","templated":true}]}}