{"id":182682,"date":"2025-06-17T06:28:08","date_gmt":"2025-06-17T06:28:08","guid":{"rendered":"https:\/\/www.europesays.com\/fr\/182682\/"},"modified":"2025-06-17T06:28:08","modified_gmt":"2025-06-17T06:28:08","slug":"anne-laybourne-nouvelle-sous-prefete-du-rhone-chargee-de-la-politique-de-la-ville","status":"publish","type":"post","link":"https:\/\/www.europesays.com\/fr\/182682\/","title":{"rendered":"Anne Laybourne, nouvelle sous-pr\u00e9f\u00e8te du Rh\u00f4ne charg\u00e9e de la Politique de la Ville"},"content":{"rendered":"<p itemprop=\"description\"><strong>Ce lundi, Anne Laybourne a pris ses nouvelles fonctions \u00e0 la pr\u00e9fecture du Rh\u00f4ne \u00e0 Lyon.<\/strong><\/p>\n<p>La haute-fonctionnaire succ\u00e8de \u00e0 Salwa Philibert au poste de sous-pr\u00e9f\u00e8te charg\u00e9e de la Politique de la Ville aupr\u00e8s de la pr\u00e9f\u00e8te du Rh\u00f4ne Fabienne Buccio.<\/p>\n<p>Initialement ing\u00e9nieure forestier puis ing\u00e9nieure des ponts, eaux et for\u00eats, Anne Laybourne a occup\u00e9 des postes au sein de l&rsquo;Office national des for\u00eats dans la Meuse et le Loiret, puis a \u00e9t\u00e9 commissaire \u00e0 l&rsquo;am\u00e9nagement et \u00e0 la protection du Massif des Vosges.<\/p>\n<p>Anne Laybourne a ensuite rejoint le minist\u00e8re de l&rsquo;Int\u00e9rieur en 2016 et a \u00e9t\u00e9 successivement sous-pr\u00e9f\u00e8te de Mirande, directrice de cabinet du pr\u00e9fet de l&rsquo;Aude, secr\u00e9taire g\u00e9n\u00e9rale adjointe aupr\u00e8s du pr\u00e9fet des Bouches-du-Rh\u00f4ne et enfin cheffe du bureau de gestion des personnels administratifs au sein de la direction des ressources humaines place Beauvau.<\/p>\n<p>Dans le Rh\u00f4ne, la nouvelle sous-pr\u00e9f\u00e8te aura du pain sur la planche car pr\u00e8s de 180 000 personnes vivent dans les 48 quartiers prioritaires de la ville que comptent le d\u00e9partement et la M\u00e9tropole de Lyon.<\/p>\n","protected":false},"excerpt":{"rendered":"Ce lundi, Anne Laybourne a pris ses nouvelles fonctions \u00e0 la pr\u00e9fecture du Rh\u00f4ne \u00e0 Lyon. La haute-fonctionnaire&hellip;\n","protected":false},"author":2,"featured_media":182683,"comment_status":"","ping_status":"","sticky":false,"template":"","format":"standard","meta":{"footnotes":""},"categories":[1889],"tags":[1111,11,2813,2190,2430,1109,251,1112,2811,1777,674,118,1011,27,1922,1110,1114,2428,2810,12,241,316,25,2812,517,800],"class_list":{"0":"post-182682","1":"post","2":"type-post","3":"status-publish","4":"format-standard","5":"has-post-thumbnail","7":"category-lyon","8":"tag-actu","9":"tag-actualites","10":"tag-article","11":"tag-asvel","12":"tag-auvergne-rhone-alpes","13":"tag-breves","14":"tag-culture","15":"tag-depeches","16":"tag-economique","17":"tag-eu","18":"tag-europe","19":"tag-faits-divers","20":"tag-fr","21":"tag-france","22":"tag-info","23":"tag-informations","24":"tag-infos","25":"tag-lyon","26":"tag-lyonmag","27":"tag-news","28":"tag-ol","29":"tag-politique","30":"tag-republique-francaise","31":"tag-sociale","32":"tag-sport","33":"tag-transports"},"share_on_mastodon":{"url":"https:\/\/pubeurope.com\/@fr\/114697293268657387","error":""},"_links":{"self":[{"href":"https:\/\/www.europesays.com\/fr\/wp-json\/wp\/v2\/posts\/182682","targetHints":{"allow":["GET"]}}],"collection":[{"href":"https:\/\/www.europesays.com\/fr\/wp-json\/wp\/v2\/posts"}],"about":[{"href":"https:\/\/www.europesays.com\/fr\/wp-json\/wp\/v2\/types\/post"}],"author":[{"embeddable":true,"href":"https:\/\/www.europesays.com\/fr\/wp-json\/wp\/v2\/users\/2"}],"replies":[{"embeddable":true,"href":"https:\/\/www.europesays.com\/fr\/wp-json\/wp\/v2\/comments?post=182682"}],"version-history":[{"count":0,"href":"https:\/\/www.europesays.com\/fr\/wp-json\/wp\/v2\/posts\/182682\/revisions"}],"wp:featuredmedia":[{"embeddable":true,"href":"https:\/\/www.europesays.com\/fr\/wp-json\/wp\/v2\/media\/182683"}],"wp:attachment":[{"href":"https:\/\/www.europesays.com\/fr\/wp-json\/wp\/v2\/media?parent=182682"}],"wp:term":[{"taxonomy":"category","embeddable":true,"href":"https:\/\/www.europesays.com\/fr\/wp-json\/wp\/v2\/categories?post=182682"},{"taxonomy":"post_tag","embeddable":true,"href":"https:\/\/www.europesays.com\/fr\/wp-json\/wp\/v2\/tags?post=182682"}],"curies":[{"name":"wp","href":"https:\/\/api.w.org\/{rel}","templated":true}]}}