{"id":182684,"date":"2025-06-17T06:29:09","date_gmt":"2025-06-17T06:29:09","guid":{"rendered":"https:\/\/www.europesays.com\/fr\/182684\/"},"modified":"2025-06-17T06:29:09","modified_gmt":"2025-06-17T06:29:09","slug":"lyon-expulse-de-son-college-il-revient-arme-dun-couteau","status":"publish","type":"post","link":"https:\/\/www.europesays.com\/fr\/182684\/","title":{"rendered":"Lyon : expuls\u00e9 de son coll\u00e8ge, il revient arm\u00e9 d&rsquo;un couteau"},"content":{"rendered":"<p>Un adolescent, expuls\u00e9 du coll\u00e8ge Jean Moulin dans le 5e arrondissement de Lyon jeudi 12 juin, est revenu arm\u00e9 d&rsquo;un couteau, avant d&rsquo;\u00eatre interpell\u00e9.<\/p>\n<p>Une grosse frayeur devant le <b>coll\u00e8ge Jean Moulin,<\/b> dans le 5e arrondissement de <b>Lyon<\/b> jeudi 12 juin : <a class=\"url\" href=\"https:\/\/c.leprogres.fr\/education\/2025\/06\/16\/dans-un-college-de-lyon-un-eleve-signale-arme-se-presente-a-la-sortie-des-classes?login=1\" target=\"_blank\" rel=\"noopener\">d&rsquo;apr\u00e8s Le Progr\u00e8s<\/a>, un coll\u00e9gien a \u00e9t\u00e9 expuls\u00e9 de l&rsquo;\u00e9tablissement. Il est ensuite revenu <b>arm\u00e9 d&rsquo;un couteau<\/b>, qu&rsquo;il n&rsquo;aurait pas exhib\u00e9.<\/p>\n<p>Lyon : il d\u00e9grade des voitures entre chez lui et le coll\u00e8ge Jean Moulin<\/p>\n<p>En revanche, il a <b>bouscul\u00e9 des \u00e9l\u00e8ves et d\u00e9grad\u00e9 des voitures<\/b> sur le trajet entre chez lui et le coll\u00e8ge. Le suspect, \u00e2g\u00e9 d&rsquo;une quinzaine d&rsquo;ann\u00e9es, a \u00e9t\u00e9 <b>interpell\u00e9 et plac\u00e9 en garde \u00e0 vue.\u00a0<\/b><\/p>\n<p>Il est poursuivi pour <b>port d&rsquo;arme ill\u00e9gitime, d\u00e9gradation de biens et violences<\/b>, apr\u00e8s s&rsquo;\u00eatre aussi battu avec son p\u00e8re.<\/p>\n<p><img loading=\"lazy\" decoding=\"async\" src=\"https:\/\/www.europesays.com\/fr\/wp-content\/uploads\/2025\/06\/1750141749_952_img\" width=\"350\" height=\"200\" border=\"0\" title=\"\u00c3\u0089lisabeth Borne\"\/><\/p>\n<p>\u25baSoci\u00e9t\u00e9<\/p>\n<p style=\"font-size: 22px;\"><b>Surveillante tu\u00e9e en Haute-Marne : une minute de silence jeudi dans les \u00e9tablissements scolaires<\/b><\/p>\n<p>La ministre de l&rsquo;\u00c9ducation Nationale, \u00c9lisabeth&#8230;<\/p>\n<p><\/p>\n","protected":false},"excerpt":{"rendered":"Un adolescent, expuls\u00e9 du coll\u00e8ge Jean Moulin dans le 5e arrondissement de Lyon jeudi 12 juin, est revenu&hellip;\n","protected":false},"author":2,"featured_media":182685,"comment_status":"","ping_status":"","sticky":false,"template":"","format":"standard","meta":{"footnotes":""},"categories":[1889],"tags":[32071,1111,11,2430,31481,5264,1777,674,1011,27,10085,32070,2428,12,25],"class_list":{"0":"post-182684","1":"post","2":"type-post","3":"status-publish","4":"format-standard","5":"has-post-thumbnail","7":"category-lyon","8":"tag-5e-arrondissement","9":"tag-actu","10":"tag-actualites","11":"tag-auvergne-rhone-alpes","12":"tag-collge","13":"tag-couteau","14":"tag-eu","15":"tag-europe","16":"tag-fr","17":"tag-france","18":"tag-garde-vue","19":"tag-jean-moulin","20":"tag-lyon","21":"tag-news","22":"tag-republique-francaise"},"share_on_mastodon":{"url":"https:\/\/pubeurope.com\/@fr\/114697297388279779","error":""},"_links":{"self":[{"href":"https:\/\/www.europesays.com\/fr\/wp-json\/wp\/v2\/posts\/182684","targetHints":{"allow":["GET"]}}],"collection":[{"href":"https:\/\/www.europesays.com\/fr\/wp-json\/wp\/v2\/posts"}],"about":[{"href":"https:\/\/www.europesays.com\/fr\/wp-json\/wp\/v2\/types\/post"}],"author":[{"embeddable":true,"href":"https:\/\/www.europesays.com\/fr\/wp-json\/wp\/v2\/users\/2"}],"replies":[{"embeddable":true,"href":"https:\/\/www.europesays.com\/fr\/wp-json\/wp\/v2\/comments?post=182684"}],"version-history":[{"count":0,"href":"https:\/\/www.europesays.com\/fr\/wp-json\/wp\/v2\/posts\/182684\/revisions"}],"wp:featuredmedia":[{"embeddable":true,"href":"https:\/\/www.europesays.com\/fr\/wp-json\/wp\/v2\/media\/182685"}],"wp:attachment":[{"href":"https:\/\/www.europesays.com\/fr\/wp-json\/wp\/v2\/media?parent=182684"}],"wp:term":[{"taxonomy":"category","embeddable":true,"href":"https:\/\/www.europesays.com\/fr\/wp-json\/wp\/v2\/categories?post=182684"},{"taxonomy":"post_tag","embeddable":true,"href":"https:\/\/www.europesays.com\/fr\/wp-json\/wp\/v2\/tags?post=182684"}],"curies":[{"name":"wp","href":"https:\/\/api.w.org\/{rel}","templated":true}]}}