{"id":182697,"date":"2025-06-17T06:36:14","date_gmt":"2025-06-17T06:36:14","guid":{"rendered":"https:\/\/www.europesays.com\/fr\/182697\/"},"modified":"2025-06-17T06:36:14","modified_gmt":"2025-06-17T06:36:14","slug":"macron-appelle-a-aller-beaucoup-plus-loin-dans-les-sanctions-contre-la-russie-trump-sceptique","status":"publish","type":"post","link":"https:\/\/www.europesays.com\/fr\/182697\/","title":{"rendered":"Macron appelle \u00e0 \u00aballer beaucoup plus loin dans les sanctions\u00bb contre la Russie, Trump sceptique"},"content":{"rendered":"<p>Au sommet du G7 au Canada, le chef de l\u2019\u00c9tat a fait part de la volont\u00e9 europ\u00e9enne de durcir les sanctions \u00e9conomiques contre Moscou. Les \u00c9tats-Unis privil\u00e9gient le dialogue avec Vladimir Poutine.<\/p>\n<p class=\"fig-paragraph\">Le pr\u00e9sident fran\u00e7ais\u00a0<a href=\"http:\/\/www.lefigaro.fr\/international\/au-moyen-orient-la-politique-en-meandres-d-emmanuel-macron-20250617\" data-fig-type=\"Article\" data-gtm-custom-categorie=\"navigation\" data-gtm-custom-action=\"crossclick\" data-gtm-custom-label=\"Contextuel\" data-gtm-event=\"customEventSPE\" data-fig-domain=\"LEFIGARO\" target=\"_blank\" rel=\"noopener\">Emmanuel Macron<\/a>\u00a0a appel\u00e9 lundi \u00e0 \u00aballer beaucoup plus loin dans les sanctions\u00bb contre la Russie en soutien \u00e0 l&rsquo;Ukraine, lors d&rsquo;un point presse depuis le sommet des dirigeants du G7 dans les Rocheuses canadiennes. Les Europ\u00e9ens qui veulent durcir les\u00a0<a href=\"http:\/\/www.lefigaro.fr\/international\/guerre-en-ukraine-l-annonce-d-eventuelle-sanction-de-la-russie-est-un-test-de-credibilite-pour-les-etats-unis-declare-macron-20250530\" data-fig-type=\"NewsFlash\" data-gtm-custom-categorie=\"navigation\" data-gtm-custom-action=\"crossclick\" data-gtm-custom-label=\"Contextuel\" data-gtm-event=\"customEventSPE\" data-fig-domain=\"LEFIGARO\" target=\"_blank\" rel=\"noopener\">sanctions contre Moscou<\/a>\u00a0se heurtent au pr\u00e9sident am\u00e9ricain Donald Trump, qui compte au contraire sur son dialogue constant avec Vladimir Poutine pour mettre fin aux hostilit\u00e9s et n&rsquo;a pas cach\u00e9 lundi son scepticisme face \u00e0 cette option.<\/p>\n<p class=\"fig-paragraph\">Lors d\u2019une halte au\u00a0<a href=\"http:\/\/www.lefigaro.fr\/politique\/macron-au-groenland-exprime-la-solidarite-europeenne-et-critique-les-visees-de-trump-20250615\" data-fig-type=\"NewsFlash\" data-gtm-custom-categorie=\"navigation\" data-gtm-custom-action=\"crossclick\" data-gtm-custom-label=\"Contextuel\" data-gtm-event=\"customEventSPE\" data-fig-domain=\"LEFIGARO\" target=\"_blank\" rel=\"noopener\">Groenland\u00a0<\/a>avant de participer au G7, Emmanuel Macron avait d\u00e9j\u00e0 fait part de sa volont\u00e9 de discuter des sanctions avec le pr\u00e9sident am\u00e9ricain. \u00ab\u00c0 mes yeux, la question est de savoir si le pr\u00e9sident Trump est disponible \u00e0 mettre en avant des sanctions beaucoup plus fortes \u00e0 l\u2019\u00e9gard de la Russie si elle refusait de r\u00e9pondre \u00e0 la proposition\u00bb de cessez-le-feu en Ukraine, avait affirm\u00e9 le chef de l\u2019\u00c9tat.<\/p>\n<p class=\"fig-paragraph\">\u00abLa force est le seul langage que la Russie va comprendre\u00bb, a r\u00e9cemment martel\u00e9 la pr\u00e9sidente de la Commission europ\u00e9enne,\u00a0<a href=\"http:\/\/www.lefigaro.fr\/flash-eco\/nous-devons-tous-eviter-le-protectionnisme-lance-ursula-von-der-leyen-au-g7-20250616\" data-fig-type=\"NewsFlash\" data-gtm-custom-categorie=\"navigation\" data-gtm-custom-action=\"crossclick\" data-gtm-custom-label=\"Contextuel\" data-gtm-event=\"customEventSPE\" data-fig-domain=\"LEFIGARO\" target=\"_blank\" rel=\"noopener\">Ursula von\u00a0der\u00a0Leyen<\/a>, au moment de proposer d\u2019abaisser de 60 \u00e0 45 dollars le plafond du prix de vente du baril de p\u00e9trole russe. \u00abNotre message est tr\u00e8s clair\u00a0: cette guerre doit cesser. Nous avons besoin d\u2019un v\u00e9ritable cessez-le-feu et la Russie doit venir \u00e0 la table des n\u00e9gociations avec une proposition s\u00e9rieuse\u00bb, avait-elle ajout\u00e9.<\/p>\n<p class=\"fig-body-link\">\n            \u00c0 lire aussi<br \/>\n        <a class=\"fig-body-link__link fig-premium-mark\" href=\"http:\/\/www.lefigaro.fr\/international\/conflit-israel-iran-vladimir-poutine-offre-ses-services-de-mediateurs-pour-mieux-poursuivre-sa-guerre-en-ukraine-20250615\" data-fig-type=\"Article\" data-gtm-custom-categorie=\"navigation\" data-gtm-custom-action=\"crossclick\" data-gtm-custom-label=\"Contextuel\" data-gtm-event=\"customEventSPE\" data-fig-domain=\"LEFIGARO\" target=\"_blank\" rel=\"noopener\">Conflit Isra\u00ebl-Iran\u00a0: Vladimir Poutine offre ses services de m\u00e9diateur pour mieux poursuivre sa guerre en Ukraine<br \/>\n    <\/a>\n<\/p>\n<p>P\u00e9trole, banques et p\u00e9troliers \u00abfant\u00f4mes\u00bb<\/p>\n<p class=\"fig-paragraph\">\u00c0 la mi-mai, les Europ\u00e9ens avaient promis des sanctions massives si la Russie persistait dans son refus d\u2019un cessez-le-feu sans conditions, dont l\u2019Ukraine a d\u00e9j\u00e0 accept\u00e9 le principe. Ce nouveau paquet de sanctions, le 18e depuis le d\u00e9but de l\u2019invasion russe de l\u2019Ukraine il y a trois ans, doit encore \u00eatre approuv\u00e9 par les 27 \u00e0 l\u2019unanimit\u00e9. Deux \u00c9tats membres, la\u00a0<a href=\"http:\/\/www.lefigaro.fr\/international\/la-hongrie-adopte-un-decret-pour-interdire-les-symboles-lgbt-sur-les-batiments-publics-20250606\" data-fig-type=\"NewsFlash\" data-gtm-custom-categorie=\"navigation\" data-gtm-custom-action=\"crossclick\" data-gtm-custom-label=\"Contextuel\" data-gtm-event=\"customEventSPE\" data-fig-domain=\"LEFIGARO\" target=\"_blank\" rel=\"noopener\">Hongrie\u00a0<\/a>et la Slovaquie, ont d\u00e9j\u00e0 exprim\u00e9 leurs r\u00e9ticences. Le plafond de 60 dollars le baril avait \u00e9t\u00e9 fix\u00e9 par les pays du G7 en d\u00e9cembre 2022. Pour \u00eatre pleinement efficace, le plafond doit \u00e0 nouveau \u00eatre d\u00e9cid\u00e9 par l\u2019ensemble des sept pays les plus industrialis\u00e9s.<\/p>\n<p class=\"fig-paragraph\">Dans le cadre de ce 18e train de sanctions, l\u2019Union veut ajouter 70 p\u00e9troliers \u00abfant\u00f4mes\u00bb \u00e0 sa liste de navires d\u00e9j\u00e0 utilis\u00e9s par Moscou, qui compte actuellement quelque 400 noms. L\u2019UE envisage en outre d\u2019ajouter 22 autres banques russes \u00e0 sa liste d\u2019institutions financi\u00e8res priv\u00e9es d\u2019acc\u00e8s au march\u00e9 international des capitaux via le syst\u00e8me Swift. Elle veut aussi ajouter d\u2019autres soci\u00e9t\u00e9s, y compris de Chine, \u00e0 la liste noire de celles qui aident l\u2019arm\u00e9e russe \u00e0 contourner les sanctions d\u00e9j\u00e0 en place. La Commission europ\u00e9enne pr\u00e9voit \u00e9galement de nouvelles sanctions contre le\u00a0<a href=\"http:\/\/www.lefigaro.fr\/societes\/pourquoi-l-hypothese-d-une-resurrection-du-gazoduc-nord-stream-2-ressurgit-deux-ans-et-demi-apres-le-sabotage-20250509\" data-fig-type=\"Article\" data-gtm-custom-categorie=\"navigation\" data-gtm-custom-action=\"crossclick\" data-gtm-custom-label=\"Contextuel\" data-gtm-event=\"customEventSPE\" data-fig-domain=\"LEFIGARO\" target=\"_blank\" rel=\"noopener\">gazoduc Nord Stream<\/a>, \u00e0 l\u2019arr\u00eat actuellement, pour \u00eatre certaine qu\u2019il ne puisse pas \u00eatre r\u00e9activ\u00e9<\/p>\n","protected":false},"excerpt":{"rendered":"Au sommet du G7 au Canada, le chef de l\u2019\u00c9tat a fait part de la volont\u00e9 europ\u00e9enne de&hellip;\n","protected":false},"author":2,"featured_media":182698,"comment_status":"","ping_status":"","sticky":false,"template":"","format":"standard","meta":{"footnotes":""},"categories":[1591],"tags":[339,11,340,343,345,350,130,344,352,349,75,33,1073,341,313,1887,346,131,342,353,351,347,12,348,1885,1886,132,354],"class_list":{"0":"post-182697","1":"post","2":"type-post","3":"status-publish","4":"format-standard","5":"has-post-thumbnail","7":"category-russie","8":"tag-actualite-economique","9":"tag-actualites","10":"tag-bourse","11":"tag-cac-40","12":"tag-chef-dentreprise","13":"tag-concurrence","14":"tag-consommation","15":"tag-creation-dentreprise","16":"tag-crise","17":"tag-delocalisations","18":"tag-donald-trump","19":"tag-economie","20":"tag-emmanuel-macron","21":"tag-emploi","22":"tag-entreprises","23":"tag-federation-de-russie","24":"tag-grands-patrons","25":"tag-guerre-en-ukraine","26":"tag-impots","27":"tag-licenciements","28":"tag-monopole","29":"tag-multinationales","30":"tag-news","31":"tag-privatisation","32":"tag-russia","33":"tag-russian-federation","34":"tag-russie","35":"tag-unio"},"share_on_mastodon":{"url":"https:\/\/pubeurope.com\/@fr\/114697324807318056","error":""},"_links":{"self":[{"href":"https:\/\/www.europesays.com\/fr\/wp-json\/wp\/v2\/posts\/182697","targetHints":{"allow":["GET"]}}],"collection":[{"href":"https:\/\/www.europesays.com\/fr\/wp-json\/wp\/v2\/posts"}],"about":[{"href":"https:\/\/www.europesays.com\/fr\/wp-json\/wp\/v2\/types\/post"}],"author":[{"embeddable":true,"href":"https:\/\/www.europesays.com\/fr\/wp-json\/wp\/v2\/users\/2"}],"replies":[{"embeddable":true,"href":"https:\/\/www.europesays.com\/fr\/wp-json\/wp\/v2\/comments?post=182697"}],"version-history":[{"count":0,"href":"https:\/\/www.europesays.com\/fr\/wp-json\/wp\/v2\/posts\/182697\/revisions"}],"wp:featuredmedia":[{"embeddable":true,"href":"https:\/\/www.europesays.com\/fr\/wp-json\/wp\/v2\/media\/182698"}],"wp:attachment":[{"href":"https:\/\/www.europesays.com\/fr\/wp-json\/wp\/v2\/media?parent=182697"}],"wp:term":[{"taxonomy":"category","embeddable":true,"href":"https:\/\/www.europesays.com\/fr\/wp-json\/wp\/v2\/categories?post=182697"},{"taxonomy":"post_tag","embeddable":true,"href":"https:\/\/www.europesays.com\/fr\/wp-json\/wp\/v2\/tags?post=182697"}],"curies":[{"name":"wp","href":"https:\/\/api.w.org\/{rel}","templated":true}]}}