{"id":182699,"date":"2025-06-17T06:37:09","date_gmt":"2025-06-17T06:37:09","guid":{"rendered":"https:\/\/www.europesays.com\/fr\/182699\/"},"modified":"2025-06-17T06:37:09","modified_gmt":"2025-06-17T06:37:09","slug":"apres-laccident-de-car-mortel-quarante-personnes-rapatriees-en-ukraine-en-train","status":"publish","type":"post","link":"https:\/\/www.europesays.com\/fr\/182699\/","title":{"rendered":"Apr\u00e8s l\u2019accident de car mortel, quarante personnes rapatri\u00e9es en Ukraine en train"},"content":{"rendered":"<p>Ils vont enfin pouvoir regagner leur foyer apr\u00e8s avoir connu l\u2019horreur. Quarante personnes qui se trouvaient dans le car scolaire qui s\u2019est renvers\u00e9e vendredi dans la Sarthe, <a href=\"https:\/\/www.20minutes.fr\/faits_divers\/4158374-20250613-sarthe-quatre-morts-dizaines-blesses-accident-car-autoroute-a81\" class=\"color-ultramarine c-link\" target=\"_blank\" rel=\"noopener\">faisant quatre morts<\/a>, ont \u00e9t\u00e9 rapatri\u00e9es lundi apr\u00e8s-midi en train vers l\u2019Ukraine, a annonc\u00e9 la pr\u00e9fecture. Neuf passagers sont par ailleurs toujours hospitalis\u00e9s, \u00ab\u00a0dont trois demeurent en soins critiques\u00a0\u00bb, ont pr\u00e9cis\u00e9 les autorit\u00e9s.<\/p>\n<p>Le car transportait au total 58 passagers, pour la plupart des adolescents <a href=\"https:\/\/www.20minutes.fr\/monde\/ukraine\/\" class=\"color-ultramarine c-link\" target=\"_blank\" rel=\"noopener\">ukrainiens<\/a> en voyage scolaire. Il avait quitt\u00e9 dans la matin\u00e9e Plo\u00ebrmel (Morbihan) pour rentrer \u00e0 Kitsman, dans l\u2019ouest de l\u2019Ukraine, d\u2019o\u00f9 sont originaires ces adolescents. <a href=\"https:\/\/www.20minutes.fr\/dossier\/accident\" class=\"color-ultramarine c-link\" target=\"_blank\" rel=\"noopener\">L\u2019accident<\/a> est survenu sur l\u2019autoroute A81, \u00e0 hauteur de la commune de Degr\u00e9, et a caus\u00e9 la mort de quatre personnes, toutes majeures.<\/p>\n<p>L\u2019un des chauffeurs du car mis en examen<\/p>\n<p>Dimanche, un des deux chauffeurs de l\u2019autocar <a href=\"https:\/\/www.20minutes.fr\/faits_divers\/4158609-20250615-sarthe-chauffeur-car-ukrainien-mis-examen-homicides-involontaires\" class=\"color-ultramarine c-link\" target=\"_blank\" rel=\"noopener\">a \u00e9t\u00e9 mis en examen<\/a> notamment pour homicides involontaires, selon la procureure de Paris Laure Beccuau. Les deux chauffeurs ukrainiens avaient \u00e9t\u00e9 plac\u00e9s en garde \u00e0 vue dans le cadre d\u2019une enqu\u00eate de flagrance ouverte par le parquet du\u00a0Mans.<\/p>\n<p>\u00ab\u00a0Les d\u00e9pistages d\u2019alcool\u00e9mie et de recherche de stup\u00e9fiants r\u00e9alis\u00e9s sur leur personne apparaissaient n\u00e9gatifs\u00a0\u00bb, avait pr\u00e9cis\u00e9 la procureure dans un communiqu\u00e9 dimanche.<\/p>\n","protected":false},"excerpt":{"rendered":"Ils vont enfin pouvoir regagner leur foyer apr\u00e8s avoir connu l\u2019horreur. Quarante personnes qui se trouvaient dans le&hellip;\n","protected":false},"author":2,"featured_media":182700,"comment_status":"","ping_status":"","sticky":false,"template":"","format":"standard","meta":{"footnotes":""},"categories":[1590],"tags":[119,4376,47,11,1084,829,3348,1777,674,118,3729,12,2636,25849,2803,220],"class_list":{"0":"post-182699","1":"post","2":"type-post","3":"status-publish","4":"format-standard","5":"has-post-thumbnail","7":"category-ukraine","8":"tag-accident","9":"tag-accident-de-la-route","10":"tag-actualite","11":"tag-actualites","12":"tag-adolescent","13":"tag-bretagne","14":"tag-drame","15":"tag-eu","16":"tag-europe","17":"tag-faits-divers","18":"tag-morbihan","19":"tag-news","20":"tag-pays-de-la-loire","21":"tag-sarthe","22":"tag-transport","23":"tag-ukraine"},"share_on_mastodon":{"url":"https:\/\/pubeurope.com\/@fr\/114697329059919937","error":""},"_links":{"self":[{"href":"https:\/\/www.europesays.com\/fr\/wp-json\/wp\/v2\/posts\/182699","targetHints":{"allow":["GET"]}}],"collection":[{"href":"https:\/\/www.europesays.com\/fr\/wp-json\/wp\/v2\/posts"}],"about":[{"href":"https:\/\/www.europesays.com\/fr\/wp-json\/wp\/v2\/types\/post"}],"author":[{"embeddable":true,"href":"https:\/\/www.europesays.com\/fr\/wp-json\/wp\/v2\/users\/2"}],"replies":[{"embeddable":true,"href":"https:\/\/www.europesays.com\/fr\/wp-json\/wp\/v2\/comments?post=182699"}],"version-history":[{"count":0,"href":"https:\/\/www.europesays.com\/fr\/wp-json\/wp\/v2\/posts\/182699\/revisions"}],"wp:featuredmedia":[{"embeddable":true,"href":"https:\/\/www.europesays.com\/fr\/wp-json\/wp\/v2\/media\/182700"}],"wp:attachment":[{"href":"https:\/\/www.europesays.com\/fr\/wp-json\/wp\/v2\/media?parent=182699"}],"wp:term":[{"taxonomy":"category","embeddable":true,"href":"https:\/\/www.europesays.com\/fr\/wp-json\/wp\/v2\/categories?post=182699"},{"taxonomy":"post_tag","embeddable":true,"href":"https:\/\/www.europesays.com\/fr\/wp-json\/wp\/v2\/tags?post=182699"}],"curies":[{"name":"wp","href":"https:\/\/api.w.org\/{rel}","templated":true}]}}