{"id":182705,"date":"2025-06-17T06:40:16","date_gmt":"2025-06-17T06:40:16","guid":{"rendered":"https:\/\/www.europesays.com\/fr\/182705\/"},"modified":"2025-06-17T06:40:16","modified_gmt":"2025-06-17T06:40:16","slug":"le-toupet-monstre-de-lallemagne","status":"publish","type":"post","link":"https:\/\/www.europesays.com\/fr\/182705\/","title":{"rendered":"Le toupet monstre de l&rsquo;Allemagne"},"content":{"rendered":"<p>\u00a0 \u00a0 \u00a0Notamment l&rsquo;Allemagne !<\/p>\n<p>\u00a0 \u00a0 \u00a0Pourquoi ?\u00a0<\/p>\n<p>Le porte-parole du minist\u00e8re iranien des Affaires \u00e9trang\u00e8res, Ismail Bakai, a vivement r\u00e9agi aux propos du chef de la diplomatie allemande, qui a qualifi\u00e9 la riposte iranienne contre Isra\u00ebl \u00ab d\u2019agression \u00bb.<\/p>\n<p><strong>\u00ab C\u2019est l\u2019Allemagne qui a d\u00e9clench\u00e9 deux guerres mondiales. L\u2019Iran, lui, a accueilli des Juifs fuyant Hitler \u2014 demandez aux r\u00e9fugi\u00e9s polonais et fran\u00e7ais qui ont re\u00e7u des passeports iraniens.<\/strong> Ceux qui se retrouvent \u00e9ternellement du mauvais c\u00f4t\u00e9 de l\u2019histoire feraient mieux de se taire maintenant \u00bb, a lanc\u00e9 Bakai.<\/p>\n<p>\u00a0 \u00a0 \u00a0Au fait, pendant cette m\u00eame Deuxi\u00e8me Guerre Mondiale, Ha\u00efti avait elle aussi distribu\u00e9 des passeports \u00e0 des Juifs d&rsquo;Europe qui fuyaient la barbarie nazie. Sur la photo ci-apr\u00e8s on peut lire une jolie expression : \u00ab\u00a0lui octroyant la qualit\u00e9 d&rsquo;Ha\u00eftien\u00a0\u00bb. Juste une question : les descendants de cette Mme Rosenthal s&rsquo;int\u00e9ressent-ils au sort d&rsquo;Ha\u00efti ? S\u00fbrement qu&rsquo;ils ont d\u00fb \u00e9migrer aux USA une fois la guerre finie et qu&rsquo;ils n&rsquo;en ont rien \u00e0 foutre de ce pays de Niggers&#8230;<\/p>\n","protected":false},"excerpt":{"rendered":"\u00a0 \u00a0 \u00a0Notamment l&rsquo;Allemagne ! \u00a0 \u00a0 \u00a0Pourquoi ?\u00a0 Le porte-parole du minist\u00e8re iranien des Affaires \u00e9trang\u00e8res, Ismail&hellip;\n","protected":false},"author":2,"featured_media":182706,"comment_status":"","ping_status":"","sticky":false,"template":"","format":"standard","meta":{"footnotes":""},"categories":[1587],"tags":[11,672,1804,1805,1803,1777,674,1801,12,1802],"class_list":{"0":"post-182705","1":"post","2":"type-post","3":"status-publish","4":"format-standard","5":"has-post-thumbnail","7":"category-allemagne","8":"tag-actualites","9":"tag-allemagne","10":"tag-bundesrepublik-deutschland","11":"tag-de","12":"tag-deutschland","13":"tag-eu","14":"tag-europe","15":"tag-germany","16":"tag-news","17":"tag-republique-federale-dallemagne"},"share_on_mastodon":{"url":"https:\/\/pubeurope.com\/@fr\/114697340681855392","error":""},"_links":{"self":[{"href":"https:\/\/www.europesays.com\/fr\/wp-json\/wp\/v2\/posts\/182705","targetHints":{"allow":["GET"]}}],"collection":[{"href":"https:\/\/www.europesays.com\/fr\/wp-json\/wp\/v2\/posts"}],"about":[{"href":"https:\/\/www.europesays.com\/fr\/wp-json\/wp\/v2\/types\/post"}],"author":[{"embeddable":true,"href":"https:\/\/www.europesays.com\/fr\/wp-json\/wp\/v2\/users\/2"}],"replies":[{"embeddable":true,"href":"https:\/\/www.europesays.com\/fr\/wp-json\/wp\/v2\/comments?post=182705"}],"version-history":[{"count":0,"href":"https:\/\/www.europesays.com\/fr\/wp-json\/wp\/v2\/posts\/182705\/revisions"}],"wp:featuredmedia":[{"embeddable":true,"href":"https:\/\/www.europesays.com\/fr\/wp-json\/wp\/v2\/media\/182706"}],"wp:attachment":[{"href":"https:\/\/www.europesays.com\/fr\/wp-json\/wp\/v2\/media?parent=182705"}],"wp:term":[{"taxonomy":"category","embeddable":true,"href":"https:\/\/www.europesays.com\/fr\/wp-json\/wp\/v2\/categories?post=182705"},{"taxonomy":"post_tag","embeddable":true,"href":"https:\/\/www.europesays.com\/fr\/wp-json\/wp\/v2\/tags?post=182705"}],"curies":[{"name":"wp","href":"https:\/\/api.w.org\/{rel}","templated":true}]}}