{"id":182710,"date":"2025-06-17T06:43:09","date_gmt":"2025-06-17T06:43:09","guid":{"rendered":"https:\/\/www.europesays.com\/fr\/182710\/"},"modified":"2025-06-17T06:43:09","modified_gmt":"2025-06-17T06:43:09","slug":"appels-sms-paiements-ou-en-est-la-situation-ce-mardi-matin","status":"publish","type":"post","link":"https:\/\/www.europesays.com\/fr\/182710\/","title":{"rendered":"appels, SMS, paiements&#8230; O\u00f9 en est la situation ce mardi matin\u00a0?"},"content":{"rendered":"<p>            Par<br \/>\n        <strong><br \/>\n            <a href=\"https:\/\/actu.fr\/auteur\/alexandra-segond\" title=\"Consulter tous les articles de Alexandra Segond\" target=\"_blank\" rel=\"noopener\">Alexandra Segond<\/a><br \/>\n        <\/strong><\/p>\n<p>        Publi\u00e9 le<\/p>\n<p>            17 juin 2025 \u00e0 7h22        <\/p>\n<p>Impossible d\u2019appeler ou de recevoir un appel, m\u00eame probl\u00e8me pour \u00e9crire un message et terminaux de paiement par carte bancaire en rade\u2009: lundi 16\u00a0juin 2025, les clients de l\u2019op\u00e9rateur SFR ont \u00e9t\u00e9 confront\u00e9s \u00e0 <a href=\"https:\/\/actu.fr\/sciences-technologie\/sfr-grosse-panne-nationale-chez-l-operateur-des-millions-de-clients-prives-de-reseau_62778421.html\" target=\"_blank\" rel=\"noopener\">une large panne partout en France<\/a>.<\/p>\n<p class=\" wall-content\">Au lendemain de ce gigantesque dysfonctionnement, o\u00f9 en est la situation\u2009?<\/p>\n<p>Un \u00ab\u2009incident technique\u2009\u00bb<\/p>\n<p class=\" wall-content\">Dans un message post\u00e9 lundi peu \u00e0 20\u2009h\u200945 <a href=\"https:\/\/x.com\/SFR\/status\/1934684119872483636\">sur ses r\u00e9seaux sociaux<\/a>, SFR a assur\u00e9 que ses \u00e9quipes techniques sont toujours mobilis\u00e9es pour un retour \u00e0 la normale le plus vite possible.<\/p>\n<blockquote class=\"ac-article-quote wall-content\">\n<p>Les dysfonctionnements rencontr\u00e9s depuis [lundi] midi sur notre r\u00e9seau mobile se traduisent par des d\u00e9connexions al\u00e9atoires pour nos abonn\u00e9s. Nos \u00e9quipes techniques ont men\u00e9 cet apr\u00e8s-midi plusieurs op\u00e9rations qui ont permis de r\u00e9tablir une partie des services. Toutes sont mobilis\u00e9es ce soir pour que l\u2019int\u00e9gralit\u00e9 de ces services soient fonctionnels dans les meilleurs d\u00e9lais.<\/p>\n<p>    <strong>SFR<\/strong>\n            <\/p><\/blockquote>\n<p class=\" wall-content\">\n<p class=\" wall-content\">Beaucoup de clients appellent SFR \u00e0 donner plus de pr\u00e9cisions quant \u00e0 l\u2019origine de ladite panne, qui reste floue. <a href=\"https:\/\/actu.fr\/sciences-technologie\/sfr-grosse-panne-nationale-chez-l-operateur-des-millions-de-clients-prives-de-reseau_62778421.html\" target=\"_blank\" rel=\"noopener\">L\u2019op\u00e9rateur a simplement indiqu\u00e9 \u00e0 actu.fr<\/a> avoir rencontr\u00e9 lundi\u00a0<strong>un \u00ab\u2009incident technique\u2009\u00bb<\/strong> entra\u00eenant \u00ab\u2009des d\u00e9connexions al\u00e9atoires pour nos clients sur tout le territoire\u2009\u00bb.<\/p>\n<p>Vid\u00e9os : en ce moment sur ActuToujours des difficult\u00e9s ce mardi matin<\/p>\n<p class=\" wall-content\">Ce mardi 17\u00a0juin 2025 matin t\u00f4t, <strong>quelques difficult\u00e9s persistaient<\/strong> sur le r\u00e9seau mobile et Internet de SFR, comme le remontent quelques clients sur les r\u00e9seaux sociaux. \u00ab\u2009Je n\u2019ai toujours pas de r\u00e9seau 4G ce matin\u2009\u00bb, se plaint <a href=\"https:\/\/x.com\/FlorianeGau\/status\/1934838411593978178\">une utilisatrice sur son compte X<\/a> (ex-Twitter).<\/p>\n<p class=\" wall-content\">\u00ab\u2009Toujours SFR en panne\u2009\u00bb, <a href=\"https:\/\/x.com\/JoelleHerrerias\/status\/1934828015940448403\">rapporte une autre<\/a>, bas\u00e9e en Occitanie. \u00ab\u2009La panne SFR n\u2019est toujours pas r\u00e9par\u00e9e\u2009\u00bb et \u00ab\u2009La panne SFR qui continue alors qu\u2019il est 4\u2009h du [matin]\u2009\u00bb sont encore d\u2019autres messages que l\u2019on peut lire t\u00f4t ce matin.<\/p>\n<p class=\" wall-content\">\n<p class=\" wall-content\">\u00c0 7\u2009h, <a href=\"https:\/\/downdetector.fr\/statut\/sfr\/\" target=\"_blank\" rel=\"noopener\">le site sp\u00e9cialis\u00e9 DownDetector<\/a> semble aller dans le sens d\u2019un retour \u00e0 la normale, avec une chute drastique du nombre de signalements.<\/p>\n<p class=\" wall-content\">Suivez toute l\u2019actualit\u00e9 de vos villes et m\u00e9dias favoris en vous inscrivant \u00e0 <a href=\"https:\/\/moncompte.actu.fr\" title=\"D\u00e9couvez Mon Actu\" rel=\"nofollow noopener\" data-trk=\"{&quot;cta&quot;:{&quot;action&quot;:&quot;https:\\\/\\\/moncompte.actu.fr&quot;,&quot;category&quot;:&quot;mon compte&quot;,&quot;from&quot;:&quot;article footer&quot;,&quot;name&quot;:&quot;Mon actu&quot;,&quot;type&quot;:&quot;cta&quot;}}\" target=\"_blank\">Mon Actu<\/a>.<\/p>\n","protected":false},"excerpt":{"rendered":"Par Alexandra Segond Publi\u00e9 le 17 juin 2025 \u00e0 7h22 Impossible d\u2019appeler ou de recevoir un appel, m\u00eame&hellip;\n","protected":false},"author":2,"featured_media":182711,"comment_status":"","ping_status":"","sticky":false,"template":"","format":"standard","meta":{"footnotes":""},"categories":[2],"tags":[11,1011,27,12,10899,25,938,2631,724],"class_list":{"0":"post-182710","1":"post","2":"type-post","3":"status-publish","4":"format-standard","5":"has-post-thumbnail","7":"category-actualites","8":"tag-actualites","9":"tag-fr","10":"tag-france","11":"tag-news","12":"tag-panne","13":"tag-republique-francaise","14":"tag-reseaux-sociaux","15":"tag-sciences-technologie","16":"tag-smartphone"},"share_on_mastodon":{"url":"https:\/\/pubeurope.com\/@fr\/114697352211351666","error":""},"_links":{"self":[{"href":"https:\/\/www.europesays.com\/fr\/wp-json\/wp\/v2\/posts\/182710","targetHints":{"allow":["GET"]}}],"collection":[{"href":"https:\/\/www.europesays.com\/fr\/wp-json\/wp\/v2\/posts"}],"about":[{"href":"https:\/\/www.europesays.com\/fr\/wp-json\/wp\/v2\/types\/post"}],"author":[{"embeddable":true,"href":"https:\/\/www.europesays.com\/fr\/wp-json\/wp\/v2\/users\/2"}],"replies":[{"embeddable":true,"href":"https:\/\/www.europesays.com\/fr\/wp-json\/wp\/v2\/comments?post=182710"}],"version-history":[{"count":0,"href":"https:\/\/www.europesays.com\/fr\/wp-json\/wp\/v2\/posts\/182710\/revisions"}],"wp:featuredmedia":[{"embeddable":true,"href":"https:\/\/www.europesays.com\/fr\/wp-json\/wp\/v2\/media\/182711"}],"wp:attachment":[{"href":"https:\/\/www.europesays.com\/fr\/wp-json\/wp\/v2\/media?parent=182710"}],"wp:term":[{"taxonomy":"category","embeddable":true,"href":"https:\/\/www.europesays.com\/fr\/wp-json\/wp\/v2\/categories?post=182710"},{"taxonomy":"post_tag","embeddable":true,"href":"https:\/\/www.europesays.com\/fr\/wp-json\/wp\/v2\/tags?post=182710"}],"curies":[{"name":"wp","href":"https:\/\/api.w.org\/{rel}","templated":true}]}}