{"id":182720,"date":"2025-06-17T06:48:15","date_gmt":"2025-06-17T06:48:15","guid":{"rendered":"https:\/\/www.europesays.com\/fr\/182720\/"},"modified":"2025-06-17T06:48:15","modified_gmt":"2025-06-17T06:48:15","slug":"super-xiii-un-dernier-challenge-en-super-xiii-pour-arnaud-bartes-rugby-a-xiii","status":"publish","type":"post","link":"https:\/\/www.europesays.com\/fr\/182720\/","title":{"rendered":"Super XIII &#8211; Un dernier challenge en Super XIII pour Arnaud Bartes &#8211; Rugby \u00e0 XIII"},"content":{"rendered":"<p style=\"text-align: justify;\"><strong>Joueur des Baroudeurs de Pia depuis leur retour en Super XIII, le pilier salanquais se lance un dernier d\u00e9fi en rejoignant les Meuniers du FC L\u00e9zignan.<\/strong><\/p>\n<p style=\"text-align: justify;\">Le Feuceuleu cherche \u00e0 renforcer son effectif et \u00e0 donner du poids \u00e0 son paquet d\u2019avants, et nous l\u2019avons bien compris. \u00c0 peine la saison termin\u00e9e que le mercato d\u2019\u00e9t\u00e9 a d\u00e9but\u00e9 dans les Corbi\u00e8res et que les dirigeants audois ont d\u00e9j\u00e0 jet\u00e9 leur d\u00e9volu sur quatre avants et un meneur de jeu.<\/p>\n<p style=\"text-align: justify;\">Apr\u00e8s l\u2019annonce de ces cinq premiers noms, c\u2019est celui d\u2019Arnaud Bartes qui est venu s\u2019ajouter \u00e0 la liste r\u00e9cemment. \u00c0 34 ans, le puissant pilier des Baroudeurs de Pia sera une recrue de poids pour l\u2019effectif de L\u00e9zignan. Un joueur aux \u00e9normes qualit\u00e9s physiques et d\u2019une g\u00e9n\u00e9rosit\u00e9 folle en d\u00e9fense qui sera probablement un exemple pour les plus jeunes de l\u2019effectif des Meuniers la saison prochaine.<\/p>\n<blockquote class=\"instagram-media\" data-instgrm-captioned=\"\" data-instgrm-permalink=\"https:\/\/www.instagram.com\/p\/DK2bNclNFEF\/?utm_source=ig_embed&amp;utm_campaign=loading\" data-instgrm-version=\"14\" style=\" background:#FFF; border:0; border-radius:3px; box-shadow:0 0 1px 0 rgba(0,0,0,0.5),0 1px 10px 0 rgba(0,0,0,0.15); margin: 1px; max-width:500px; min-width:326px; padding:0; width:99.375%; width:-webkit-calc(100% - 2px); width:calc(100% - 2px);\">\n<\/blockquote>\n<p>        <script async src=\"\/\/www.instagram.com\/embed.js\"><\/script><\/p>\n","protected":false},"excerpt":{"rendered":"Joueur des Baroudeurs de Pia depuis leur retour en Super XIII, le pilier salanquais se lance un dernier&hellip;\n","protected":false},"author":2,"featured_media":182721,"comment_status":"","ping_status":"","sticky":false,"template":"","format":"standard","meta":{"footnotes":""},"categories":[1416],"tags":[32073,7299,1011,27,16661,479,2228,1468,2229,60,2231],"class_list":{"0":"post-182720","1":"post","2":"type-post","3":"status-publish","4":"format-standard","5":"has-post-thumbnail","7":"category-rugby","8":"tag-arnaud-bartes","9":"tag-fc-lezignan","10":"tag-fr","11":"tag-france","12":"tag-pia","13":"tag-rugby","14":"tag-rugby-a-xiii","15":"tag-rugby-football","16":"tag-rugby-league","17":"tag-sports","18":"tag-super-xiii"},"share_on_mastodon":{"url":"https:\/\/pubeurope.com\/@fr\/114697372004491572","error":""},"_links":{"self":[{"href":"https:\/\/www.europesays.com\/fr\/wp-json\/wp\/v2\/posts\/182720","targetHints":{"allow":["GET"]}}],"collection":[{"href":"https:\/\/www.europesays.com\/fr\/wp-json\/wp\/v2\/posts"}],"about":[{"href":"https:\/\/www.europesays.com\/fr\/wp-json\/wp\/v2\/types\/post"}],"author":[{"embeddable":true,"href":"https:\/\/www.europesays.com\/fr\/wp-json\/wp\/v2\/users\/2"}],"replies":[{"embeddable":true,"href":"https:\/\/www.europesays.com\/fr\/wp-json\/wp\/v2\/comments?post=182720"}],"version-history":[{"count":0,"href":"https:\/\/www.europesays.com\/fr\/wp-json\/wp\/v2\/posts\/182720\/revisions"}],"wp:featuredmedia":[{"embeddable":true,"href":"https:\/\/www.europesays.com\/fr\/wp-json\/wp\/v2\/media\/182721"}],"wp:attachment":[{"href":"https:\/\/www.europesays.com\/fr\/wp-json\/wp\/v2\/media?parent=182720"}],"wp:term":[{"taxonomy":"category","embeddable":true,"href":"https:\/\/www.europesays.com\/fr\/wp-json\/wp\/v2\/categories?post=182720"},{"taxonomy":"post_tag","embeddable":true,"href":"https:\/\/www.europesays.com\/fr\/wp-json\/wp\/v2\/tags?post=182720"}],"curies":[{"name":"wp","href":"https:\/\/api.w.org\/{rel}","templated":true}]}}