{"id":182732,"date":"2025-06-17T06:55:09","date_gmt":"2025-06-17T06:55:09","guid":{"rendered":"https:\/\/www.europesays.com\/fr\/182732\/"},"modified":"2025-06-17T06:55:09","modified_gmt":"2025-06-17T06:55:09","slug":"accuse-davoir-agresse-le-roi-des-paparazzi-en-italie-gerard-depardieu-juge-ce-mardi-a-rome-liberation","status":"publish","type":"post","link":"https:\/\/www.europesays.com\/fr\/182732\/","title":{"rendered":"Accus\u00e9 d\u2019avoir agress\u00e9 le \u00abroi des paparazzi\u00bb en Italie, G\u00e9rard Depardieu jug\u00e9 ce mardi \u00e0 Rome \u2013 Lib\u00e9ration"},"content":{"rendered":"<p class=\"sc-ksZaOG ehjQrN text-element\">Nouvelle affaire judiciaire pour <a href=\"https:\/\/www.liberation.fr\/tags\/gerard-depardieu\/\" target=\"_blank\" rel=\"noreferrer noopener\" title=\"https:\/\/www.liberation.fr\/tags\/gerard-depardieu\/\">G\u00e9rard Depardieu<\/a>, accus\u00e9 d\u2019avoir <a href=\"https:\/\/www.liberation.fr\/culture\/cinema\/gerard-depardieu-accuse-de-setre-battu-avec-un-paparazzi-a-rome-20240522_IAJJRYAUG5G7HM4SSVCLRZUH24\/\" target=\"_blank\" rel=\"noreferrer noopener\" title=\"https:\/\/www.liberation.fr\/culture\/cinema\/gerard-depardieu-accuse-de-setre-battu-avec-un-paparazzi-a-rome-20240522_IAJJRYAUG5G7HM4SSVCLRZUH24\/\">agress\u00e9 en 2024 un paparazzi<\/a> en plein centre de Rome. L\u2019acteur, <a href=\"https:\/\/www.liberation.fr\/culture\/proces-de-gerard-depardieu-le-jugement-attendu-ce-mardi-jour-de-louverture-du-festival-de-cannes-20250512_AZEO4V22DBCNJEUXPGRGQPKPRY\/\" target=\"_blank\" rel=\"noreferrer noopener\" title=\"https:\/\/www.liberation.fr\/culture\/proces-de-gerard-depardieu-le-jugement-attendu-ce-mardi-jour-de-louverture-du-festival-de-cannes-20250512_AZEO4V22DBCNJEUXPGRGQPKPRY\/\">d\u00e9j\u00e0 condamn\u00e9 il y a quelques semaines<\/a> pour avoir agress\u00e9 deux femmes sur un tournage, est convoqu\u00e9 ce mardi 17 juin devant un juge de la capitale italienne.<\/p>\n<p class=\"sc-ksZaOG ehjQrN text-element\">Rino Barillari, photographe italien de 80 ans surnomm\u00e9 le \u00abroi des <a href=\"https:\/\/www.liberation.fr\/medias\/2009\/11\/10\/paparazzis-comment-mitonner-un-bon-ragot_592815\/\" target=\"_blank\" rel=\"noreferrer noopener\" title=\"https:\/\/www.liberation.fr\/medias\/2009\/11\/10\/paparazzis-comment-mitonner-un-bon-ragot_592815\/\">paparazzis<\/a>\u00bb, accuse la star fran\u00e7aise de l\u2019avoir agress\u00e9 physiquement le 21 mai 2024, l\u2019acteur affirmant de son c\u00f4t\u00e9 s\u2019\u00eatre \u00abinterpos\u00e9 entre le paparazzi et sa compagne\u00bb. La sc\u00e8ne s\u2019\u00e9tait d\u00e9roul\u00e9e au tr\u00e8s chic Harry\u2019s Bar, l\u2019un des \u00e9tablissements les plus courus de la via Veneto. \u00abJe l\u2019ai vu [\u2026] avec une femme. Je me suis approch\u00e9 pour faire quelques photos\u00bb, avait racont\u00e9 \u00e0 la presse le photographe apr\u00e8s l\u2019altercation. Selon son r\u00e9cit, c\u2019est d\u2019abord la compagne du com\u00e9dien, Magda Vavrusova, qui a tent\u00e9 de le bloquer, puis <a href=\"https:\/\/www.liberation.fr\/culture\/cinema\/un-mois-apres-son-proces-gerard-depardieu-tourne-au-portugal-avec-fanny-ardant-20250502_LCWZVNRQCRFGDNJTC7DZ6UC554\/\" target=\"_blank\" rel=\"noopener\" title=\"https:\/\/www.liberation.fr\/culture\/cinema\/un-mois-apres-son-proces-gerard-depardieu-tourne-au-portugal-avec-fanny-ardant-20250502_LCWZVNRQCRFGDNJTC7DZ6UC554\/\">G\u00e9rard Depardieu<\/a> est lui-m\u00eame intervenu et lui a donn\u00e9 trois coups de poing au visage.<\/p>\n<p class=\"sc-ksZaOG ehjQrN text-element\">Le couple avait donn\u00e9 sa version des faits le lendemain \u00e0 travers un communiqu\u00e9 de leur avocate au barreau de Paris, Delphine Meillet : \u00abRino Barillari, aussi connu pour ses photos que pour ses m\u00e9thodes agressives, a pouss\u00e9 violemment la compagne de G\u00e9rard Depardieu.\u00bb \u00abLe photographe m\u2019a pouss\u00e9e en touchant mon buste et ma poitrine avec son bras [\u2026]. J\u2019ai encore mal, il a \u00e9t\u00e9 d\u2019une violence extr\u00eame\u00bb, a d\u00e9clar\u00e9 Magda Vavrusova aux policiers romains devant lesquels elle a d\u00e9pos\u00e9 une plainte pour violence, selon son avocate. \u00abDevant la violence de la situation, <a href=\"https:\/\/www.liberation.fr\/societe\/police-justice\/complement-denquete-sur-gerard-depardieu-lacteur-perd-son-proces-contre-liberation-20250605_4HMZLDG44FFT5NWN5MTVIGGZ5U\/\" target=\"_blank\" rel=\"noreferrer noopener\" title=\"https:\/\/www.liberation.fr\/societe\/police-justice\/complement-denquete-sur-gerard-depardieu-lacteur-perd-son-proces-contre-liberation-20250605_4HMZLDG44FFT5NWN5MTVIGGZ5U\/\">G\u00e9rard Depardieu<\/a>, qui s\u2019est interpos\u00e9 entre le paparazzo et sa compagne, a chut\u00e9 et a gliss\u00e9 sur lui\u00bb, toujours selon l\u2019avocate. \u00abLe c\u00e9l\u00e8bre acteur et sa compagne sont ensuite mont\u00e9s en voiture, le photographe persistant malgr\u00e9 tout ce qui venait de se passer \u00e0 les matraquer de clich\u00e9s.\u00bb<\/p>\n<p class=\"sc-ksZaOG ehjQrN text-element\">Rino Barillari, qui a commenc\u00e9 sa carri\u00e8re tr\u00e8s jeune, a connu l\u2019\u00e2ge d\u2019or de la Dolce Vita \u00e0 Rome, o\u00f9 il a photographi\u00e9 des c\u00e9l\u00e9brit\u00e9s comme <a href=\"https:\/\/www.liberation.fr\/cinema\/2011\/03\/23\/liz-taylor-une-vie-en-images_723771\/\" target=\"_blank\" rel=\"noreferrer noopener\" title=\"https:\/\/www.liberation.fr\/cinema\/2011\/03\/23\/liz-taylor-une-vie-en-images_723771\/\">Liz Taylor<\/a>, Ingrid Bergman, Brigitte Bardot, Sophia Loren, Gina Lollobrigida et <a href=\"https:\/\/www.liberation.fr\/cinema\/1996\/12\/20\/l-acteur-est-mort-a-72-ansmastroianni-latin-lover-latin-loser_190577\/\" target=\"_blank\" rel=\"noreferrer noopener\" title=\"https:\/\/www.liberation.fr\/cinema\/1996\/12\/20\/l-acteur-est-mort-a-72-ansmastroianni-latin-lover-latin-loser_190577\/\">Marcello Mastroianni<\/a>.<\/p>\n<p class=\"sc-ksZaOG ehjQrN text-element\">Ic\u00f4ne du cin\u00e9ma fran\u00e7ais, <a href=\"https:\/\/www.liberation.fr\/culture\/cinema\/proces-de-gerard-depardieu-je-ne-suis-pas-que-cet-homme-qui-touche-20250326_6LPCKYHQ3BCVNDM3F4ZIOTKCOM\/\" target=\"_blank\" rel=\"noopener\" title=\"https:\/\/www.liberation.fr\/culture\/cinema\/proces-de-gerard-depardieu-je-ne-suis-pas-que-cet-homme-qui-touche-20250326_6LPCKYHQ3BCVNDM3F4ZIOTKCOM\/\">G\u00e9rard Depardieu,<\/a> 76 ans, a \u00e9t\u00e9 condamn\u00e9 mi-mai \u00e0 dix-huit mois de prison avec sursis par le tribunal correctionnel de Paris pour avoir agress\u00e9 deux femmes sur le tournage <a href=\"https:\/\/www.liberation.fr\/culture\/cinema\/les-volets-verts-emphase-terminale-20220823_6JKUX5KA4FHJTJ46W4EFODXFLA\/\" target=\"_blank\" rel=\"noopener\" title=\"https:\/\/www.liberation.fr\/culture\/cinema\/les-volets-verts-emphase-terminale-20220823_6JKUX5KA4FHJTJ46W4EFODXFLA\/\">des Volets verts<\/a> en 2021 \u00e0 Paris. Ces derni\u00e8res ann\u00e9es, l\u2019acteur a \u00e9t\u00e9 accus\u00e9 d\u2019agressions sexuelles par une vingtaine de femmes mais plusieurs proc\u00e9dures ont \u00e9t\u00e9 class\u00e9es pour cause de prescription des faits.<\/p>\n","protected":false},"excerpt":{"rendered":"Nouvelle affaire judiciaire pour G\u00e9rard Depardieu, accus\u00e9 d\u2019avoir agress\u00e9 en 2024 un paparazzi en plein centre de Rome.&hellip;\n","protected":false},"author":2,"featured_media":182733,"comment_status":"","ping_status":"","sticky":false,"template":"","format":"standard","meta":{"footnotes":""},"categories":[1359],"tags":[58,59,1011,27,302,452,973],"class_list":{"0":"post-182732","1":"post","2":"type-post","3":"status-publish","4":"format-standard","5":"has-post-thumbnail","7":"category-people","8":"tag-divertissement","9":"tag-entertainment","10":"tag-fr","11":"tag-france","12":"tag-gerard-depardieu","13":"tag-italie","14":"tag-people"},"share_on_mastodon":{"url":"https:\/\/pubeurope.com\/@fr\/114697399374465351","error":""},"_links":{"self":[{"href":"https:\/\/www.europesays.com\/fr\/wp-json\/wp\/v2\/posts\/182732","targetHints":{"allow":["GET"]}}],"collection":[{"href":"https:\/\/www.europesays.com\/fr\/wp-json\/wp\/v2\/posts"}],"about":[{"href":"https:\/\/www.europesays.com\/fr\/wp-json\/wp\/v2\/types\/post"}],"author":[{"embeddable":true,"href":"https:\/\/www.europesays.com\/fr\/wp-json\/wp\/v2\/users\/2"}],"replies":[{"embeddable":true,"href":"https:\/\/www.europesays.com\/fr\/wp-json\/wp\/v2\/comments?post=182732"}],"version-history":[{"count":0,"href":"https:\/\/www.europesays.com\/fr\/wp-json\/wp\/v2\/posts\/182732\/revisions"}],"wp:featuredmedia":[{"embeddable":true,"href":"https:\/\/www.europesays.com\/fr\/wp-json\/wp\/v2\/media\/182733"}],"wp:attachment":[{"href":"https:\/\/www.europesays.com\/fr\/wp-json\/wp\/v2\/media?parent=182732"}],"wp:term":[{"taxonomy":"category","embeddable":true,"href":"https:\/\/www.europesays.com\/fr\/wp-json\/wp\/v2\/categories?post=182732"},{"taxonomy":"post_tag","embeddable":true,"href":"https:\/\/www.europesays.com\/fr\/wp-json\/wp\/v2\/tags?post=182732"}],"curies":[{"name":"wp","href":"https:\/\/api.w.org\/{rel}","templated":true}]}}