{"id":182738,"date":"2025-06-17T06:58:09","date_gmt":"2025-06-17T06:58:09","guid":{"rendered":"https:\/\/www.europesays.com\/fr\/182738\/"},"modified":"2025-06-17T06:58:09","modified_gmt":"2025-06-17T06:58:09","slug":"denis-brogniart-evoque-lattitude-de-ses-beaux-parents-anne-elisabeth-lemoine-le-fait-vite-redescendre-sur-terre","status":"publish","type":"post","link":"https:\/\/www.europesays.com\/fr\/182738\/","title":{"rendered":"Denis Brogniart \u00e9voque l\u2019attitude de ses beaux-parents, Anne-Elisabeth Lemoine le fait vite redescendre sur Terre"},"content":{"rendered":"<p><a href=\"https:\/\/www.closermag.fr\/people\/vous-aussi-vous-avez-choppe-face-a-lea-salame-denis-brogniart-somme-dexpliquer-sa-rencontre-avec-sa-femme-3550418\" target=\"_blank\" rel=\"noopener\"><br \/>\nDenis Brogniart<\/a> est depuis longtemps une figure incontournable<br \/>\ndu petit \u00e9cran fran\u00e7ais. Notamment gr\u00e2ce \u00e0 son r\u00f4le embl\u00e9matique \u00e0<br \/>\nla t\u00eate de Koh-Lanta. Avec son ton \u00e0 la fois professionnel<br \/>\net accessible, il parvient \u00e0 captiver un large public en m\u00ealant<br \/>\nsport et divertissement.<\/p>\n<p>Lors de l\u2019\u00e9mission C \u00e0 vous du 16 juin, il s\u2019est livr\u00e9<br \/>\n\u00e0 quelques confidences. Il a aussi r\u00e9pondu avec vivacit\u00e9 aux<br \/>\nremarques parfois piquantes d\u2019Anne-\u00c9lisabeth Lemoine.<\/p>\n<p>L&rsquo;animateur fait une r\u00e9v\u00e9lation surprenante dans C \u00e0 vous<\/p>\n<p>Lors de l\u2019\u00e9mission C \u00e0 vous ce lundi 16 juin, Denis<br \/>\nBrogniart est revenu sur une anecdote surprenante datant de la<br \/>\nCoupe du monde 2018. Il a r\u00e9v\u00e9l\u00e9 comment le collier d\u2019immunit\u00e9<br \/>\nembl\u00e9matique de Koh-Lanta s\u2019est retrouv\u00e9 autour du cou<br \/>\nd\u2019<a href=\"https:\/\/www.closermag.fr\/people\/mignon-mais-cn-adil-rami-humilie-en-plein-direct-il-garde-la-tete-froide-3554108\" target=\"_blank\" rel=\"noopener\">Adil<br \/>\nRami<\/a> lors de la c\u00e9l\u00e9bration des Bleus \u00e0 Moscou. Quelques jours<br \/>\navant le tournoi en Russie, le footballeur lui avait demand\u00e9 ce<br \/>\nsymbole : \u00ab\u00a0Un jour, \u00e0 T\u00e9l\u00e9foot, il a dit : \u2018Vous pouvez me<br \/>\ndonner un collier d\u2019immunit\u00e9 ? \u00c7a peut me servir sur<br \/>\nKoh-Lanta\u2019\u00a0\u00bb.<\/p>\n<p>Quand la France a atteint la demi-finale, Denis Brogniart lui a<br \/>\noffert ce fameux collier. \u00c0 sa grande surprise, Adil Rami l\u2019a port\u00e9<br \/>\nlors de la victoire finale. Il l&rsquo;a m\u00eame chercher dans son sac apr\u00e8s<br \/>\nle match : \u00ab\u00a0Il a mis le <strong>collier d\u2019immunit\u00e9<\/strong>. Il<br \/>\nest all\u00e9 le chercher dans son sac apr\u00e8s la victoire. Ce qu\u2019il y a<br \/>\nd\u2019extraordinaire, c\u2019est que, sur toutes les photos apr\u00e8s la<br \/>\nvictoire, il a ce collier d\u2019immunit\u00e9\u00a0\u00bb, a racont\u00e9 Brogniart,<br \/>\npr\u00e9cisant qu\u2019il lui avait aussi offert un totem en cadeau.<\/p>\n<p>Anne-Elisabtth Lemoine tr\u00e8s taquine,<br \/>\nDenis Brogniart dans son viseur<\/p>\n<p>Dans C \u00e0 vous du 16 juin, Denis Brogniart \u00e9tait<br \/>\nl\u2019invit\u00e9 d\u2019<a href=\"https:\/\/www.closermag.fr\/people\/ca-parle-orgie-dans-c-a-vous-et-anne-elisabeth-lemoine-ne-sait-plus-ou-se-mettre-3554347\" target=\"_blank\" rel=\"noopener\">Anne-\u00c9lisabeth<br \/>\nLemoine<\/a>. L&rsquo;objectif ? Pr\u00e9senter son cahier de vacances sp\u00e9cial<br \/>\naventuriers, destin\u00e9 aux adultes. La journaliste lui a demand\u00e9 avec<br \/>\nmalice : \u00ab\u00a0Vous n\u2019avez pas toutes les r\u00e9ponses aux questions que<br \/>\nvous posez dans le training ?\u00a0\u00bb. Il a r\u00e9pondu avec humour :<br \/>\n\u00ab\u00a0Non, franchement, ils m\u2019ont vraiment amus\u00e9. Il y a des dessins<br \/>\nqui m\u2019ont fait rire. Je ne sais pas si vous trouvez que je suis<br \/>\ntr\u00e8s ressemblant. Moi, je trouve que <strong>j\u2019ai des yeux un peu<br \/>\ngros<\/strong>. Mais en tout cas, c\u2019\u00e9tait dr\u00f4le\u00a0\u00bb.<\/p>\n<p>Sans d\u00e9tour, Anne-\u00c9lisabeth Lemoine a r\u00e9pliqu\u00e9 : \u00ab\u00a0<strong>On<br \/>\nvous reconna\u00eet bien, pardon<\/strong>\u00ab\u00a0. L\u00e9g\u00e8rement vex\u00e9, Denis<br \/>\nBrogniart l\u2019a remerci\u00e9e sur un ton ironique. Il s\u2019est ensuite<br \/>\nconfi\u00e9 : \u00ab\u00a0Quand je les ai donn\u00e9s \u00e0 mes beaux-parents \u00e0 midi,<br \/>\nils \u00e9taient tr\u00e8s contents. Ils m\u2019ont dit, \u00e7a, c\u2019est un truc qui va<br \/>\nnous plaire. On va s\u2019amuser avec\u00a0\u00bb. Toujours dans un registre<br \/>\ntaquin, Anne-\u00c9lisabeth Lemoine lui a lanc\u00e9 un petit tacle :<br \/>\n\u00ab\u00a0Ils veulent continuer \u00e0 <strong>avoir de bonnes relations avec<br \/>\nleurs gendre<\/strong>\u00ab\u00a0. Pour d\u00e9dramatiser, il a r\u00e9pondu avec<br \/>\nun sourire : \u00ab\u00a0J\u2019esp\u00e8re\u00a0\u00bb.<\/p>\n","protected":false},"excerpt":{"rendered":"Denis Brogniart est depuis longtemps une figure incontournable du petit \u00e9cran fran\u00e7ais. Notamment gr\u00e2ce \u00e0 son r\u00f4le embl\u00e9matique&hellip;\n","protected":false},"author":2,"featured_media":182739,"comment_status":"","ping_status":"","sticky":false,"template":"","format":"standard","meta":{"footnotes":""},"categories":[1356],"tags":[5631,548,681,58,59,1011,27,252,1364],"class_list":{"0":"post-182738","1":"post","2":"type-post","3":"status-publish","4":"format-standard","5":"has-post-thumbnail","7":"category-television","8":"tag-anne-elisabeth-lemoine","9":"tag-article-simple","10":"tag-denis-brogniart","11":"tag-divertissement","12":"tag-entertainment","13":"tag-fr","14":"tag-france","15":"tag-television","16":"tag-tv"},"share_on_mastodon":{"url":"https:\/\/pubeurope.com\/@fr\/114697411604727183","error":""},"_links":{"self":[{"href":"https:\/\/www.europesays.com\/fr\/wp-json\/wp\/v2\/posts\/182738","targetHints":{"allow":["GET"]}}],"collection":[{"href":"https:\/\/www.europesays.com\/fr\/wp-json\/wp\/v2\/posts"}],"about":[{"href":"https:\/\/www.europesays.com\/fr\/wp-json\/wp\/v2\/types\/post"}],"author":[{"embeddable":true,"href":"https:\/\/www.europesays.com\/fr\/wp-json\/wp\/v2\/users\/2"}],"replies":[{"embeddable":true,"href":"https:\/\/www.europesays.com\/fr\/wp-json\/wp\/v2\/comments?post=182738"}],"version-history":[{"count":0,"href":"https:\/\/www.europesays.com\/fr\/wp-json\/wp\/v2\/posts\/182738\/revisions"}],"wp:featuredmedia":[{"embeddable":true,"href":"https:\/\/www.europesays.com\/fr\/wp-json\/wp\/v2\/media\/182739"}],"wp:attachment":[{"href":"https:\/\/www.europesays.com\/fr\/wp-json\/wp\/v2\/media?parent=182738"}],"wp:term":[{"taxonomy":"category","embeddable":true,"href":"https:\/\/www.europesays.com\/fr\/wp-json\/wp\/v2\/categories?post=182738"},{"taxonomy":"post_tag","embeddable":true,"href":"https:\/\/www.europesays.com\/fr\/wp-json\/wp\/v2\/tags?post=182738"}],"curies":[{"name":"wp","href":"https:\/\/api.w.org\/{rel}","templated":true}]}}