{"id":182752,"date":"2025-06-17T07:05:08","date_gmt":"2025-06-17T07:05:08","guid":{"rendered":"https:\/\/www.europesays.com\/fr\/182752\/"},"modified":"2025-06-17T07:05:08","modified_gmt":"2025-06-17T07:05:08","slug":"une-mere-de-famille-agee-dune-quarantaine-dannees-a-perdu-la-vie-une-ado-de-14-ans-blessee","status":"publish","type":"post","link":"https:\/\/www.europesays.com\/fr\/182752\/","title":{"rendered":"une m\u00e8re de famille \u00e2g\u00e9e d&rsquo;une quarantaine d&rsquo;ann\u00e9es a perdu la vie, une ado de 14 ans bless\u00e9e"},"content":{"rendered":"<p>Une m\u00e8re de famille \u00e2g\u00e9e d&rsquo;une quarantaine d&rsquo;ann\u00e9es a perdu la vie, et une adolescente de 14 ans, \u00e9galement pr\u00e9sente dans le v\u00e9hicule, a \u00e9t\u00e9 bless\u00e9e, selon cette source. La victime serait d\u00e9c\u00e9d\u00e9e \u00e0 la suite du d\u00e9clenchement de cet airbag, apr\u00e8s avoir percut\u00e9 une glissi\u00e8re de s\u00e9curit\u00e9 sur la voie rapide, confirme le parquet.<\/p>\n<p>Le scandale des airbags Takata secoue le secteur de l&rsquo;automobile depuis 2014, for\u00e7ant de nombreux constructeurs \u00e0 immobiliser des centaines de milliers de v\u00e9hicules \u00e0 travers le monde, afin de remplacer ces \u00e9quipements de s\u00e9curit\u00e9. Un autre d\u00e9c\u00e8s li\u00e9 au d\u00e9clenchement d&rsquo;un airbag d\u00e9fectueux avait \u00e9t\u00e9 enregistr\u00e9 fin mars en Guadeloupe. Jusqu&rsquo;\u00e0 l&rsquo;annonce de ce d\u00e9c\u00e8s, le minist\u00e8re des Transports avait recens\u00e9 29 accidents ayant provoqu\u00e9 onze d\u00e9c\u00e8s outre-mer et un en m\u00e9tropole.<\/p>\n<p>A cause d&rsquo;un gaz qui se d\u00e9grade avec le temps, l&rsquo;humidit\u00e9 et la chaleur, ces airbags risquent d&rsquo;exploser, avec un risque de blessures graves voire mortelles pour les conducteurs et les passagers avant.\u00a0<\/p>\n","protected":false},"excerpt":{"rendered":"Une m\u00e8re de famille \u00e2g\u00e9e d&rsquo;une quarantaine d&rsquo;ann\u00e9es a perdu la vie, et une adolescente de 14 ans,&hellip;\n","protected":false},"author":2,"featured_media":182753,"comment_status":"","ping_status":"","sticky":false,"template":"","format":"standard","meta":{"footnotes":""},"categories":[6],"tags":[17,32077,32075,35,4440,33,34,274,652,1011,27,5875,32076,96],"class_list":{"0":"post-182752","1":"post","2":"type-post","3":"status-publish","4":"format-standard","5":"has-post-thumbnail","7":"category-economie","8":"tag-17","9":"tag-agee","10":"tag-airbag","11":"tag-business","12":"tag-dune","13":"tag-economie","14":"tag-economy","15":"tag-faits-divers-justice","16":"tag-famille","17":"tag-fr","18":"tag-france","19":"tag-mere","20":"tag-takata","21":"tag-une"},"share_on_mastodon":{"url":"https:\/\/pubeurope.com\/@fr\/114697438661523344","error":""},"_links":{"self":[{"href":"https:\/\/www.europesays.com\/fr\/wp-json\/wp\/v2\/posts\/182752","targetHints":{"allow":["GET"]}}],"collection":[{"href":"https:\/\/www.europesays.com\/fr\/wp-json\/wp\/v2\/posts"}],"about":[{"href":"https:\/\/www.europesays.com\/fr\/wp-json\/wp\/v2\/types\/post"}],"author":[{"embeddable":true,"href":"https:\/\/www.europesays.com\/fr\/wp-json\/wp\/v2\/users\/2"}],"replies":[{"embeddable":true,"href":"https:\/\/www.europesays.com\/fr\/wp-json\/wp\/v2\/comments?post=182752"}],"version-history":[{"count":0,"href":"https:\/\/www.europesays.com\/fr\/wp-json\/wp\/v2\/posts\/182752\/revisions"}],"wp:featuredmedia":[{"embeddable":true,"href":"https:\/\/www.europesays.com\/fr\/wp-json\/wp\/v2\/media\/182753"}],"wp:attachment":[{"href":"https:\/\/www.europesays.com\/fr\/wp-json\/wp\/v2\/media?parent=182752"}],"wp:term":[{"taxonomy":"category","embeddable":true,"href":"https:\/\/www.europesays.com\/fr\/wp-json\/wp\/v2\/categories?post=182752"},{"taxonomy":"post_tag","embeddable":true,"href":"https:\/\/www.europesays.com\/fr\/wp-json\/wp\/v2\/tags?post=182752"}],"curies":[{"name":"wp","href":"https:\/\/api.w.org\/{rel}","templated":true}]}}