{"id":182754,"date":"2025-06-17T07:07:08","date_gmt":"2025-06-17T07:07:08","guid":{"rendered":"https:\/\/www.europesays.com\/fr\/182754\/"},"modified":"2025-06-17T07:07:08","modified_gmt":"2025-06-17T07:07:08","slug":"un-homme-se-jette-dans-le-vide-avec-son-enfant-dans-les-bras","status":"publish","type":"post","link":"https:\/\/www.europesays.com\/fr\/182754\/","title":{"rendered":"un homme se jette dans le vide avec son enfant dans les bras"},"content":{"rendered":"<p itemprop=\"description\"><strong>Le drame s&rsquo;est nou\u00e9 ce dimanche \u00e0 V\u00e9nissieux.<\/strong><\/p>\n<p>Dans le quartier des Minguettes, un homme s&rsquo;est jet\u00e9 dans le vide depuis le 3e \u00e9tage d&rsquo;un immeuble. Lorsqu&rsquo;il s&rsquo;est d\u00e9fenestr\u00e9, il portait dans ses bras son fils \u00e2g\u00e9 de 10 ans.<\/p>\n<p>Le p\u00e8re de famille n&rsquo;a pas surv\u00e9cu \u00e0 sa chute selon BFM, tandis que l&rsquo;enfant a \u00e9t\u00e9 gri\u00e8vement bless\u00e9. Pris en charge par les secours et hospitalis\u00e9, son pronostic vital est engag\u00e9.<\/p>\n<p>Un autre enfant \u00e2g\u00e9 de 13 ans se trouvait avec eux dans leur appartement au moment des faits, car le p\u00e8re avait la garde altern\u00e9e.<\/p>\n<p>L&rsquo;origine de ce geste suicidaire n&rsquo;est pas encore connue, mais l&rsquo;homme avait des ant\u00e9c\u00e9dents psychiatriques selon les premiers \u00e9l\u00e9ments de l&rsquo;enqu\u00eate.<\/p>\n","protected":false},"excerpt":{"rendered":"Le drame s&rsquo;est nou\u00e9 ce dimanche \u00e0 V\u00e9nissieux. Dans le quartier des Minguettes, un homme s&rsquo;est jet\u00e9 dans&hellip;\n","protected":false},"author":2,"featured_media":182755,"comment_status":"","ping_status":"","sticky":false,"template":"","format":"standard","meta":{"footnotes":""},"categories":[4],"tags":[1111,11,2813,2190,1109,251,1112,2811,118,1011,27,1922,1110,1114,2428,2810,12,241,316,25,2812,517,800],"class_list":{"0":"post-182754","1":"post","2":"type-post","3":"status-publish","4":"format-standard","5":"has-post-thumbnail","7":"category-france","8":"tag-actu","9":"tag-actualites","10":"tag-article","11":"tag-asvel","12":"tag-breves","13":"tag-culture","14":"tag-depeches","15":"tag-economique","16":"tag-faits-divers","17":"tag-fr","18":"tag-france","19":"tag-info","20":"tag-informations","21":"tag-infos","22":"tag-lyon","23":"tag-lyonmag","24":"tag-news","25":"tag-ol","26":"tag-politique","27":"tag-republique-francaise","28":"tag-sociale","29":"tag-sport","30":"tag-transports"},"share_on_mastodon":{"url":"https:\/\/pubeurope.com\/@fr\/114697446631088895","error":""},"_links":{"self":[{"href":"https:\/\/www.europesays.com\/fr\/wp-json\/wp\/v2\/posts\/182754","targetHints":{"allow":["GET"]}}],"collection":[{"href":"https:\/\/www.europesays.com\/fr\/wp-json\/wp\/v2\/posts"}],"about":[{"href":"https:\/\/www.europesays.com\/fr\/wp-json\/wp\/v2\/types\/post"}],"author":[{"embeddable":true,"href":"https:\/\/www.europesays.com\/fr\/wp-json\/wp\/v2\/users\/2"}],"replies":[{"embeddable":true,"href":"https:\/\/www.europesays.com\/fr\/wp-json\/wp\/v2\/comments?post=182754"}],"version-history":[{"count":0,"href":"https:\/\/www.europesays.com\/fr\/wp-json\/wp\/v2\/posts\/182754\/revisions"}],"wp:featuredmedia":[{"embeddable":true,"href":"https:\/\/www.europesays.com\/fr\/wp-json\/wp\/v2\/media\/182755"}],"wp:attachment":[{"href":"https:\/\/www.europesays.com\/fr\/wp-json\/wp\/v2\/media?parent=182754"}],"wp:term":[{"taxonomy":"category","embeddable":true,"href":"https:\/\/www.europesays.com\/fr\/wp-json\/wp\/v2\/categories?post=182754"},{"taxonomy":"post_tag","embeddable":true,"href":"https:\/\/www.europesays.com\/fr\/wp-json\/wp\/v2\/tags?post=182754"}],"curies":[{"name":"wp","href":"https:\/\/api.w.org\/{rel}","templated":true}]}}