{"id":182756,"date":"2025-06-17T07:08:11","date_gmt":"2025-06-17T07:08:11","guid":{"rendered":"https:\/\/www.europesays.com\/fr\/182756\/"},"modified":"2025-06-17T07:08:11","modified_gmt":"2025-06-17T07:08:11","slug":"le-conclave-sur-les-retraites-sacheve-et-francois-bayrou-voit-la-menace-dune-censure-seloigner","status":"publish","type":"post","link":"https:\/\/www.europesays.com\/fr\/182756\/","title":{"rendered":"Le conclave sur les retraites s\u2019ach\u00e8ve et Fran\u00e7ois Bayrou voit la menace d\u2019une censure s\u2019\u00e9loigner"},"content":{"rendered":"<p>        <img decoding=\"async\" loading=\"lazy\" src=\"https:\/\/www.europesays.com\/fr\/wp-content\/uploads\/2025\/06\/e6916ec_upload-1-uwq0q2bz4gk7-000-629p9em.jpg\"  width=\"728\" height=\"409\" alt=\"Six mois apr\u00e8s sa convocation, le conclave sur les retraites vit ses derni\u00e8res heures avec pour objectif de conclure sur un accord, comme le souhaite le Premier ministre.(Photo by GABRIEL BOUYS \/ AFP)\"\/>  <\/p>\n<p>GABRIEL BOUYS \/ AFP<\/p>\n<p>Six mois apr\u00e8s sa convocation, le conclave sur les retraites vit ses derni\u00e8res heures avec pour objectif de conclure sur un accord, comme le souhaite le Premier ministre.(Photo by GABRIEL BOUYS \/ AFP)<\/p>\n<p>      <strong>EN BREF<\/strong> <strong>\u2022 <\/strong>Ce mardi 17\u00a0juin marque la fin th\u00e9orique du conclave sur les retraites annonc\u00e9 par Fran\u00e7ois Bayrou dans son discours de politique g\u00e9n\u00e9rale.<br \/><strong>\u2022 <\/strong>M\u00eame si un recul sur l\u2019\u00e2ge de d\u00e9part \u00e0 la retraite para\u00eet hypoth\u00e9tique, le Premier ministre semble assur\u00e9 de passer l\u2019\u00e9t\u00e9.<br \/><strong>\u2022 <\/strong>Alors que le PS h\u00e9site encore sur l\u2019opportunit\u00e9 de le censurer, le RN n\u2019imagine pas le faire sur la seule question des retraites.                         <\/p>\n<p class=\"asset asset-text\">POLITIQUE &#8211; Fum\u00e9e blanche\u00a0? Apr\u00e8s des mois de discussions, de portes claqu\u00e9es et de mesures abandonn\u00e9es, patronat et syndicats doivent parvenir \u00e0 un accord, mardi 17\u00a0juin, dernier jour officiel du <a href=\"https:\/\/www.huffingtonpost.fr\/politique\/article\/en-plein-conclave-sur-les-retraites-le-cor-recommande-de-relever-l-age-de-depart_251055.html\" rel=\"nofollow noopener\" target=\"_blank\">\u00ab\u00a0conclave\u00a0\u00bb sur les retraites<\/a>. Un conciliabule convoqu\u00e9 par <a href=\"https:\/\/www.huffingtonpost.fr\/politique\/video\/sur-le-budget-le-gouvernement-bayrou-multiplie-les-ballons-d-essai-et-on-n-y-comprend-rien_251302.html\" rel=\"nofollow noopener\" target=\"_blank\">Fran\u00e7ois Bayrou<\/a> qui a fait mine de remettre la derni\u00e8re <a href=\"https:\/\/www.huffingtonpost.fr\/politique\/article\/l-assemblee-nationale-se-prononce-pour-la-premiere-fois-contre-la-reforme-des-retraites_250966.html\" rel=\"nofollow noopener\" target=\"_blank\">r\u00e9forme des retraites<\/a> sur la table, de quoi s\u2019assurer quelques mois de r\u00e9pit \u00e0 la t\u00eate du gouvernement.<\/p>\n<p class=\"asset asset-text\">Souvenez-vous, l\u2019hiver dernier\u00a0: le 14\u00a0janvier, dans son discours de politique g\u00e9n\u00e9rale, le Premier ministre place en haut de la liste de ses priorit\u00e9s, les retraites. Un appel du pied aux socialistes, pourtant pr\u00eats \u00e0 d\u00e9gainer la censure, comme pour Michel Barnier un mois plus t\u00f4t.<\/p>\n<p class=\"asset asset-text\">\u00c0 l\u2019\u00e9poque, Fran\u00e7ois Bayrou promet \u00ab\u00a0une discussion sans tabou, pas m\u00eame l\u2019\u00e2ge de la retraite\u00a0\u00bb, assortie d\u2019une loi au Parlement en cas d\u2019accord, de quoi s\u00e9duire les d\u00e9put\u00e9s \u00e0 la rose. Ajout\u00e9e \u00e0 quelques <a href=\"https:\/\/www.huffingtonpost.fr\/politique\/article\/motion-de-censure-comment-olivier-faure-justifie-le-refus-du-ps-de-renverser-le-gouvernement-bayrou_245739.html\" rel=\"nofollow noopener\" target=\"_blank\">concessions suppl\u00e9mentaires<\/a>, la proposition fait mouche\u00a0: les socialistes s\u2019abstiennent, Fran\u00e7ois Bayrou \u00e9chappe \u00e0 la censure sur le budget.<\/p>\n<p class=\"asset asset-text\">Six mois plus tard, le Premier ministre anticipe un accord et assure qu\u2019un \u00ab\u00a0chemin existe\u00a0\u00bb entre les partenaires sociaux. \u00c0 la veille de la cl\u00f4ture du conclave (il est m\u00eame pr\u00eat \u00e0 donner quelques jours suppl\u00e9mentaire), le Premier ministre a par ailleurs ajout\u00e9 sa pierre \u00e0 l\u2019\u00e9difice depuis le salon du Bourget en annon\u00e7ant avoir propos\u00e9 aux participants \u00ab\u00a0l\u2019id\u00e9e\u00a0\u00bb d\u2019une \u00ab\u00a0prime\u00a0\u00bb pour les salari\u00e9s seniors qui \u00ab\u00a0d\u00e9cident de rester au travail\u00a0\u00bb, en leur versant \u00ab\u00a0une partie de (leur) retraite en plus de (leur) salaire\u00a0\u00bb.<\/p>\n<p>    Le PS divis\u00e9, Bayrou peut souffler    <\/p>\n<p class=\"asset asset-text\">Mais quel que soit le chemin, la destination ne satisfera de toute fa\u00e7on pas la gauche. D\u2019abord, parce que Fran\u00e7ois Bayrou a tr\u00e8s vite rappel\u00e9 la n\u00e9cessit\u00e9 de pr\u00e9server l\u2019\u00e9quilibre financier du syst\u00e8me des retraites, et mis le hol\u00e0 sur <a href=\"https:\/\/www.huffingtonpost.fr\/politique\/article\/conclave-des-retraites-le-medef-inflexible-sur-l-age-de-depart-mais-propose-des-amenagements_251179.html\" rel=\"nofollow noopener\" target=\"_blank\">l\u2019\u00e2ge l\u00e9gal de d\u00e9part<\/a> \u00e0 la retraite. Puis, parce que la CGT, FO et U2P ont tour \u00e0 tour quitt\u00e9 la table des n\u00e9gociations.<\/p>\n<p class=\"asset asset-text\">De quoi le censurer\u00a0? Pas si s\u00fbr. Si les derniers survivants du conclave &#8211; dont la CFDT &#8211; arrivent \u00e0 trouver les bases d\u2019un accord, et proposent des am\u00e9liorations, la marche \u00e0 suivre ensuite divise le PS.<\/p>\n<p class=\"asset asset-text\">Ceux qui militent co\u00fbte que co\u00fbte pour un retour \u00e0 l\u2019\u00e2ge l\u00e9gal \u00e0 62\u00a0ans sont pr\u00eats \u00e0 faire tomber Bayrou dans la foul\u00e9e, quand les autres, pr\u00e9f\u00e8rent prendre ce qui a de bon \u00e0 prendre et l\u00e9gif\u00e9rer sur les bases de l\u2019accord. \u00ab\u00a0Bayrou doit comprendre que nous ne sommes pas son assurance vie\u00a0\u00bb, a martel\u00e9 le premier secr\u00e9taire Olivier Faure, le week-end dernier depuis le congr\u00e8s du PS \u00e0 Nancy.<\/p>\n<p class=\"asset asset-text\">\u00ab\u00a0L\u2019\u00e2ge\u00a0[de d\u00e9part]\u00a0n\u2019est pas l\u2019alpha et l\u2019om\u00e9ga il faut prendre en compte tous les param\u00e8tres, dur\u00e9e de cotisation, p\u00e9nibilit\u00e9\u2026\u00a0\u00bb, estime au contraire Kamel Chibli, proche de la pr\u00e9sidente d\u2019Occitanie Carole Delga aupr\u00e8s du <a href=\"https:\/\/www.nouvelobs.com\/politique\/20250615.OBS104976\/si-bayrou-se-parjure-le-ps-face-au-dilemme-de-la-censure.html\" target=\"_blank\" rel=\"noopener nofollow\" title=\"Nouvelle fen\u00eatre\">Nouvel Obs<\/a>. Des divergences qui pourraient amener les socialistes \u00e0 repousser leur menace \u00e0 l\u2019automne, \u00e0 l\u2019occasion des discussions budg\u00e9taires.<\/p>\n<p>    L\u2019automne de tous les dangers    <\/p>\n<p class=\"asset asset-text\">Surtout, quand bien m\u00eame elle serait unie, la gauche seule ne peut pas renverser Fran\u00e7ois Bayrou. Il faut, comme ce fut le cas \u00e0 l\u2019automne 2024, que le Rassemblement national se joigne \u00e0 la motion de censure. Or ce n\u2019est pas son intention pour le moment.<\/p>\n<p class=\"asset asset-text\">Interrog\u00e9 sur RTL ce lundi 16\u00a0juin, le pr\u00e9sident du parti Jordan Bardella a indiqu\u00e9 que les d\u00e9put\u00e9s RN ne feront certainement pas chuter le Premier ministre sur la seule question des retraites. \u00ab\u00a0Le moment de v\u00e9rit\u00e9 pour la censure, \u00e7a va \u00eatre le budget\u00a0\u00bb, a estim\u00e9 Jordan Bardella. De quoi donner encore quelques mois de sursis \u00e0 Fran\u00e7ois Bayrou, avant un automne qui promet d\u2019\u00eatre des plus risqu\u00e9s.<\/p>\n","protected":false},"excerpt":{"rendered":"GABRIEL BOUYS \/ AFP Six mois apr\u00e8s sa convocation, le conclave sur les retraites vit ses derni\u00e8res heures&hellip;\n","protected":false},"author":2,"featured_media":182757,"comment_status":"","ping_status":"","sticky":false,"template":"","format":"standard","meta":{"footnotes":""},"categories":[2],"tags":[11,13175,1011,27,431,12,316,11036],"class_list":{"0":"post-182756","1":"post","2":"type-post","3":"status-publish","4":"format-standard","5":"has-post-thumbnail","7":"category-actualites","8":"tag-actualites","9":"tag-conclave","10":"tag-fr","11":"tag-france","12":"tag-francois-bayrou","13":"tag-news","14":"tag-politique","15":"tag-reforme-des-retraites"},"share_on_mastodon":{"url":"https:\/\/pubeurope.com\/@fr\/114697450568577749","error":""},"_links":{"self":[{"href":"https:\/\/www.europesays.com\/fr\/wp-json\/wp\/v2\/posts\/182756","targetHints":{"allow":["GET"]}}],"collection":[{"href":"https:\/\/www.europesays.com\/fr\/wp-json\/wp\/v2\/posts"}],"about":[{"href":"https:\/\/www.europesays.com\/fr\/wp-json\/wp\/v2\/types\/post"}],"author":[{"embeddable":true,"href":"https:\/\/www.europesays.com\/fr\/wp-json\/wp\/v2\/users\/2"}],"replies":[{"embeddable":true,"href":"https:\/\/www.europesays.com\/fr\/wp-json\/wp\/v2\/comments?post=182756"}],"version-history":[{"count":0,"href":"https:\/\/www.europesays.com\/fr\/wp-json\/wp\/v2\/posts\/182756\/revisions"}],"wp:featuredmedia":[{"embeddable":true,"href":"https:\/\/www.europesays.com\/fr\/wp-json\/wp\/v2\/media\/182757"}],"wp:attachment":[{"href":"https:\/\/www.europesays.com\/fr\/wp-json\/wp\/v2\/media?parent=182756"}],"wp:term":[{"taxonomy":"category","embeddable":true,"href":"https:\/\/www.europesays.com\/fr\/wp-json\/wp\/v2\/categories?post=182756"},{"taxonomy":"post_tag","embeddable":true,"href":"https:\/\/www.europesays.com\/fr\/wp-json\/wp\/v2\/tags?post=182756"}],"curies":[{"name":"wp","href":"https:\/\/api.w.org\/{rel}","templated":true}]}}