{"id":18276,"date":"2025-04-11T21:15:18","date_gmt":"2025-04-11T21:15:18","guid":{"rendered":"https:\/\/www.europesays.com\/fr\/18276\/"},"modified":"2025-04-11T21:15:18","modified_gmt":"2025-04-11T21:15:18","slug":"les-produits-chinois-vont-ils-inonder-leurope","status":"publish","type":"post","link":"https:\/\/www.europesays.com\/fr\/18276\/","title":{"rendered":"Les produits chinois vont-ils inonder l\u2019Europe ?"},"content":{"rendered":"<p class=\"articleHead-lead\">\n            Alors que Donald Trump s&rsquo;est lanc\u00e9 dans une v\u00e9ritable guerre commerciale, notamment contre la Chine, les entreprises chinoises pourraient \u00eatre tent\u00e9es de chercher de nouveaux d\u00e9bouch\u00e9s pour leurs produits en inondant le march\u00e9 europ\u00e9en. Une d\u00e9ferlante loin d&rsquo;\u00eatre nouvelle mais qui pourrait avoir pour cons\u00e9quence de fragiliser l&rsquo;industrie europ\u00e9enne.\n        <\/p>\n<ul class=\"articleMainFollow-list\">\n<li class=\"articleMainFollow-item\">\n<p>                        Sauvegarder<\/p>\n<p>                        Sauvegard\u00e9<\/p>\n<\/li>\n<li class=\"articleMainFollow-item\">\n<\/li>\n<\/ul>\n<p>\n                    Recevoir les alertes Commerce\n                <\/p>\n<p>C\u2019est sans doute l\u2019une des cons\u00e9quences majeures de la <a href=\"https:\/\/www.capital.fr\/economie-politique\/guerre-commerciale-donald-trump-a-t-il-commis-le-plus-grand-delit-dinitie-de-lhistoire-1511526\" rel=\"nofollow noopener\" target=\"_blank\">guerre commerciale<\/a> d\u00e9clar\u00e9e par Donald Trump. Alors que le <a href=\"https:\/\/www.capital.fr\/economie-politique\/droits-de-douane-en-24-heures-donald-trump-retourne-la-table-1511499\" rel=\"nofollow noopener\" target=\"_blank\">pr\u00e9sident am\u00e9ricain<\/a> a annonc\u00e9 la mise en place de <strong>nouveaux droits de douane \u00e0 l\u2019encontre de nombreux pays du globe<\/strong>, <a href=\"https:\/\/www.capital.fr\/entreprises-marches\/chine-etats-unis-vers-un-clash-economique-mondial-1511552\" rel=\"nofollow noopener\" target=\"_blank\">la Chine<\/a>, qui est particuli\u00e8rement vis\u00e9e avec des <strong>taxes punitives fix\u00e9es \u00e0 145 %<\/strong>, pourrait \u00eatre tent\u00e9e de se tourner vers le march\u00e9 europ\u00e9en en se cherchant de nouveaux d\u00e9bouch\u00e9s.<\/p>\n<p>Ainsi, le risque de voir un <strong>afflux important de produits chinois<\/strong> inonder le Vieux Continent ne fait gu\u00e8re de doute. Les biens chinois ne trouvant plus d\u2019acheteurs aux \u00c9tats-Unis, ces derniers pourraient \u00eatre redirig\u00e9s vers le march\u00e9 europ\u00e9en. Une d\u00e9ferlante qui est pourtant d\u00e9j\u00e0 arriv\u00e9e en Europe ces derni\u00e8res ann\u00e9es. Et pour cause. L\u2019an pass\u00e9, alors que <strong>4,6 milliards<\/strong> de colis sont entr\u00e9s sur le march\u00e9 europ\u00e9en, neuf sur dix provenaient de Chine. Avec <strong>4,8 milliards<\/strong> de colis, les plateformes Temu et Shein repr\u00e9sentent m\u00eame aujourd\u2019hui deux tiers des colis trait\u00e9s par la Poste. \u00abOn est en train de se faire piller par les Chinois\u00bb, a ainsi alert\u00e9 l\u2019ancien ministre du Commerce, Yves J\u00e9go, sur le plateau de <a href=\"https:\/\/www.bfmtv.com\/economie\/consommation\/guerre-commerciale-la-chine-va-t-elle-rediriger-son-surplus-de-marchandises-vers-l-europe_AV-202504110488.html\" target=\"_blank\" rel=\"nofollow noopener\">BFMTV<\/a>.<\/p>\n<p>        \u00c0 lire aussi :<br \/>\n        <a class=\"articleToRead-link\" href=\"https:\/\/www.capital.fr\/entreprises-marches\/droits-de-douane-les-entreprises-francaises-vont-elles-trinquer-des-ce-mercredi-1511440\" data-wide=\"\" rel=\"nofollow noopener\" target=\"_blank\"><br \/>\n            Droits de douane : Fran\u00e7ois Bayrou d\u00e9nonce les \u00abtremblements de terre\u00bb cr\u00e9\u00e9s par Donald Trump<br \/>\n        <\/a><\/p>\n<p>Un prix en baisse pour le consommateur<\/p>\n<p>Cette <strong>offensive commerciale<\/strong> men\u00e9e par la Chine devrait toutefois avoir un impact sur le porte-monnaie des consommateurs. En effet, alors que l\u2019Empire du Milieu continue son offensive \u00e0 bas co\u00fbts, le consommateur devrait \u00e0 court terme voir les prix conna\u00eetre <strong>une nette baisse<\/strong> \u00abavec davantage de promotions\u00bb, explique Thomas M\u00e9tivier, le PDG de Cdiscount, acteur fran\u00e7ais du e-commerce.<\/p>\n<p>En outre, la Chine pourrait \u00e9galement \u00eatre tent\u00e9e de <strong>tirer les prix vers le bas<\/strong> par le biais d\u2019une pratique dont elle est coutumi\u00e8re, \u00e0 savoir <strong>le dumping<\/strong>, c\u2019est-\u00e0-dire vendre sur les march\u00e9s ext\u00e9rieurs des produits \u00e0 des prix inf\u00e9rieurs \u00e0 ceux du march\u00e9 national. \u00abL\u2019\u00e9l\u00e9ment dangereux ce sont des strat\u00e9gies de dumping, sur les \u00e9oliennes, le photovolta\u00efque, l\u2019aluminium, et l\u00e0 vous \u00eates dans une concurrence totalement d\u00e9loyale\u00bb, explique Thomas M\u00e9tivier. Pouss\u00e9 \u00e0 l\u2019extr\u00eame, cette configuration pourrait continuer de <strong>fragiliser certains secteurs<\/strong>, \u00e0 commencer par celui du tissu industriel europ\u00e9en. \u00abSi l&rsquo;on prend toujours l&rsquo;exemple du textile, on importe des produits \u00e0 faible marge, sans valeur ajout\u00e9e, et surtout sans aucune valeur strat\u00e9gique pour lesquels on n&rsquo;a pas de concurrence directe. \u00c0 l&rsquo;inverse, on exporte vers la Chine des produits de luxe qui co\u00fbtent cher, la France n&rsquo;est donc pas perdante !\u00bb, fait ainsi savoir Michael Troege, professeur de finance \u00e0 l\u2019ESCP Business School. Et d&rsquo;ajouter : \u00abCe qu&rsquo;il faut c&rsquo;est une strat\u00e9gie industrielle diff\u00e9renci\u00e9e en fonction de nos secteurs strat\u00e9giques.\u00bb<\/p>\n<p>        Recevez nos derni\u00e8res news<\/p>\n<p>        Chaque matin, <b>l&rsquo;essentiel de l&rsquo;actualit\u00e9 CAPITAL<\/b>.<\/p>\n","protected":false},"excerpt":{"rendered":"Alors que Donald Trump s&rsquo;est lanc\u00e9 dans une v\u00e9ritable guerre commerciale, notamment contre la Chine, les entreprises chinoises&hellip;\n","protected":false},"author":2,"featured_media":18277,"comment_status":"","ping_status":"","sticky":false,"template":"","format":"standard","meta":{"footnotes":""},"categories":[1586],"tags":[11,215,1777,674,1011,27,1074,12,25,2475],"class_list":{"0":"post-18276","1":"post","2":"type-post","3":"status-publish","4":"format-standard","5":"has-post-thumbnail","7":"category-europe","8":"tag-actualites","9":"tag-commerce","10":"tag-eu","11":"tag-europe","12":"tag-fr","13":"tag-france","14":"tag-guerre-commerciale","15":"tag-news","16":"tag-republique-francaise","17":"tag-union-europu00e9enne"},"share_on_mastodon":{"url":"https:\/\/pubeurope.com\/@fr\/114321406303660169","error":""},"_links":{"self":[{"href":"https:\/\/www.europesays.com\/fr\/wp-json\/wp\/v2\/posts\/18276","targetHints":{"allow":["GET"]}}],"collection":[{"href":"https:\/\/www.europesays.com\/fr\/wp-json\/wp\/v2\/posts"}],"about":[{"href":"https:\/\/www.europesays.com\/fr\/wp-json\/wp\/v2\/types\/post"}],"author":[{"embeddable":true,"href":"https:\/\/www.europesays.com\/fr\/wp-json\/wp\/v2\/users\/2"}],"replies":[{"embeddable":true,"href":"https:\/\/www.europesays.com\/fr\/wp-json\/wp\/v2\/comments?post=18276"}],"version-history":[{"count":0,"href":"https:\/\/www.europesays.com\/fr\/wp-json\/wp\/v2\/posts\/18276\/revisions"}],"wp:featuredmedia":[{"embeddable":true,"href":"https:\/\/www.europesays.com\/fr\/wp-json\/wp\/v2\/media\/18277"}],"wp:attachment":[{"href":"https:\/\/www.europesays.com\/fr\/wp-json\/wp\/v2\/media?parent=18276"}],"wp:term":[{"taxonomy":"category","embeddable":true,"href":"https:\/\/www.europesays.com\/fr\/wp-json\/wp\/v2\/categories?post=18276"},{"taxonomy":"post_tag","embeddable":true,"href":"https:\/\/www.europesays.com\/fr\/wp-json\/wp\/v2\/tags?post=18276"}],"curies":[{"name":"wp","href":"https:\/\/api.w.org\/{rel}","templated":true}]}}