{"id":182766,"date":"2025-06-17T07:13:10","date_gmt":"2025-06-17T07:13:10","guid":{"rendered":"https:\/\/www.europesays.com\/fr\/182766\/"},"modified":"2025-06-17T07:13:10","modified_gmt":"2025-06-17T07:13:10","slug":"a-toulon-le-logement-dans-tous-ses-etats-et-en-campagne","status":"publish","type":"post","link":"https:\/\/www.europesays.com\/fr\/182766\/","title":{"rendered":"\u00c0 Toulon, le logement dans tous ses \u00e9tats et en campagne"},"content":{"rendered":"\n<p>Alors que les candidatures se pr\u00e9cisent pour la bataille de 2026, Toulon en Commun, tr\u00e8s en avance sur ce calendrier-l\u00e0, continue de tisser patiemment des liens avec les Toulonnais en multipliant les conf\u00e9rences-d\u00e9bats th\u00e9matiques. Apr\u00e8s les mobilit\u00e9s et la culture, place aujourd\u2019hui \u00e0 un autre grand d\u00e9fi auxquels sont confront\u00e9es les collectivit\u00e9s qu\u2019est celui de r\u00e9pondre aux besoins en logements de leurs populations. Avec des carences en ce domaine qui ont des effets d\u00e9l\u00e9t\u00e8res sur les locataires tant au niveau du montant de leurs loyers que sur leur niveau d\u2019exigence, les contraignant parfois \u00e0 accepter des logements indignes ou inadapt\u00e9s.<\/p>\n<p>Pour aborder ce sujet sous un autre angle, Toulon en Commun fait appel aux exp\u00e9riences innovantes men\u00e9es ailleurs avec succ\u00e8s. Le principe \u00e9tant de \u00ab\u00a0s\u2019appuyer sur les r\u00e9ussites d\u2019autres villes pour \u00e9laborer en commun des mesures qui am\u00e9lioreront la vie des Toulonnais\u00a0\u00bb, comme le rappelle celle \u00e0 qui il va revenir la responsabilit\u00e9 de mener la liste de la gauche unie et des \u00e9cologistes Magali Brunel (PS).<\/p>\n<p> Des exp\u00e9riences inspirantes\n              <\/p>\n<p>Avec, au centre de la r\u00e9flexion les obstacles \u00e0 d\u00e9passer pour faire baisser les loyers, construire du logement social et lutter tout \u00e0 la fois contre les abus des plateformes de location saisonni\u00e8re et des propri\u00e9taires ind\u00e9licats prosp\u00e9rant sur la mis\u00e8re. Comment agir efficacement contre l\u2019habitat indigne et les habitats d\u00e9grad\u00e9s des grandes copropri\u00e9t\u00e9s priv\u00e9es comme celle de Pontcarral\u00a0?<\/p>\n<p>Pour apporter des pistes, on retrouvera donc par exemple aux c\u00f4t\u00e9s des \u00e9lus de Toulon en Commun, Audrey Gatian, adjointe (PS) \u00e0 la mairie de Marseille en charge de la politique de la ville et pr\u00e9sidente de Marseille Habitat.<\/p>\n<p>Mais aussi Barbara Gomes (PCF), conseill\u00e8re municipale \u00e0 la mairie de Paris en charge de l\u2019encadrement des loyers, des plateformes locatives et de la protection des locataires. Des \u00e9clairages qui pourront \u00eatre inspirants et ouvrir le champ des possibles, m\u00eame si l\u2019on sait que les exp\u00e9riences ne sont pas toujours aussi facilement transposables d\u2019un territoire \u00e0 l\u2019autre.<\/p>\n","protected":false},"excerpt":{"rendered":"Alors que les candidatures se pr\u00e9cisent pour la bataille de 2026, Toulon en Commun, tr\u00e8s en avance sur&hellip;\n","protected":false},"author":2,"featured_media":182767,"comment_status":"","ping_status":"","sticky":false,"template":"","format":"standard","meta":{"footnotes":""},"categories":[9619],"tags":[1111,11,1777,674,1011,27,3434,12,882,25,2310],"class_list":{"0":"post-182766","1":"post","2":"type-post","3":"status-publish","4":"format-standard","5":"has-post-thumbnail","7":"category-toulon","8":"tag-actu","9":"tag-actualites","10":"tag-eu","11":"tag-europe","12":"tag-fr","13":"tag-france","14":"tag-municipales-2026","15":"tag-news","16":"tag-provence-alpes-cote-dazur","17":"tag-republique-francaise","18":"tag-toulon"},"share_on_mastodon":{"url":"https:\/\/pubeurope.com\/@fr\/114697470171998845","error":""},"_links":{"self":[{"href":"https:\/\/www.europesays.com\/fr\/wp-json\/wp\/v2\/posts\/182766","targetHints":{"allow":["GET"]}}],"collection":[{"href":"https:\/\/www.europesays.com\/fr\/wp-json\/wp\/v2\/posts"}],"about":[{"href":"https:\/\/www.europesays.com\/fr\/wp-json\/wp\/v2\/types\/post"}],"author":[{"embeddable":true,"href":"https:\/\/www.europesays.com\/fr\/wp-json\/wp\/v2\/users\/2"}],"replies":[{"embeddable":true,"href":"https:\/\/www.europesays.com\/fr\/wp-json\/wp\/v2\/comments?post=182766"}],"version-history":[{"count":0,"href":"https:\/\/www.europesays.com\/fr\/wp-json\/wp\/v2\/posts\/182766\/revisions"}],"wp:featuredmedia":[{"embeddable":true,"href":"https:\/\/www.europesays.com\/fr\/wp-json\/wp\/v2\/media\/182767"}],"wp:attachment":[{"href":"https:\/\/www.europesays.com\/fr\/wp-json\/wp\/v2\/media?parent=182766"}],"wp:term":[{"taxonomy":"category","embeddable":true,"href":"https:\/\/www.europesays.com\/fr\/wp-json\/wp\/v2\/categories?post=182766"},{"taxonomy":"post_tag","embeddable":true,"href":"https:\/\/www.europesays.com\/fr\/wp-json\/wp\/v2\/tags?post=182766"}],"curies":[{"name":"wp","href":"https:\/\/api.w.org\/{rel}","templated":true}]}}