{"id":182778,"date":"2025-06-17T07:23:16","date_gmt":"2025-06-17T07:23:16","guid":{"rendered":"https:\/\/www.europesays.com\/fr\/182778\/"},"modified":"2025-06-17T07:23:16","modified_gmt":"2025-06-17T07:23:16","slug":"au-rheu-on-a-fete-les-cinquante-de-jumelage-avec-grasbrunn","status":"publish","type":"post","link":"https:\/\/www.europesays.com\/fr\/182778\/","title":{"rendered":"Au Rheu, on a f\u00eat\u00e9 les cinquante de jumelage avec Grasbrunn"},"content":{"rendered":"<p>Pour f\u00eater les 50\u00a0ans de l\u2019amiti\u00e9 entre<a href=\"https:\/\/www.ouest-france.fr\/bretagne\/le-rheu-35650\/\" target=\"_blank\" rel=\"noopener\"> Le Rheu <\/a>(Ille-et-Vilaine) et Grasbrunn, en Allemagne, les Bavarois sont venus en Bretagne durant le week-end de la Pentec\u00f4te.<\/p>\n<p>Paulette Missonnier, une pionni\u00e8re<\/p>\n<p>\u00c9lue rheusoise, entre\u00a01971 et\u00a01989, Paulette Missonnier. \u00a0Une femme pionni\u00e8re qui a montr\u00e9 la voie de l\u2019\u00e9galit\u00e9 femme-homme. Elle a \u00e9t\u00e9 \u00e0 l\u2019origine du jumelage et l\u2019a marqu\u00e9 de son empreinte\u00a0\u00bb,a soulign\u00e9 Chantal P\u00e9tard-Voisin, la maire du Rheu. Paulette Missonnier a \u00e9t\u00e9 \u00e9paul\u00e9e par deux \u00e9tudiantes. \u00ab\u00a0<strong>N<\/strong> ous \u00e9tions en terminale en 1973. Je suis all\u00e9e chez les parents de Cornelia en vacances, \u00e0 Grasbrunn. La Ville cherchait un jumelage\u00a0\u00bb, racontent Fran\u00e7oise Missonnier et Cornelia Mirow. C\u2019est ainsi que l\u2019id\u00e9e du jumelage est n\u00e9e et les maires l\u2019ont mis en acte. \u00a0Ce jumelage est un symbole de paix\u00a0\u00bb, reconnaissent les trois filles de Paulette Missonnier. La municipalit\u00e9 rheusoise a d\u00e9cid\u00e9 de lui d\u00e9dier une rue dans le nouveau quartier de la Tr\u00e9meli\u00e8re. \u00a0Elle m\u00e9rite sa place dans ce quartier avec d\u2019autres noms de femmes\u00a0, a expliqu\u00e9 la maire. \u00a0Ce geste nous touche profond\u00e9ment\u00a0\u00bb, ont r\u00e9agi Sylvie, Fran\u00e7oise et Odile Missonnier.<\/p>\n<p>Cinquante\u00a0ans et apr\u00e8s\u2026\u00a0?<\/p>\n<p>Pour la cinquantaine de personnes venues de Grasbrunn <strong>\u00ab\u00a0ces quatre jours ont d\u00e9fil\u00e9 \u00e0 toute vitesse\u00a0\u00bb<\/strong>, ont relat\u00e9 Guena\u00eblle Savre-Piou et Alexandra Puscher, copr\u00e9sidentes du jumelage pour Grasbrunn. D\u2019autres ont soulign\u00e9 la beaut\u00e9 du Mont-Saint-Michel (Manche). \u00a0Cinquante\u00a0ans de jumelage, ce sont des s\u00e9jours dans nos deux communes\u2026 De belles rencontres et m\u00eame un mariage, la d\u00e9couverte d\u2019une cuisine diff\u00e9rente\u2026 Mais aussi des points communs comme la danse\u2026\u00a0 , a r\u00e9sum\u00e9 Marie-Paule Renard, pr\u00e9sidente rheusoise.  \u00a0C\u2019est un grand plaisir de voir la gaiet\u00e9 de tout le monde\u00a0 , a confi\u00e9 Marie Andr\u00e9e Henry, qui fut pr\u00e9sidente pendant 20\u00a0ans.<\/p>\n<p>D\u00e9sormais, l\u2019enjeu \u00a0est de mobiliser la jeunesse\u00a0\u00bb,a reconnu Guena\u00eblle Savre-Piou pour Grasbrunn. \u00c0 l\u2019occasion de la visite du Mont-Saint-Michel, la d\u00e9l\u00e9gation a fait un d\u00e9tour par le Mont d\u2019Huisnes (Manche). \u00ab\u00a0<strong>Cet ossuaire du Mont d\u2019Huisnes est l\u2019unique mausol\u00e9e militaire Allemand en France, il est g\u00e9r\u00e9 par l\u2019association nationale Allemande<\/strong> <strong>Volksbund\u00a0\u00bb<\/strong>, a expliqu\u00e9 Guy Quartier, vice-pr\u00e9sident de la F\u00e9d\u00e9ration des acteurs franco-allemands.<\/p>\n<p>\u00a0C\u2019est aussi dans cet ossuaire qu\u2019une plaque en m\u00e9moire d\u2019Harti Schmiedel, pilote Allemand dont l\u2019avion s\u2019\u00e9tait crash\u00e9 sur la commune du Rheu en juin\u00a01944, est appos\u00e9e\u00a0 a rappel\u00e9 Marie-Paule Renard de la F\u00e9d\u00e9ration des acteurs franco-allemands.<\/p>\n<p>\u00a0<\/p>\n","protected":false},"excerpt":{"rendered":"Pour f\u00eater les 50\u00a0ans de l\u2019amiti\u00e9 entre Le Rheu (Ille-et-Vilaine) et Grasbrunn, en Allemagne, les Bavarois sont venus&hellip;\n","protected":false},"author":2,"featured_media":182779,"comment_status":"","ping_status":"","sticky":false,"template":"","format":"standard","meta":{"footnotes":""},"categories":[2821],"tags":[1111,11,829,1777,674,4768,1011,27,32079,3547,12,3086,584,25,9578],"class_list":{"0":"post-182778","1":"post","2":"type-post","3":"status-publish","4":"format-standard","5":"has-post-thumbnail","7":"category-rennes","8":"tag-actu","9":"tag-actualites","10":"tag-bretagne","11":"tag-eu","12":"tag-europe","13":"tag-fete","14":"tag-fr","15":"tag-france","16":"tag-grasbrunn","17":"tag-jumelage","18":"tag-news","19":"tag-redon","20":"tag-rennes","21":"tag-republique-francaise","22":"tag-rheu"},"share_on_mastodon":{"url":"https:\/\/pubeurope.com\/@fr\/114697509606004539","error":""},"_links":{"self":[{"href":"https:\/\/www.europesays.com\/fr\/wp-json\/wp\/v2\/posts\/182778","targetHints":{"allow":["GET"]}}],"collection":[{"href":"https:\/\/www.europesays.com\/fr\/wp-json\/wp\/v2\/posts"}],"about":[{"href":"https:\/\/www.europesays.com\/fr\/wp-json\/wp\/v2\/types\/post"}],"author":[{"embeddable":true,"href":"https:\/\/www.europesays.com\/fr\/wp-json\/wp\/v2\/users\/2"}],"replies":[{"embeddable":true,"href":"https:\/\/www.europesays.com\/fr\/wp-json\/wp\/v2\/comments?post=182778"}],"version-history":[{"count":0,"href":"https:\/\/www.europesays.com\/fr\/wp-json\/wp\/v2\/posts\/182778\/revisions"}],"wp:featuredmedia":[{"embeddable":true,"href":"https:\/\/www.europesays.com\/fr\/wp-json\/wp\/v2\/media\/182779"}],"wp:attachment":[{"href":"https:\/\/www.europesays.com\/fr\/wp-json\/wp\/v2\/media?parent=182778"}],"wp:term":[{"taxonomy":"category","embeddable":true,"href":"https:\/\/www.europesays.com\/fr\/wp-json\/wp\/v2\/categories?post=182778"},{"taxonomy":"post_tag","embeddable":true,"href":"https:\/\/www.europesays.com\/fr\/wp-json\/wp\/v2\/tags?post=182778"}],"curies":[{"name":"wp","href":"https:\/\/api.w.org\/{rel}","templated":true}]}}