{"id":182782,"date":"2025-06-17T07:25:10","date_gmt":"2025-06-17T07:25:10","guid":{"rendered":"https:\/\/www.europesays.com\/fr\/182782\/"},"modified":"2025-06-17T07:25:10","modified_gmt":"2025-06-17T07:25:10","slug":"le-tribunal-administratif-de-strasbourg-autorise-le-confinement-des-dechets-a-wittelsheim","status":"publish","type":"post","link":"https:\/\/www.europesays.com\/fr\/182782\/","title":{"rendered":"le tribunal administratif de Strasbourg autorise le confinement des d\u00e9chets \u00e0 Wittelsheim"},"content":{"rendered":"<p class=\"xsm-p\">Les juges ont consid\u00e9r\u00e9 qu\u2019\u00ab\u00a0au vu des \u00e9tudes techniques convergentes qui lui ont \u00e9t\u00e9 soumises et au terme d\u2019un bilan environnemental, le d\u00e9stockage \u2013 total ou partiel \u2013 des d\u00e9chets n\u2019\u00e9tait plus r\u00e9alisable dans des conditions acceptables de s\u00e9curit\u00e9 pour le personnel et de risques pour l\u2019environnement\u00a0\u00bb.<\/p>\n<p class=\"xsm-p\">Dans un communiqu\u00e9, le tribunal pr\u00e9cise avoir \u00ab\u00a0notamment relev\u00e9 que les technologies robotiques envisag\u00e9es par les requ\u00e9rants, qui constituent seulement des aides \u00e0 la surveillance du stockage g\u00e9ologique profond, ne pouvaient donc pas servir \u00e0 des op\u00e9rations complexes de d\u00e9stockage\u00a0\u00bb.<\/p>\n<p class=\"xsm-p\">\u00ab\u00a0D\u00e8s lors que le d\u00e9stockage n\u2019est plus possible, seul le confinement d\u00e9finitif, consistant notamment \u00e0 construire des barri\u00e8res en b\u00e9ton autour des blocs contenant les d\u00e9chets et \u00e0 remblayer les puits y donnant acc\u00e8s de mani\u00e8re \u00e0 assurer une \u00e9tanch\u00e9it\u00e9, constitue en l\u2019\u00e9tat des techniques disponibles, la mesure la plus susceptible de pr\u00e9server l\u2019environnement \u00e0 court, moyen et long termes et, ainsi, le droit des g\u00e9n\u00e9rations futures\u00a0\u00bb, pr\u00e9cise le tribunal administratif de Strasbourg.<\/p>\n<p class=\"xsm-p\">Enfin, le TA rappelle, dans son jugement, que \u00ab\u00a0la l\u00e9galit\u00e9 de l\u2019arr\u00eat\u00e9 en litige devait s\u2019appr\u00e9cier au regard de l\u2019\u00e9tat actuellement d\u00e9grad\u00e9 des infrastructures et des \u00e9ventuelles possibilit\u00e9s de d\u00e9stockage des d\u00e9chets, et que les carences av\u00e9r\u00e9es dans la gestion et l\u2019entretien de la mine par le pass\u00e9 \u00e9taient sans incidence pour la solution du litige\u00a0\u00bb.<\/p>\n<p>  \u00ab\u00a0La question n\u2019est pas ce qui aurait pu \u00eatre fait mais ce qui doit \u00eatre fait aujourd\u2019hui\u2026\u00a0\u00bb<\/p>\n<p>Les juges ont suivi l\u2019avis du rapporteur public qui, le 16\u00a0mai, avait demand\u00e9 la confirmation de <a href=\"https:\/\/www.lalsace.fr\/economie\/2024\/02\/16\/stocamine-le-tribunal-administratif-de-strasbourg-desavoue-par-le-conseil-d-etat\" target=\"_blank\" rel=\"noopener\">l\u2019arr\u00eat du Conseil d\u2019\u00c9tat du 16\u00a0f\u00e9vrier 2024<\/a>, notamment au vu de la situation des galeries mini\u00e8res en fond de mine \u00e0 Wittelsheim.<\/p>\n<p><a href=\"https:\/\/www.lalsace.fr\/economie\/2025\/05\/15\/stocamine-la-piste-du-stockage-definitif-marque-un-point-au-tribunal-administratif\" target=\"_blank\" rel=\"noopener\">Lors de l\u2019audience<\/a>, Alexandre Therre avait rejet\u00e9 m\u00e9thodiquement les \u00e9l\u00e9ments pr\u00e9sent\u00e9s par Alsace Nature, la CEA, l\u2019association CLCV pour obtenir l\u2019annulation, sur le fond, de l\u2019arr\u00eat\u00e9 pr\u00e9fectoral du 28\u00a0septembre 2023.<\/p>\n<p>\u00ab\u00a0La question n\u2019est pas ce qui aurait pu \u00eatre fait mais ce qui doit \u00eatre fait aujourd\u2019hui\u2026 Mes conclusions d\u2019aujourd\u2019hui auraient probablement \u00e9t\u00e9 diff\u00e9rentes il y a quelques ann\u00e9es\u00a0\u00bb, avait indiqu\u00e9 le rapporteur public, consid\u00e9rant que \u00ab\u00a0le risque d\u2019effondrement \u00e0 br\u00e8ve \u00e9ch\u00e9ance des galeries emp\u00eache de r\u00e9aliser des travaux en toute s\u00e9curit\u00e9, au-del\u00e0 d\u2019une p\u00e9riode de quelques ann\u00e9es, cette p\u00e9riode \u00e9tant notamment trop courte pour envisager l\u2019option du d\u00e9stockage int\u00e9gral des d\u00e9chets\u2026\u00a0\u00bb<\/p>\n<p>\u00ab\u00a0Au terme d\u2019un bilan consistant \u00e0 peser les avantages et les inconv\u00e9nients des options possibles en termes de risques d\u2019atteintes \u00e0 l\u2019environnement\u00a0\u00bb, le rapporteur public s\u2019\u00e9tait prononc\u00e9 en faveur du confinement d\u00e9finitif des d\u00e9chets. Il a donc \u00e9t\u00e9 suivi par le tribunal administratif.<\/p>\n","protected":false},"excerpt":{"rendered":"Les juges ont consid\u00e9r\u00e9 qu\u2019\u00ab\u00a0au vu des \u00e9tudes techniques convergentes qui lui ont \u00e9t\u00e9 soumises et au terme&hellip;\n","protected":false},"author":2,"featured_media":182783,"comment_status":"","ping_status":"","sticky":false,"template":"","format":"standard","meta":{"footnotes":""},"categories":[2820],"tags":[1111,11,2389,6084,33,1636,436,1777,674,107,1011,27,329,775,1637,693,12,1800,25,30914,104,640,216,30913],"class_list":{"0":"post-182782","1":"post","2":"type-post","3":"status-publish","4":"format-standard","5":"has-post-thumbnail","7":"category-strasbourg","8":"tag-actu","9":"tag-actualites","10":"tag-alsace","11":"tag-droit","12":"tag-economie","13":"tag-edition-mulhouse-thann","14":"tag-environnement","15":"tag-eu","16":"tag-europe","17":"tag-fil-info","18":"tag-fr","19":"tag-france","20":"tag-france-monde","21":"tag-grand-est","22":"tag-haut-rhin","23":"tag-industrie","24":"tag-news","25":"tag-pollution","26":"tag-republique-francaise","27":"tag-secteur-de-cernay","28":"tag-societe","29":"tag-strasbourg","30":"tag-vie-des-entreprises","31":"tag-wittelsheim"},"share_on_mastodon":{"url":"https:\/\/pubeurope.com\/@fr\/114697517341568900","error":""},"_links":{"self":[{"href":"https:\/\/www.europesays.com\/fr\/wp-json\/wp\/v2\/posts\/182782","targetHints":{"allow":["GET"]}}],"collection":[{"href":"https:\/\/www.europesays.com\/fr\/wp-json\/wp\/v2\/posts"}],"about":[{"href":"https:\/\/www.europesays.com\/fr\/wp-json\/wp\/v2\/types\/post"}],"author":[{"embeddable":true,"href":"https:\/\/www.europesays.com\/fr\/wp-json\/wp\/v2\/users\/2"}],"replies":[{"embeddable":true,"href":"https:\/\/www.europesays.com\/fr\/wp-json\/wp\/v2\/comments?post=182782"}],"version-history":[{"count":0,"href":"https:\/\/www.europesays.com\/fr\/wp-json\/wp\/v2\/posts\/182782\/revisions"}],"wp:featuredmedia":[{"embeddable":true,"href":"https:\/\/www.europesays.com\/fr\/wp-json\/wp\/v2\/media\/182783"}],"wp:attachment":[{"href":"https:\/\/www.europesays.com\/fr\/wp-json\/wp\/v2\/media?parent=182782"}],"wp:term":[{"taxonomy":"category","embeddable":true,"href":"https:\/\/www.europesays.com\/fr\/wp-json\/wp\/v2\/categories?post=182782"},{"taxonomy":"post_tag","embeddable":true,"href":"https:\/\/www.europesays.com\/fr\/wp-json\/wp\/v2\/tags?post=182782"}],"curies":[{"name":"wp","href":"https:\/\/api.w.org\/{rel}","templated":true}]}}