{"id":182784,"date":"2025-06-17T07:26:09","date_gmt":"2025-06-17T07:26:09","guid":{"rendered":"https:\/\/www.europesays.com\/fr\/182784\/"},"modified":"2025-06-17T07:26:09","modified_gmt":"2025-06-17T07:26:09","slug":"ancien-de-ligue-2-gregory-thil-integre-la-direction-du-rc-strasbourg","status":"publish","type":"post","link":"https:\/\/www.europesays.com\/fr\/182784\/","title":{"rendered":"Ancien de Ligue 2 &#8211; Gr\u00e9gory Thil int\u00e8gre la direction du RC Strasbourg"},"content":{"rendered":"<p>En cette p\u00e9riode de mercato estival, les clubs fran\u00e7ais s\u2019\u00e9changent presque autant de dirigeants que de joueurs. <strong>Strasbourg<\/strong> se devait de recruter un nouveau directeur du recrutement, apr\u00e8s le d\u00e9part de Lo\u00efc D\u00e9sir\u00e9 vers le Stade Rennais. C\u2019est chose faite d\u2019apr\u00e8s le pr\u00e9sident du club alsacien, Marc Keller, de passage au micro de <a href=\"https:\/\/rmcsport.bfmtv.com\/football\/ligue-1\/transferts\/strasbourg-keller-juge-possible-le-recrutement-d-un-crack-de-chelsea-pendant-le-mercato_AV-202506160875.html\" rel=\"nofollow noopener\" target=\"_blank\">RMC<\/a> lundi soir.<\/p>\n<p>\u00c0 lire aussi &gt;&gt;\u00a0<a href=\"https:\/\/maligue2.fr\/2025\/06\/16\/n1-caen-change-de-directeur-du-centre-de-formation\/\" rel=\"nofollow noopener\" target=\"_blank\">N1 \u2013 Caen change de directeur du centre de formation<\/a><\/p>\n<p>Ce dernier a annonc\u00e9 la signature du contrat de l\u2019ancien attaquant de Boulogne-sur-Mer, <strong>Gr\u00e9gory<\/strong> <strong>Thil<\/strong> (meilleur buteur de Ligue 2 en 2009). Ce dernier avait quitt\u00e9 il y a quelques mois le poste du directeur technique du Racing Club de Lens. \u00ab On cherchait un responsable de la cellule recrutement fran\u00e7ais et qui a aussi un \u0153il tr\u00e8s affin\u00e9. Lo\u00efc D\u00e9sir\u00e9 \u00e9tait tr\u00e8s important pour nous et son remplacement par Gr\u00e9gory nous donne aussi un poste tr\u00e8s important qu\u2019il fallait remplir \u00bb, indique Marc Keller.<\/p>\n","protected":false},"excerpt":{"rendered":"En cette p\u00e9riode de mercato estival, les clubs fran\u00e7ais s\u2019\u00e9changent presque autant de dirigeants que de joueurs. Strasbourg&hellip;\n","protected":false},"author":2,"featured_media":182785,"comment_status":"","ping_status":"","sticky":false,"template":"","format":"standard","meta":{"footnotes":""},"categories":[2820],"tags":[30280,1111,11,23611,1777,674,1011,27,775,32082,12,25,640],"class_list":{"0":"post-182784","1":"post","2":"type-post","3":"status-publish","4":"format-standard","5":"has-post-thumbnail","7":"category-strasbourg","8":"tag-alaune3","9":"tag-actu","10":"tag-actualites","11":"tag-boulogne","12":"tag-eu","13":"tag-europe","14":"tag-fr","15":"tag-france","16":"tag-grand-est","17":"tag-gregory-thil","18":"tag-news","19":"tag-republique-francaise","20":"tag-strasbourg"},"share_on_mastodon":{"url":"https:\/\/pubeurope.com\/@fr\/114697521303941461","error":""},"_links":{"self":[{"href":"https:\/\/www.europesays.com\/fr\/wp-json\/wp\/v2\/posts\/182784","targetHints":{"allow":["GET"]}}],"collection":[{"href":"https:\/\/www.europesays.com\/fr\/wp-json\/wp\/v2\/posts"}],"about":[{"href":"https:\/\/www.europesays.com\/fr\/wp-json\/wp\/v2\/types\/post"}],"author":[{"embeddable":true,"href":"https:\/\/www.europesays.com\/fr\/wp-json\/wp\/v2\/users\/2"}],"replies":[{"embeddable":true,"href":"https:\/\/www.europesays.com\/fr\/wp-json\/wp\/v2\/comments?post=182784"}],"version-history":[{"count":0,"href":"https:\/\/www.europesays.com\/fr\/wp-json\/wp\/v2\/posts\/182784\/revisions"}],"wp:featuredmedia":[{"embeddable":true,"href":"https:\/\/www.europesays.com\/fr\/wp-json\/wp\/v2\/media\/182785"}],"wp:attachment":[{"href":"https:\/\/www.europesays.com\/fr\/wp-json\/wp\/v2\/media?parent=182784"}],"wp:term":[{"taxonomy":"category","embeddable":true,"href":"https:\/\/www.europesays.com\/fr\/wp-json\/wp\/v2\/categories?post=182784"},{"taxonomy":"post_tag","embeddable":true,"href":"https:\/\/www.europesays.com\/fr\/wp-json\/wp\/v2\/tags?post=182784"}],"curies":[{"name":"wp","href":"https:\/\/api.w.org\/{rel}","templated":true}]}}