{"id":182790,"date":"2025-06-17T07:29:17","date_gmt":"2025-06-17T07:29:17","guid":{"rendered":"https:\/\/www.europesays.com\/fr\/182790\/"},"modified":"2025-06-17T07:29:17","modified_gmt":"2025-06-17T07:29:17","slug":"lassociation-lgbtqia-condamne-programmer-au-hellfest-un-tueur-dhomosexuel-cest","status":"publish","type":"post","link":"https:\/\/www.europesays.com\/fr\/182790\/","title":{"rendered":"L\u2019association LGBTQIA\u00a0+\u00a0condamne\u00a0: \u00ab\u00a0Programmer au Hellfest un tueur d\u2019homosexuel, c\u2019est"},"content":{"rendered":"<p><strong>\u00ab\u00a0Je ne suis pas navr\u00e9, je suis en col\u00e8re\u00a0!\u00a0\u00bb<\/strong> Au t\u00e9l\u00e9phone, Victor Martin se contient. Le secr\u00e9taire de l\u2019association LGBTQIA +\u00a0(1) du Vignoble nantais Qui Nous Aime Nous Suive a d\u00e9couvert <strong>\u00ab\u00a0avec \u00e9motion\u00a0\u00bb<\/strong> le r\u00e9cent article de <a href=\"https:\/\/www.mediapart.fr\/\" target=\"_self\" rel=\"nofollow noopener\">M\u00e9diapart<\/a>\u00a0qui r\u00e9v\u00e9lait la venue au Hellfest, le 21\u00a0juin, du batteur B\u00e5rd Eithun au sein du groupe Blood Fire Death. Et, \u00e0 la veille du d\u00e9marrage du festival de metal, ce jeudi 19 juin, il a d\u00e9cid\u00e9 de d\u00e9noncer publiquement la situation\u00a0: <a href=\"https:\/\/nantes.maville.com\/actu\/actudet_-hellfest-2025-ces-profils-qui-font-tache-dans-la-programmation-du-festival-_8-6852389_actu.Htm\" target=\"_self\" rel=\"nofollow noopener\">en 1992, cet artiste norv\u00e9gien, 18\u00a0ans \u00e0 l\u2019\u00e9poque, tuait\u00a0de trente-sept coups de couteau un homosexuel qui lui aurait \u00ab\u00a0fait des avances\u00a0\u00bb.<\/a><\/p>\n<p><strong>\u00ab\u00a0Cet homme a \u00e9t\u00e9 condamn\u00e9 et a purg\u00e9 sa peine, mais sa venue au festival est une insulte \u00e0 toutes les personnes victimes d\u2019actes anti-LGBTQIA +\u00a0\u00bb,<\/strong> affirme Victor Martin. Qui enfonce le clou en visant le patron du Hellfest\u00a0:<strong> \u00ab\u00a0Ben Barbaud dit qu\u2019il fait de la musique, pas de la politique. Mais il donne sa vision de la soci\u00e9t\u00e9 \u00e0 travers cette programmation\u00a0: il fait le choix de mettre dans la lumi\u00e8re quelqu\u2019un qui a tu\u00e9 un homme. Pourtant dans le metal, il y a plein d\u2019artistes tr\u00e8s engag\u00e9s pour les droits de tous. En 2025, autre chose entre en jeu que l\u2019amour de la musique, qui ne justifie pas tout\u00a0!\u00a0\u00bb<\/strong><\/p>\n<p>\u00ab\u00a0Nous demandons des excuses publiques du Hellfest\u00a0\u00bb<\/p>\n<p>Qui Nous Aime Nous Suive\u00a0demande <strong>\u00ab\u00a0la d\u00e9programmation de B\u00e5rd Eithun, les excuses du Hellfest et la condamnation de ce choix par les partenaires du festival, notamment les collectivit\u00e9s publiques\u00a0\u00bb.<\/strong> L\u2019association pointe aussi la contradiction avec les principes affich\u00e9s du Hellcare, le dispositif de pr\u00e9vention des risques et de lutte contre les discriminations mis en place par le festival\u00a0: <strong>\u00ab\u00a0Qui peut croire que les personnes LGBTQIA +\u00a0puissent se sentir en s\u00e9curit\u00e9 dans un festival mettant sur sc\u00e8ne le meurtrier d\u2019une personne homosexuelle\u00a0?\u00a0\u00bb<\/strong><\/p>\n<p>Interrog\u00e9, le Hellfest n\u2019a pas souhait\u00e9 s\u2019exprimer ce lundi 16\u00a0juin. On se souvient que, lors du bilan de l\u2019\u00e9dition 2024 du festival, Ben Barbaud confiait \u00e0 Ouest-France\u00a0:<a href=\"https:\/\/nantes.maville.com\/actu\/actudet_-pour-ben-barbaud-aujourd-hui-le-hellfest-est-attendu-sur-des-faits-de-societe-_52716-6361363_actu.Htm\" target=\"_self\" rel=\"nofollow noopener\"> \u00ab\u00a0Aujourd\u2019hui, le Hellfest est devenu un festival d\u2019une telle ampleur qu\u2019on nous attend sur des sujets de soci\u00e9t\u00e9, comme l\u2019environnement ou les violences sexistes et sexuelles.\u00a0\u00bb<\/a><\/p>\n<p>(1) Qui d\u00e9fend les droits des personnes lesbiennes, gays, bisexuelles, transgenres, queer, agenre ou en questionnement.<\/p>\n<p>\u00a0<\/p>\n","protected":false},"excerpt":{"rendered":"\u00ab\u00a0Je ne suis pas navr\u00e9, je suis en col\u00e8re\u00a0!\u00a0\u00bb Au t\u00e9l\u00e9phone, Victor Martin se contient. Le secr\u00e9taire de&hellip;\n","protected":false},"author":2,"featured_media":182791,"comment_status":"","ping_status":"","sticky":false,"template":"","format":"standard","meta":{"footnotes":""},"categories":[2818],"tags":[1111,11,4077,8652,1777,674,1011,27,16501,32084,21095,766,12,2636,316,32083,25,19611],"class_list":{"0":"post-182790","1":"post","2":"type-post","3":"status-publish","4":"format-standard","5":"has-post-thumbnail","7":"category-nantes","8":"tag-actu","9":"tag-actualites","10":"tag-association","11":"tag-condamne","12":"tag-eu","13":"tag-europe","14":"tag-fr","15":"tag-france","16":"tag-hellfest","17":"tag-homosexuel","18":"tag-lgbtqia","19":"tag-nantes","20":"tag-news","21":"tag-pays-de-la-loire","22":"tag-politique","23":"tag-programmer","24":"tag-republique-francaise","25":"tag-tueur"},"share_on_mastodon":{"url":"https:\/\/pubeurope.com\/@fr\/114697533044808120","error":""},"_links":{"self":[{"href":"https:\/\/www.europesays.com\/fr\/wp-json\/wp\/v2\/posts\/182790","targetHints":{"allow":["GET"]}}],"collection":[{"href":"https:\/\/www.europesays.com\/fr\/wp-json\/wp\/v2\/posts"}],"about":[{"href":"https:\/\/www.europesays.com\/fr\/wp-json\/wp\/v2\/types\/post"}],"author":[{"embeddable":true,"href":"https:\/\/www.europesays.com\/fr\/wp-json\/wp\/v2\/users\/2"}],"replies":[{"embeddable":true,"href":"https:\/\/www.europesays.com\/fr\/wp-json\/wp\/v2\/comments?post=182790"}],"version-history":[{"count":0,"href":"https:\/\/www.europesays.com\/fr\/wp-json\/wp\/v2\/posts\/182790\/revisions"}],"wp:featuredmedia":[{"embeddable":true,"href":"https:\/\/www.europesays.com\/fr\/wp-json\/wp\/v2\/media\/182791"}],"wp:attachment":[{"href":"https:\/\/www.europesays.com\/fr\/wp-json\/wp\/v2\/media?parent=182790"}],"wp:term":[{"taxonomy":"category","embeddable":true,"href":"https:\/\/www.europesays.com\/fr\/wp-json\/wp\/v2\/categories?post=182790"},{"taxonomy":"post_tag","embeddable":true,"href":"https:\/\/www.europesays.com\/fr\/wp-json\/wp\/v2\/tags?post=182790"}],"curies":[{"name":"wp","href":"https:\/\/api.w.org\/{rel}","templated":true}]}}