{"id":182792,"date":"2025-06-17T07:30:17","date_gmt":"2025-06-17T07:30:17","guid":{"rendered":"https:\/\/www.europesays.com\/fr\/182792\/"},"modified":"2025-06-17T07:30:17","modified_gmt":"2025-06-17T07:30:17","slug":"945-me-dinvestissements-confirmes-au-conseil-municipal-de-nantes-en-2024","status":"publish","type":"post","link":"https:\/\/www.europesays.com\/fr\/182792\/","title":{"rendered":"94,5 M\u20ac d\u2019investissements confirm\u00e9s au conseil municipal de Nantes en 2024"},"content":{"rendered":"<p>En pr\u00e9lude \u00e0 ce conseil municipal, la maire Johanna Rolland (PS) a pr\u00e9sent\u00e9 une partie des diff\u00e9rents dossiers qui seront d\u00e9battus. La solidarit\u00e9, la petite enfance, la restauration scolaire, les budgets participatifs, la place de l\u2019animal dans la ville\u2026 occuperont une part importante, tout comme le compte administratif. Le niveau d\u2019investissement est de 94,5 &#8230;<\/p>\n<p>\u00a0<\/p>\n","protected":false},"excerpt":{"rendered":"En pr\u00e9lude \u00e0 ce conseil municipal, la maire Johanna Rolland (PS) a pr\u00e9sent\u00e9 une partie des diff\u00e9rents dossiers&hellip;\n","protected":false},"author":2,"featured_media":182793,"comment_status":"","ping_status":"","sticky":false,"template":"","format":"standard","meta":{"footnotes":""},"categories":[2818],"tags":[6542,9638,16271,1111,11,32085,7516,1777,674,1011,27,2554,7517,766,12,2636,25],"class_list":{"0":"post-182792","1":"post","2":"type-post","3":"status-publish","4":"format-standard","5":"has-post-thumbnail","7":"category-nantes","8":"tag-6542","9":"tag-9638","10":"tag-16271","11":"tag-actu","12":"tag-actualites","13":"tag-confirmes","14":"tag-conseil","15":"tag-eu","16":"tag-europe","17":"tag-fr","18":"tag-france","19":"tag-investissements","20":"tag-municipal","21":"tag-nantes","22":"tag-news","23":"tag-pays-de-la-loire","24":"tag-republique-francaise"},"share_on_mastodon":{"url":"https:\/\/pubeurope.com\/@fr\/114697537016715351","error":""},"_links":{"self":[{"href":"https:\/\/www.europesays.com\/fr\/wp-json\/wp\/v2\/posts\/182792","targetHints":{"allow":["GET"]}}],"collection":[{"href":"https:\/\/www.europesays.com\/fr\/wp-json\/wp\/v2\/posts"}],"about":[{"href":"https:\/\/www.europesays.com\/fr\/wp-json\/wp\/v2\/types\/post"}],"author":[{"embeddable":true,"href":"https:\/\/www.europesays.com\/fr\/wp-json\/wp\/v2\/users\/2"}],"replies":[{"embeddable":true,"href":"https:\/\/www.europesays.com\/fr\/wp-json\/wp\/v2\/comments?post=182792"}],"version-history":[{"count":0,"href":"https:\/\/www.europesays.com\/fr\/wp-json\/wp\/v2\/posts\/182792\/revisions"}],"wp:featuredmedia":[{"embeddable":true,"href":"https:\/\/www.europesays.com\/fr\/wp-json\/wp\/v2\/media\/182793"}],"wp:attachment":[{"href":"https:\/\/www.europesays.com\/fr\/wp-json\/wp\/v2\/media?parent=182792"}],"wp:term":[{"taxonomy":"category","embeddable":true,"href":"https:\/\/www.europesays.com\/fr\/wp-json\/wp\/v2\/categories?post=182792"},{"taxonomy":"post_tag","embeddable":true,"href":"https:\/\/www.europesays.com\/fr\/wp-json\/wp\/v2\/tags?post=182792"}],"curies":[{"name":"wp","href":"https:\/\/api.w.org\/{rel}","templated":true}]}}