{"id":182808,"date":"2025-06-17T07:39:08","date_gmt":"2025-06-17T07:39:08","guid":{"rendered":"https:\/\/www.europesays.com\/fr\/182808\/"},"modified":"2025-06-17T07:39:08","modified_gmt":"2025-06-17T07:39:08","slug":"quelle-fin-daventure-pour-la-lyonnaise-mallaury","status":"publish","type":"post","link":"https:\/\/www.europesays.com\/fr\/182808\/","title":{"rendered":"quelle fin d\u2019aventure pour la lyonnaise Mallaury ?"},"content":{"rendered":"<p itemprop=\"description\"><strong>Clap de fin ce lundi soir pour la saison 9 de l\u2019\u00e9mission de M6.<\/strong><\/p>\n<p>Qui est toujours en couple ? Qui ne l\u2019est plus ? Les t\u00e9l\u00e9spectateurs ont pu d\u00e9couvrir ce lundi soir le bilan final de la saison 9 de Mari\u00e9s au premier regard.\u00a0<\/p>\n<p>Il s\u2019agissait notamment de prendre des nouvelles de <strong>Mallaury<\/strong>, aide-soignante en psychiatrie \u00e0 Lyon. Cette derni\u00e8re avait dit \u00ab\u00a0oui\u00a0\u00bb \u00e0 <strong>M\u00e9lanie<\/strong>, une \u00e9ducatrice de 34 ans, marquant l\u2019aventure de l\u2019\u00e9mission en devenant <a href=\"https:\/\/www.lyonfemmes.com\/article\/251707\/une-candidate-lyonnaise-lance-un-defi-pas-comme-les-autres-aux-expertes-de-l-emission-maries-au-premier-regard-sur-m6\" target=\"_blank\" rel=\"noopener\">la premi\u00e8re candidate bisexuelle<\/a> de Mari\u00e9s au premier regard.\u00a0<\/p>\n<p>Les deux femmes \u00e9taient parties en voyage de noces \u00e0 Avil\u00e9s, en Espagne. Mallaury esp\u00e9rait se rapprocher de son \u00e9pouse. En vain. \u00ab\u00a0J\u2019entends encore une fois qu\u2019elle pr\u00e9f\u00e8re prendre son temps. (\u2026) Il faut qu\u2019on devienne un vrai couple. On ne s\u2019est pas mari\u00e9es pour devenir des amies\u00a0\u00bb, expliquait la Lyonnaise de 29 ans. La suite de l\u2019aventure n\u2019a pas \u00e9t\u00e9 plus probante pour les deux femmes ; M\u00e9lanie ayant m\u00eame annonc\u00e9 par t\u00e9l\u00e9phone \u00e0 Mallaury son intention d\u2019arr\u00eater l\u2019aventure\u2026<\/p>\n<p>Lors du bilan final, c\u2019est donc sans surprise que le couple a d\u00e9clar\u00e9 vouloir divorcer. \u00ab\u00a0Je suis quelqu\u2019un qui a besoin de ressentir certaines choses et le temps me permet de savoir ce que je ressens. (&#8230;) Il y a un sujet sur lequel c\u2019est compliqu\u00e9. Je n\u2019arrive pas, je n\u2019ai pas ce sentiment d\u2019avoir envie d\u2019aller vers Mallaury (&#8230;) Je n\u2019avais pas ce petit interrupteur qui me donnait le truc, tu vois ?\u00a0\u00bb, se justifiait M\u00e9lanie. \u00ab\u00a0Pour moi, ce petit truc, \u00e7a se cr\u00e9e. Ne serait-ce que se tenir la main, s\u2019embrasser, se voir en dehors de ce contexte. Pour moi, un mariage, ce n\u2019est pas un rencard lambda. Tu te bats pour un mariage\u00a0\u00bb, a r\u00e9pondu Mallaury.<\/p>\n<p>De quoi d\u00e9cevoir les expertes de Mari\u00e9s au premier regard qui n\u2019ont pas manqu\u00e9 de faire part de leur frustration. \u00ab\u00a0Vous \u00eates, je pense, depuis le temps que je fais cette exp\u00e9rience, peut-\u00eatre ma plus grande d\u00e9ception. Je vais quand m\u00eame vous faire un petit c\u00e2lin. Mais je vous en veux \u00e0 mort quand m\u00eame\u00a0\u00bb, a estim\u00e9 <strong>Estelle Dossin<\/strong>.<\/p>\n<p>Ce lundi soir, Mallaury a \u00e9galement tenu \u00e0 s\u2019exprimer sur ses r\u00e9seaux sociaux mettant en avant \u00ab\u00a0une exp\u00e9rience intense et inoubliable\u00a0\u00bb.<\/p>\n<blockquote class=\"instagram-media\" style=\"background: #FFF; border: 0; border-radius: 3px; box-shadow: 0 0 1px 0 rgba(0,0,0,0.5),0 1px 10px 0 rgba(0,0,0,0.15); margin: 1px; max-width: 540px; min-width: 326px; padding: 0; width: calc(100% - 2px);\" data-instgrm-captioned=\"\" data-instgrm-permalink=\"https:\/\/www.instagram.com\/p\/DK-e_-PIIRY\/?utm_source=ig_embed&amp;utm_campaign=loading\" data-instgrm-version=\"14\"><p>&#13;<br \/>\n&#13;\n<\/p><\/blockquote>\n<p>\t\t  <script async src=\"\/\/www.instagram.com\/embed.js\"><\/script><\/p>\n","protected":false},"excerpt":{"rendered":"Clap de fin ce lundi soir pour la saison 9 de l\u2019\u00e9mission de M6. Qui est toujours en&hellip;\n","protected":false},"author":2,"featured_media":182809,"comment_status":"","ping_status":"","sticky":false,"template":"","format":"standard","meta":{"footnotes":""},"categories":[1889],"tags":[1111,11,2813,2190,2430,1109,251,1112,2811,1777,674,118,1294,4651,1011,27,1922,1110,1114,2428,4903,4902,12,241,316,25,2812,517,800],"class_list":{"0":"post-182808","1":"post","2":"type-post","3":"status-publish","4":"format-standard","5":"has-post-thumbnail","7":"category-lyon","8":"tag-actu","9":"tag-actualites","10":"tag-article","11":"tag-asvel","12":"tag-auvergne-rhone-alpes","13":"tag-breves","14":"tag-culture","15":"tag-depeches","16":"tag-economique","17":"tag-eu","18":"tag-europe","19":"tag-faits-divers","20":"tag-femme","21":"tag-femmes","22":"tag-fr","23":"tag-france","24":"tag-info","25":"tag-informations","26":"tag-infos","27":"tag-lyon","28":"tag-lyonfemme","29":"tag-lyonfemmes","30":"tag-news","31":"tag-ol","32":"tag-politique","33":"tag-republique-francaise","34":"tag-sociale","35":"tag-sport","36":"tag-transports"},"share_on_mastodon":{"url":"https:\/\/pubeurope.com\/@fr\/114697572489725604","error":""},"_links":{"self":[{"href":"https:\/\/www.europesays.com\/fr\/wp-json\/wp\/v2\/posts\/182808","targetHints":{"allow":["GET"]}}],"collection":[{"href":"https:\/\/www.europesays.com\/fr\/wp-json\/wp\/v2\/posts"}],"about":[{"href":"https:\/\/www.europesays.com\/fr\/wp-json\/wp\/v2\/types\/post"}],"author":[{"embeddable":true,"href":"https:\/\/www.europesays.com\/fr\/wp-json\/wp\/v2\/users\/2"}],"replies":[{"embeddable":true,"href":"https:\/\/www.europesays.com\/fr\/wp-json\/wp\/v2\/comments?post=182808"}],"version-history":[{"count":0,"href":"https:\/\/www.europesays.com\/fr\/wp-json\/wp\/v2\/posts\/182808\/revisions"}],"wp:featuredmedia":[{"embeddable":true,"href":"https:\/\/www.europesays.com\/fr\/wp-json\/wp\/v2\/media\/182809"}],"wp:attachment":[{"href":"https:\/\/www.europesays.com\/fr\/wp-json\/wp\/v2\/media?parent=182808"}],"wp:term":[{"taxonomy":"category","embeddable":true,"href":"https:\/\/www.europesays.com\/fr\/wp-json\/wp\/v2\/categories?post=182808"},{"taxonomy":"post_tag","embeddable":true,"href":"https:\/\/www.europesays.com\/fr\/wp-json\/wp\/v2\/tags?post=182808"}],"curies":[{"name":"wp","href":"https:\/\/api.w.org\/{rel}","templated":true}]}}