{"id":182812,"date":"2025-06-17T07:41:09","date_gmt":"2025-06-17T07:41:09","guid":{"rendered":"https:\/\/www.europesays.com\/fr\/182812\/"},"modified":"2025-06-17T07:41:09","modified_gmt":"2025-06-17T07:41:09","slug":"notre-classement-2025-des-meilleures-maternites-de-paris-et-dile-de-france","status":"publish","type":"post","link":"https:\/\/www.europesays.com\/fr\/182812\/","title":{"rendered":"Notre classement 2025 des meilleures maternit\u00e9s de Paris et d\u2019\u00cele-de-France"},"content":{"rendered":"<p><strong>PALMAR\u00c8S EXCLUSIF \u2013<\/strong> Nous avons class\u00e9 les maternit\u00e9s de Paris et sa r\u00e9gion selon une batterie de crit\u00e8res\u00a0: taux de c\u00e9sarienne et d\u2019\u00e9pisiotomie, ateliers sp\u00e9cialis\u00e9s, disponibilit\u00e9 du personnel, note de satisfaction\u2026 D\u00e9couvrez le classement de r\u00e9f\u00e9rence pour les futures mamans.<\/p>\n<p class=\"fig-paragraph\">Comment choisir une bonne\u00a0<a href=\"http:\/\/www.lefigaro.fr\/sciences\/notre-classement-2024-des-meilleures-maternites-de-paris-et-d-ile-de-france-20240415\" target=\"_blank\" data-fig-type=\"Article\" rel=\"noopener nofollow\" data-gtm-custom-categorie=\"navigation\" data-gtm-custom-action=\"crossclick\" data-gtm-custom-label=\"Contextuel\" data-gtm-event=\"customEventSPE\" data-fig-domain=\"LEFIGARO\">maternit\u00e9<\/a>\u00a0? Si le bouche-\u00e0-oreille peut parfois aider, il peut \u00eatre risqu\u00e9 de faire pleinement confiance aux recommandations de coll\u00e8gues et d\u2019amis. Ce qui convient \u00e0 une\u00a0<a href=\"http:\/\/sante.lefigaro.fr\/medecine\/comment-la-grossesse-chamboule-la-physiologie-de-la-future-mere-et-pourquoi-elle-ne-redevient-jamais-vraiment-elle-meme-20250326\" target=\"_blank\" data-fig-type=\"Article\" rel=\"noopener nofollow\" data-gtm-custom-categorie=\"navigation\" data-gtm-custom-action=\"crossclick\" data-gtm-custom-label=\"Contextuel\" data-gtm-event=\"customEventSPE\" data-fig-domain=\"SANTE\">future maman<\/a>\u00a0peut ne pas correspondre \u00e0 l\u2019autre. D\u00e8s lors, comment s\u2019assurer qu\u2019un \u00e9tablissement soit le bon\u00a0? Pourra-t-il prendre en charge une grossesse compliqu\u00e9e\u00a0? Comment interpr\u00e9ter les taux de c\u00e9sarienne, d\u2019\u00e9pisiotomie et autres indicateurs m\u00e9dicaux\u00a0?<\/p>\n<p class=\"fig-paragraph\">Pour la\u00a0<a href=\"http:\/\/www.lefigaro.fr\/sciences\/notre-classement-2022-des-meilleures-maternites-d-ile-de-france-20220509\" target=\"_blank\" data-fig-type=\"Article\" rel=\"noopener nofollow\" data-gtm-custom-categorie=\"navigation\" data-gtm-custom-action=\"crossclick\" data-gtm-custom-label=\"Contextuel\" data-gtm-event=\"customEventSPE\" data-fig-domain=\"LEFIGARO\">quatri\u00e8me ann\u00e9e cons\u00e9cutive<\/a>, nous avons obtenu des donn\u00e9es souvent in\u00e9dites et habituellement non communiqu\u00e9es par les \u00e9tablissements, qui refl\u00e8tent la qualit\u00e9 du suivi de la grossesse et de la pratique m\u00e9dicale au sein de chaque\u00a0<a href=\"http:\/\/www.lefigaro.fr\/sciences\/notre-classement-des-meilleures-maternites-de-paris-et-d-ile-de-france-20230510\" target=\"_blank\" data-fig-type=\"Article\" rel=\"noopener nofollow\" data-gtm-custom-categorie=\"navigation\" data-gtm-custom-action=\"crossclick\" data-gtm-custom-label=\"Contextuel\" data-gtm-event=\"customEventSPE\" data-fig-domain=\"LEFIGARO\">maternit\u00e9<\/a>. Consultations et ateliers sp\u00e9cialis\u00e9s, personnel disponible, taux de c\u00e9sarienne et d\u2019\u00e9pisiotomie, satisfaction\u2026 D\u00e9couvrez quels sont les \u00e9tablissements les mieux not\u00e9s et toutes les informations \u00e0 conna\u00eetre.<\/p>\n<p class=\"fig-premium-paywall__infos\">\n        Cet article est r\u00e9serv\u00e9 aux abonn\u00e9s.        Il vous reste 90% \u00e0 d\u00e9couvrir.\n    <\/p>\n<p>                <img  data- alt=\"Le Figaro\" class=\"fig-img--complete fig-img\"\/><\/p>\n<p class=\"fig-premium-paywall__title\">Vente Flash<\/p>\n<p class=\"fig-premium-paywall__subtitle\">3,99\u20ac par mois pendant 12 mois. Sans engagement.<\/p>\n<p class=\"fig-premium-paywall__connect\">\n                D\u00e9j\u00e0 abonn\u00e9\u00a0?                <a class=\"fig-premium-paywall__connect-link\" href=\"https:\/\/connect.lefigaro.fr\/login?client=horizon_web&amp;type=main&amp;redirect_uri=https%3A%2F%2Fwww.lefigaro.fr%2Fsciences%2Fnotre-classement-2025-des-meilleures-maternites-de-paris-et-d-ile-de-france-20250617\" data-js-gtm=\"{&quot;customCategorie&quot;: &quot;conversion&quot;, &quot;customAction&quot;: &quot;before_Landing_Connexion_paywall_manuel&quot;, &quot;customLabel&quot;: &quot;bGVmaWdhcm8uZnJfXzFmMDRhOTVlLWFhNzktNmVmYy05YzdlLTFiZWY4ZDIwMDUyMl9fQXJ0aWNsZQ==_Notre classement 2025 des meilleures maternit\u00e9s de Paris et d\u2019\u00cele-de-France_1149&quot;, &quot;customIDSPE&quot;: &quot;bGVmaWdhcm8uZnJfXzFmMDRhOTVlLWFhNzktNmVmYy05YzdlLTFiZWY4ZDIwMDUyMl9fQXJ0aWNsZQ==&quot;, &quot;event&quot;: &quot;customEventSPE&quot;}\" rel=\"nofollow noopener\" target=\"_blank\"><br \/>\n                    Connectez-vous<br \/>\n                <\/a>\n            <\/p>\n","protected":false},"excerpt":{"rendered":"PALMAR\u00c8S EXCLUSIF \u2013 Nous avons class\u00e9 les maternit\u00e9s de Paris et sa r\u00e9gion selon une batterie de crit\u00e8res\u00a0:&hellip;\n","protected":false},"author":2,"featured_media":182813,"comment_status":"","ping_status":"","sticky":false,"template":"","format":"standard","meta":{"footnotes":""},"categories":[1592],"tags":[22544,1111,47,49,11,48,51,1777,674,54,1011,27,662,15761,12,626,52,25,41,50,53],"class_list":{"0":"post-182812","1":"post","2":"type-post","3":"status-publish","4":"format-standard","5":"has-post-thumbnail","7":"category-ile-de-france","8":"tag-accouchement","9":"tag-actu","10":"tag-actualite","11":"tag-actualite-scientifique","12":"tag-actualites","13":"tag-astronomie","14":"tag-ecologie","15":"tag-eu","16":"tag-europe","17":"tag-faune-et-flore","18":"tag-fr","19":"tag-france","20":"tag-ile-de-france","21":"tag-maternite","22":"tag-news","23":"tag-paris","24":"tag-planete","25":"tag-republique-francaise","26":"tag-sciences","27":"tag-sciences-humaines","28":"tag-zoologie"},"share_on_mastodon":{"url":"https:\/\/pubeurope.com\/@fr\/114697580357539041","error":""},"_links":{"self":[{"href":"https:\/\/www.europesays.com\/fr\/wp-json\/wp\/v2\/posts\/182812","targetHints":{"allow":["GET"]}}],"collection":[{"href":"https:\/\/www.europesays.com\/fr\/wp-json\/wp\/v2\/posts"}],"about":[{"href":"https:\/\/www.europesays.com\/fr\/wp-json\/wp\/v2\/types\/post"}],"author":[{"embeddable":true,"href":"https:\/\/www.europesays.com\/fr\/wp-json\/wp\/v2\/users\/2"}],"replies":[{"embeddable":true,"href":"https:\/\/www.europesays.com\/fr\/wp-json\/wp\/v2\/comments?post=182812"}],"version-history":[{"count":0,"href":"https:\/\/www.europesays.com\/fr\/wp-json\/wp\/v2\/posts\/182812\/revisions"}],"wp:featuredmedia":[{"embeddable":true,"href":"https:\/\/www.europesays.com\/fr\/wp-json\/wp\/v2\/media\/182813"}],"wp:attachment":[{"href":"https:\/\/www.europesays.com\/fr\/wp-json\/wp\/v2\/media?parent=182812"}],"wp:term":[{"taxonomy":"category","embeddable":true,"href":"https:\/\/www.europesays.com\/fr\/wp-json\/wp\/v2\/categories?post=182812"},{"taxonomy":"post_tag","embeddable":true,"href":"https:\/\/www.europesays.com\/fr\/wp-json\/wp\/v2\/tags?post=182812"}],"curies":[{"name":"wp","href":"https:\/\/api.w.org\/{rel}","templated":true}]}}