{"id":182814,"date":"2025-06-17T07:42:09","date_gmt":"2025-06-17T07:42:09","guid":{"rendered":"https:\/\/www.europesays.com\/fr\/182814\/"},"modified":"2025-06-17T07:42:09","modified_gmt":"2025-06-17T07:42:09","slug":"salon-du-bourget-nombreux-bouchons-et-circulation-tres-perturbee-ce-mardi-matin-en-ile-de-france","status":"publish","type":"post","link":"https:\/\/www.europesays.com\/fr\/182814\/","title":{"rendered":"Salon du\u00a0Bourget\u00a0: nombreux bouchons et circulation tr\u00e8s perturb\u00e9e ce mardi matin en \u00cele-de-France"},"content":{"rendered":"<p class=\"paragraph text_align_left\">La patience est de mise ce lundi matin pour les automobilistes franciliens. En raison notamment du <a href=\"https:\/\/www.leparisien.fr\/politique\/salon-du-bourget-des-stands-israeliens-darmement-interdits-dacces-sur-decision-du-gouvernement-francais-16-06-2025-2L7FRKCW65AR7D4WJYIZW4NTPU.php\" target=\"_self\" rel=\"nofollow noopener\">Salon international de l\u2019a\u00e9ronautique et de l\u2019espace du\u00a0Bourget<\/a>, qui a ouvert ses portes ce lundi 16\u00a0juin, de nombreux bouchons paralysent le nord de la capitale et la petite couronne.<\/p>\n<p class=\"paragraph text_align_left\">D\u2019apr\u00e8s le barom\u00e8tre en temps r\u00e9el de Sytadin, le cumul de bouchons atteignait d\u00e9j\u00e0 470\u00a0km \u00e0 9\u00a0heures, un niveau exceptionnellement \u00e9lev\u00e9, parmi les plus hauts enregistr\u00e9s cette ann\u00e9e. Le site du minist\u00e8re de la Transition \u00e9cologique indique par ailleurs que \u00ab\u00a0des difficult\u00e9s de circulation sont attendues sur l\u2019autoroute A1 et l\u2019A86 aux abords du salon, surtout aux heures de pointe\u00a0\u00bb, \u00e0 savoir entre 7h30 et 9h30 le matin, puis de 17\u00a0heures \u00e0 19\u00a0heures le soir.<\/p>\n<p>Le\u00a0Bourget et les bouchons, pas une premi\u00e8re<\/p>\n<p class=\"paragraph text_align_left\">Organis\u00e9 jusqu\u2019au dimanche 22\u00a0juin, l\u2019\u00e9v\u00e9nement attend plus de 300 000 visiteurs, dont 140 000 professionnels du secteur a\u00e9ronautique, venus du monde entier. Chaque \u00e9dition provoque des ralentissements notables. En 2019, lors de la derni\u00e8re \u00e9dition avant la pand\u00e9mie, <a href=\"https:\/\/www.leparisien.fr\/info-paris-ile-de-france-oise\/transports\/plus-de-500-km-de-bouchons-cumules-ce-matin-en-ile-de-france-20-06-2019-8097336.php\" target=\"_self\" rel=\"nofollow noopener\">des bouchons records avaient \u00e9t\u00e9 relev\u00e9s sur l\u2019A1<\/a>, avec parfois plus d\u2019une heure pour parcourir dix kilom\u00e8tres entre Paris et le parc des expositions.<\/p>\n<p class=\"paragraph text_align_left\">Les autorit\u00e9s recommandent donc vivement d\u2019\u00e9viter le secteur du\u00a0Bourget, ou de privil\u00e9gier les transports en commun, comme le RER\u00a0B, qui dessert directement le site du salon.<\/p>\n","protected":false},"excerpt":{"rendered":"La patience est de mise ce lundi matin pour les automobilistes franciliens. En raison notamment du Salon international&hellip;\n","protected":false},"author":2,"featured_media":182815,"comment_status":"","ping_status":"","sticky":false,"template":"","format":"standard","meta":{"footnotes":""},"categories":[1592],"tags":[1111,11,1777,674,1011,27,662,1944,12,626,25],"class_list":{"0":"post-182814","1":"post","2":"type-post","3":"status-publish","4":"format-standard","5":"has-post-thumbnail","7":"category-ile-de-france","8":"tag-actu","9":"tag-actualites","10":"tag-eu","11":"tag-europe","12":"tag-fr","13":"tag-france","14":"tag-ile-de-france","15":"tag-ma-ville","16":"tag-news","17":"tag-paris","18":"tag-republique-francaise"},"share_on_mastodon":{"url":"https:\/\/pubeurope.com\/@fr\/114697584301871206","error":""},"_links":{"self":[{"href":"https:\/\/www.europesays.com\/fr\/wp-json\/wp\/v2\/posts\/182814","targetHints":{"allow":["GET"]}}],"collection":[{"href":"https:\/\/www.europesays.com\/fr\/wp-json\/wp\/v2\/posts"}],"about":[{"href":"https:\/\/www.europesays.com\/fr\/wp-json\/wp\/v2\/types\/post"}],"author":[{"embeddable":true,"href":"https:\/\/www.europesays.com\/fr\/wp-json\/wp\/v2\/users\/2"}],"replies":[{"embeddable":true,"href":"https:\/\/www.europesays.com\/fr\/wp-json\/wp\/v2\/comments?post=182814"}],"version-history":[{"count":0,"href":"https:\/\/www.europesays.com\/fr\/wp-json\/wp\/v2\/posts\/182814\/revisions"}],"wp:featuredmedia":[{"embeddable":true,"href":"https:\/\/www.europesays.com\/fr\/wp-json\/wp\/v2\/media\/182815"}],"wp:attachment":[{"href":"https:\/\/www.europesays.com\/fr\/wp-json\/wp\/v2\/media?parent=182814"}],"wp:term":[{"taxonomy":"category","embeddable":true,"href":"https:\/\/www.europesays.com\/fr\/wp-json\/wp\/v2\/categories?post=182814"},{"taxonomy":"post_tag","embeddable":true,"href":"https:\/\/www.europesays.com\/fr\/wp-json\/wp\/v2\/tags?post=182814"}],"curies":[{"name":"wp","href":"https:\/\/api.w.org\/{rel}","templated":true}]}}