{"id":182816,"date":"2025-06-17T07:43:08","date_gmt":"2025-06-17T07:43:08","guid":{"rendered":"https:\/\/www.europesays.com\/fr\/182816\/"},"modified":"2025-06-17T07:43:08","modified_gmt":"2025-06-17T07:43:08","slug":"les-bouchons-saccumulent-la-circulation-tres-difficile-a-paris-et-en-ile-de-france","status":"publish","type":"post","link":"https:\/\/www.europesays.com\/fr\/182816\/","title":{"rendered":"les bouchons s&rsquo;accumulent, la circulation tr\u00e8s difficile \u00e0 Paris et en \u00cele-de-France"},"content":{"rendered":"<p>            Par<br \/>\n        <strong><br \/>\n            <a href=\"https:\/\/actu.fr\/auteur\/redaction-paris\" title=\"Consulter tous les articles de R\u00e9daction Paris\" target=\"_blank\" rel=\"noopener\">R\u00e9daction Paris<\/a><br \/>\n        <\/strong><\/p>\n<p>        Publi\u00e9 le<\/p>\n<p>            17 juin 2025 \u00e0 8h33        <\/p>\n<p>Nouvelle journ\u00e9e laborieuse sur les routes de Paris et d\u2019\u00cele-de-France. Ce mardi 17\u00a0juin 2025, <a href=\"https:\/\/actu.fr\/ile-de-france\/paris_75056\/bouchons-exceptionnels-sur-les-routes-de-paris-et-d-ile-de-france-la-circulation-saturee-ce-lundi-soir_62780498.html\" target=\"_blank\" rel=\"noopener\">comme hier<\/a>, la circulation est difficile et les bouchons particuli\u00e8rement \u00e9lev\u00e9s, notamment sur <a href=\"https:\/\/actu.fr\/tag\/autoroute-1-a1\" target=\"_blank\" rel=\"noopener\">l\u2019A1<\/a> et <a href=\"https:\/\/actu.fr\/tag\/autoroute-86-a86\" target=\"_blank\" rel=\"noopener\">l\u2019A86<\/a>.<\/p>\n<p>La zone du Salon \u00e0 \u00e9viter<\/p>\n<p class=\" wall-content\">\u00c0 en juger par le barom\u00e8tre de <a href=\"https:\/\/www.sytadin.fr\/\" target=\"_blank\" rel=\"noopener\">Sytadin.fr<\/a> qui enregistre les embouteillages, le cumul \u00e0 8h20 est de <strong>430 kilom\u00e8tres<\/strong>. Une donn\u00e9e bien au-dessus de celle enregistr\u00e9e lors d\u2019une journ\u00e9e o\u00f9 le trafic est fluide.<\/p>\n<p class=\" wall-content\">Alors qu\u2019est-ce qui perturbe la circulation\u2009? Le Salon international du Bourget, qui a lieu depuis le 16 et jusqu\u2019au 22\u00a0juin 2025. Toujours selon Sytadin.fr, \u00ab\u2009des <strong>difficult\u00e9s de circulation<\/strong> sont attendues sur <strong>l\u2019autoroute A1<\/strong> et <strong>A86 <\/strong>aux abords du Salon, surtout aux heures de pointe\u2009\u00bb. Il recommande aux automobilistes, dans la mesure du possible, d\u2019\u00e9viter le secteur \u00ab\u2009pendant la p\u00e9riode du salon dans la mesure du possible.\u2009\u00bb<\/p>\n<p class=\" wall-content\">D\u2019autres incidents peuvent <strong>localement ralentir<\/strong> le parcours\u2009:<\/p>\n<p class=\" wall-content\">\u2013 Travaux sur A86 ext\u00e9rieur de Gennevilliers (D19) vers Colombes (D106) chantier fixe<\/p>\n<p>Vid\u00e9os : en ce moment sur Actu<\/p>\n<p class=\" wall-content\">\u2013 Travaux sur D910 province-Paris de Pont de Sevres (N118xD910) vers BP St-Cloud (D910xBP) chantier fixe. Sur 3 voies, 1 voie ferm\u00e9e \u00e0 droite, bande d\u2019arr\u00eat d\u2019urgence ferm\u00e9e<\/p>\n<p class=\" wall-content\">\u2013 V\u00e9hicule l\u00e9ger en panne sur A1 Paris-province de BP Chapelle (A1xBP) vers Saint-Denis (N1). Sur 4 voies, 1 voie ferm\u00e9e \u00e0 droite<\/p>\n<p class=\" wall-content\">\u2013 Camionnette en panne sur A115 Paris-province. Sur 2 voies, 1 voie ferm\u00e9e \u00e0 droite, bande d\u2019arr\u00eat d\u2019urgence ferm\u00e9e<\/p>\n<p class=\" wall-content\">Suivez toute l\u2019actualit\u00e9 de vos villes et m\u00e9dias favoris en vous inscrivant \u00e0 <a href=\"https:\/\/moncompte.actu.fr\" title=\"D\u00e9couvez Mon Actu\" rel=\"nofollow noopener\" data-trk=\"{&quot;cta&quot;:{&quot;action&quot;:&quot;https:\\\/\\\/moncompte.actu.fr&quot;,&quot;category&quot;:&quot;mon compte&quot;,&quot;from&quot;:&quot;article footer&quot;,&quot;name&quot;:&quot;Mon actu&quot;,&quot;type&quot;:&quot;cta&quot;}}\" target=\"_blank\">Mon Actu<\/a>.<\/p>\n","protected":false},"excerpt":{"rendered":"Par R\u00e9daction Paris Publi\u00e9 le 17 juin 2025 \u00e0 8h33 Nouvelle journ\u00e9e laborieuse sur les routes de Paris&hellip;\n","protected":false},"author":2,"featured_media":182817,"comment_status":"","ping_status":"","sticky":false,"template":"","format":"standard","meta":{"footnotes":""},"categories":[1888],"tags":[1111,1928,11,1927,9904,15565,3542,1777,674,1011,27,12,1926,626,1925,25,104],"class_list":{"0":"post-182816","1":"post","2":"type-post","3":"status-publish","4":"format-standard","5":"has-post-thumbnail","7":"category-paris","8":"tag-actu","9":"tag-actu-paris","10":"tag-actualites","11":"tag-actualites-paris","12":"tag-autoroute-1-a1","13":"tag-autoroute-86-a86","14":"tag-circulation","15":"tag-eu","16":"tag-europe","17":"tag-fr","18":"tag-france","19":"tag-news","20":"tag-news-paris","21":"tag-paris","22":"tag-paris-news","23":"tag-republique-francaise","24":"tag-societe"},"share_on_mastodon":{"url":"https:\/\/pubeurope.com\/@fr\/114697588445809652","error":""},"_links":{"self":[{"href":"https:\/\/www.europesays.com\/fr\/wp-json\/wp\/v2\/posts\/182816","targetHints":{"allow":["GET"]}}],"collection":[{"href":"https:\/\/www.europesays.com\/fr\/wp-json\/wp\/v2\/posts"}],"about":[{"href":"https:\/\/www.europesays.com\/fr\/wp-json\/wp\/v2\/types\/post"}],"author":[{"embeddable":true,"href":"https:\/\/www.europesays.com\/fr\/wp-json\/wp\/v2\/users\/2"}],"replies":[{"embeddable":true,"href":"https:\/\/www.europesays.com\/fr\/wp-json\/wp\/v2\/comments?post=182816"}],"version-history":[{"count":0,"href":"https:\/\/www.europesays.com\/fr\/wp-json\/wp\/v2\/posts\/182816\/revisions"}],"wp:featuredmedia":[{"embeddable":true,"href":"https:\/\/www.europesays.com\/fr\/wp-json\/wp\/v2\/media\/182817"}],"wp:attachment":[{"href":"https:\/\/www.europesays.com\/fr\/wp-json\/wp\/v2\/media?parent=182816"}],"wp:term":[{"taxonomy":"category","embeddable":true,"href":"https:\/\/www.europesays.com\/fr\/wp-json\/wp\/v2\/categories?post=182816"},{"taxonomy":"post_tag","embeddable":true,"href":"https:\/\/www.europesays.com\/fr\/wp-json\/wp\/v2\/tags?post=182816"}],"curies":[{"name":"wp","href":"https:\/\/api.w.org\/{rel}","templated":true}]}}